{"id":9487,"date":"2019-01-17T14:51:13","date_gmt":"2019-01-17T13:51:13","guid":{"rendered":"https:\/\/www.empirica-systeme.de\/2019\/01\/17\/empirica-immobilienpreisindex-iv-2018\/"},"modified":"2021-04-20T22:35:46","modified_gmt":"2021-04-20T20:35:46","slug":"empirica-immobilienpreisindex-iv-2018","status":"publish","type":"post","link":"https:\/\/www.value-marktdaten.de\/en\/2019\/01\/17\/empirica-immobilienpreisindex-iv-2018\/","title":{"rendered":"empirica-Immobilienpreisindex IV\/2018"},"content":{"rendered":"<p>Der <a href=\"https:\/\/www.empirica-institut.de\/nc\/nachrichten\/details\/nachricht\/empirica-immobilienpreisindex-iv2018\/\" target=\"_blank\" rel=\"noopener\">empirica-Immobilienpreisindex f\u00fcr das 4. Quartal 2018<\/a> liegt jetzt vor. Preise f\u00fcr Eigentumswohnungen sind nochmals stark gestiegen. Auch die Mietpreise stiegen im vergangenen Jahr weiter, aber nicht mehr so stark wie in den Vorjahren. Am deutlichsten stiegen in 2018 aber die Kaufpreise f\u00fcr Einfamilienh\u00e4user. Mit 9,1% (VJ. 8,3%) haben die Preise erstmal seit der Finanzkrise st\u00e4rker zugelegt, als die Preise f\u00fcr Wohnungen. empirica erwartet f\u00fcr das laufende Jahr eine weitere Preissteigerung in diesem Segment, auch bedingt durch das neue Baukindergeld.<\/p>\n<figure id=\"attachment_9477\" aria-describedby=\"caption-attachment-9477\" style=\"width: 648px\" class=\"wp-caption alignnone\"><img loading=\"lazy\" decoding=\"async\" class=\"size-large wp-image-9477\" src=\"https:\/\/www.value-marktdaten.de\/wp-content\/uploads\/2019\/01\/empirica-Immobilienpreisindex_42018-1024x352.png\" alt=\"\" width=\"648\" height=\"223\" \/><figcaption id=\"caption-attachment-9477\" class=\"wp-caption-text\">J\u00e4hrliche Preissteigerungsrate in den Top-7-St\u00e4dten 2005 bis 2018 f\u00fcr alle Baujahre (Quelle: empirica ag 2018)<\/figcaption><\/figure>\n<p>Weitere Informationen zum aktuellen Immobilienpreisindex erhalten Sie unter <a href=\"https:\/\/www.empirica-institut.de\/\" target=\"_blank\" rel=\"noopener\">empirica.de<\/a> oder in der heutigen <a href=\"https:\/\/www.faz.net\/aktuell\/wirtschaft\/wohnen\/immobilienmarkt-die-mieten-steigen-weiter-15992409.html\" target=\"_blank\" rel=\"noopener\">FAZ<\/a><\/p>\n","protected":false},"excerpt":{"rendered":"<p>Der empirica-Immobilienpreisindex f\u00fcr das 4. Quartal 2018 liegt jetzt vor. Preise f\u00fcr Eigentumswohnungen sind nochmals stark gestiegen. Auch die Mietpreise stiegen im vergangenen Jahr weiter, aber nicht mehr so stark wie in den Vorjahren. Am deutlichsten stiegen in 2018 aber die Kaufpreise f\u00fcr Einfamilienh\u00e4user. Mit 9,1% (VJ. 8,3%) haben die Preise erstmal seit der Finanzkrise&hellip;<\/p>\n","protected":false},"author":2,"featured_media":0,"comment_status":"closed","ping_status":"closed","sticky":false,"template":"","format":"standard","meta":{"footnotes":""},"categories":[281,276,220,224],"tags":[284,326,288,295,285,267],"class_list":["post-9487","post","type-post","status-publish","format-standard","hentry","category-empirica-immobilienpreisindex-en","category-unsere-kunden-en","category-presse-en","category-empirica-systeme-immobilienmarktdaten-en","tag-empirica-en","tag-faz-en","tag-immobilienmarkt-deutschland-en","tag-immobilienpreisdaten-en","tag-immobilienpreisentwicklung-en","tag-mietpreisentwicklung-en"],"yoast_head":"<!-- This site is optimized with the Yoast SEO plugin v27.5 - https:\/\/yoast.com\/product\/yoast-seo-wordpress\/ -->\n<title>empirica-Immobilienpreisindex IV\/2018 - Value AG the valuation group<\/title>\n<meta name=\"robots\" content=\"index, follow, max-snippet:-1, max-image-preview:large, max-video-preview:-1\" \/>\n<link rel=\"canonical\" href=\"https:\/\/www.value-marktdaten.de\/en\/2019\/01\/17\/empirica-immobilienpreisindex-iv-2018\/\" \/>\n<meta property=\"og:locale\" content=\"en_US\" \/>\n<meta property=\"og:type\" content=\"article\" \/>\n<meta property=\"og:title\" content=\"empirica-Immobilienpreisindex IV\/2018 - Value AG the valuation group\" \/>\n<meta property=\"og:description\" content=\"Der empirica-Immobilienpreisindex f\u00fcr das 4. Quartal 2018 liegt jetzt vor. Preise f\u00fcr Eigentumswohnungen sind nochmals stark gestiegen. Auch die Mietpreise stiegen im vergangenen Jahr weiter, aber nicht mehr so stark wie in den Vorjahren. Am deutlichsten stiegen in 2018 aber die Kaufpreise f\u00fcr Einfamilienh\u00e4user. Mit 9,1% (VJ. 8,3%) haben die Preise erstmal seit der Finanzkrise&hellip;\" \/>\n<meta property=\"og:url\" content=\"https:\/\/www.value-marktdaten.de\/en\/2019\/01\/17\/empirica-immobilienpreisindex-iv-2018\/\" \/>\n<meta property=\"og:site_name\" content=\"Value AG the valuation group\" \/>\n<meta property=\"article:published_time\" content=\"2019-01-17T13:51:13+00:00\" \/>\n<meta property=\"article:modified_time\" content=\"2021-04-20T20:35:46+00:00\" \/>\n<meta property=\"og:image\" content=\"https:\/\/www.value-marktdaten.de\/wp-content\/uploads\/2019\/01\/empirica-Immobilienpreisindex_42018-1024x352.png\" \/>\n<meta name=\"author\" content=\"Sebastian Hein\" \/>\n<meta name=\"twitter:card\" content=\"summary_large_image\" \/>\n<meta name=\"twitter:creator\" content=\"@empiricaSysteme\" \/>\n<meta name=\"twitter:site\" content=\"@empiricaSysteme\" \/>\n<meta name=\"twitter:label1\" content=\"Written by\" \/>\n\t<meta name=\"twitter:data1\" content=\"Sebastian Hein\" \/>\n\t<meta name=\"twitter:label2\" content=\"Est. reading time\" \/>\n\t<meta name=\"twitter:data2\" content=\"1 minute\" \/>\n<script type=\"application\/ld+json\" class=\"yoast-schema-graph\">{\"@context\":\"https:\\\/\\\/schema.org\",\"@graph\":[{\"@type\":\"Article\",\"@id\":\"https:\\\/\\\/www.value-marktdaten.de\\\/en\\\/2019\\\/01\\\/17\\\/empirica-immobilienpreisindex-iv-2018\\\/#article\",\"isPartOf\":{\"@id\":\"https:\\\/\\\/www.value-marktdaten.de\\\/en\\\/2019\\\/01\\\/17\\\/empirica-immobilienpreisindex-iv-2018\\\/\"},\"author\":{\"name\":\"Sebastian Hein\",\"@id\":\"https:\\\/\\\/www.value-marktdaten.de\\\/en\\\/#\\\/schema\\\/person\\\/02906812716f6be89d34952959021b7a\"},\"headline\":\"empirica-Immobilienpreisindex IV\\\/2018\",\"datePublished\":\"2019-01-17T13:51:13+00:00\",\"dateModified\":\"2021-04-20T20:35:46+00:00\",\"mainEntityOfPage\":{\"@id\":\"https:\\\/\\\/www.value-marktdaten.de\\\/en\\\/2019\\\/01\\\/17\\\/empirica-immobilienpreisindex-iv-2018\\\/\"},\"wordCount\":122,\"publisher\":{\"@id\":\"https:\\\/\\\/www.value-marktdaten.de\\\/en\\\/#organization\"},\"image\":{\"@id\":\"https:\\\/\\\/www.value-marktdaten.de\\\/en\\\/2019\\\/01\\\/17\\\/empirica-immobilienpreisindex-iv-2018\\\/#primaryimage\"},\"thumbnailUrl\":\"https:\\\/\\\/www.value-marktdaten.de\\\/wp-content\\\/uploads\\\/2019\\\/01\\\/empirica-Immobilienpreisindex_42018-1024x352.png\",\"keywords\":[\"empirica\",\"FAZ\",\"Immobilienmarkt Deutschland\",\"Immobilienpreisdaten\",\"Immobilienpreisentwicklung\",\"Mietpreisentwicklung\"],\"articleSection\":[\"empirica-Property-Index\",\"our customers\",\"Press\",\"Real Estate Market Data\"],\"inLanguage\":\"en-US\"},{\"@type\":\"WebPage\",\"@id\":\"https:\\\/\\\/www.value-marktdaten.de\\\/en\\\/2019\\\/01\\\/17\\\/empirica-immobilienpreisindex-iv-2018\\\/\",\"url\":\"https:\\\/\\\/www.value-marktdaten.de\\\/en\\\/2019\\\/01\\\/17\\\/empirica-immobilienpreisindex-iv-2018\\\/\",\"name\":\"empirica-Immobilienpreisindex IV\\\/2018 - Value AG the valuation group\",\"isPartOf\":{\"@id\":\"https:\\\/\\\/www.value-marktdaten.de\\\/en\\\/#website\"},\"primaryImageOfPage\":{\"@id\":\"https:\\\/\\\/www.value-marktdaten.de\\\/en\\\/2019\\\/01\\\/17\\\/empirica-immobilienpreisindex-iv-2018\\\/#primaryimage\"},\"image\":{\"@id\":\"https:\\\/\\\/www.value-marktdaten.de\\\/en\\\/2019\\\/01\\\/17\\\/empirica-immobilienpreisindex-iv-2018\\\/#primaryimage\"},\"thumbnailUrl\":\"https:\\\/\\\/www.value-marktdaten.de\\\/wp-content\\\/uploads\\\/2019\\\/01\\\/empirica-Immobilienpreisindex_42018-1024x352.png\",\"datePublished\":\"2019-01-17T13:51:13+00:00\",\"dateModified\":\"2021-04-20T20:35:46+00:00\",\"breadcrumb\":{\"@id\":\"https:\\\/\\\/www.value-marktdaten.de\\\/en\\\/2019\\\/01\\\/17\\\/empirica-immobilienpreisindex-iv-2018\\\/#breadcrumb\"},\"inLanguage\":\"en-US\",\"potentialAction\":[{\"@type\":\"ReadAction\",\"target\":[\"https:\\\/\\\/www.value-marktdaten.de\\\/en\\\/2019\\\/01\\\/17\\\/empirica-immobilienpreisindex-iv-2018\\\/\"]}]},{\"@type\":\"ImageObject\",\"inLanguage\":\"en-US\",\"@id\":\"https:\\\/\\\/www.value-marktdaten.de\\\/en\\\/2019\\\/01\\\/17\\\/empirica-immobilienpreisindex-iv-2018\\\/#primaryimage\",\"url\":\"https:\\\/\\\/www.value-marktdaten.de\\\/wp-content\\\/uploads\\\/2019\\\/01\\\/empirica-Immobilienpreisindex_42018-1024x352.png\",\"contentUrl\":\"https:\\\/\\\/www.value-marktdaten.de\\\/wp-content\\\/uploads\\\/2019\\\/01\\\/empirica-Immobilienpreisindex_42018-1024x352.png\"},{\"@type\":\"BreadcrumbList\",\"@id\":\"https:\\\/\\\/www.value-marktdaten.de\\\/en\\\/2019\\\/01\\\/17\\\/empirica-immobilienpreisindex-iv-2018\\\/#breadcrumb\",\"itemListElement\":[{\"@type\":\"ListItem\",\"position\":1,\"name\":\"Startseite\",\"item\":\"https:\\\/\\\/www.value-marktdaten.de\\\/en\\\/\"},{\"@type\":\"ListItem\",\"position\":2,\"name\":\"empirica-Immobilienpreisindex IV\\\/2018\"}]},{\"@type\":\"WebSite\",\"@id\":\"https:\\\/\\\/www.value-marktdaten.de\\\/en\\\/#website\",\"url\":\"https:\\\/\\\/www.value-marktdaten.de\\\/en\\\/\",\"name\":\"Value AG the valuation group\",\"description\":\"Immobilienmarktdaten f\u00fcr Deutschland\",\"publisher\":{\"@id\":\"https:\\\/\\\/www.value-marktdaten.de\\\/en\\\/#organization\"},\"potentialAction\":[{\"@type\":\"SearchAction\",\"target\":{\"@type\":\"EntryPoint\",\"urlTemplate\":\"https:\\\/\\\/www.value-marktdaten.de\\\/en\\\/?s={search_term_string}\"},\"query-input\":{\"@type\":\"PropertyValueSpecification\",\"valueRequired\":true,\"valueName\":\"search_term_string\"}}],\"inLanguage\":\"en-US\"},{\"@type\":\"Organization\",\"@id\":\"https:\\\/\\\/www.value-marktdaten.de\\\/en\\\/#organization\",\"name\":\"Value AG the valuation group\",\"url\":\"https:\\\/\\\/www.value-marktdaten.de\\\/en\\\/\",\"logo\":{\"@type\":\"ImageObject\",\"inLanguage\":\"en-US\",\"@id\":\"https:\\\/\\\/www.value-marktdaten.de\\\/en\\\/#\\\/schema\\\/logo\\\/image\\\/\",\"url\":\"\",\"contentUrl\":\"\",\"caption\":\"Value AG the valuation group\"},\"image\":{\"@id\":\"https:\\\/\\\/www.value-marktdaten.de\\\/en\\\/#\\\/schema\\\/logo\\\/image\\\/\"},\"sameAs\":[\"https:\\\/\\\/x.com\\\/empiricaSysteme\",\"https:\\\/\\\/www.linkedin.com\\\/company\\\/empirica-systeme-gmbh\"]},{\"@type\":\"Person\",\"@id\":\"https:\\\/\\\/www.value-marktdaten.de\\\/en\\\/#\\\/schema\\\/person\\\/02906812716f6be89d34952959021b7a\",\"name\":\"Sebastian Hein\",\"image\":{\"@type\":\"ImageObject\",\"inLanguage\":\"en-US\",\"@id\":\"https:\\\/\\\/secure.gravatar.com\\\/avatar\\\/190c7e8b36fd4b4580e0d4223074c6f628e7f727dc0c703db0a1ad915ca40898?s=96&d=mm&r=g\",\"url\":\"https:\\\/\\\/secure.gravatar.com\\\/avatar\\\/190c7e8b36fd4b4580e0d4223074c6f628e7f727dc0c703db0a1ad915ca40898?s=96&d=mm&r=g\",\"contentUrl\":\"https:\\\/\\\/secure.gravatar.com\\\/avatar\\\/190c7e8b36fd4b4580e0d4223074c6f628e7f727dc0c703db0a1ad915ca40898?s=96&d=mm&r=g\",\"caption\":\"Sebastian Hein\"},\"sameAs\":[\"http:\\\/\\\/www.value-marktdaten.de\"],\"url\":\"https:\\\/\\\/www.value-marktdaten.de\\\/en\\\/author\\\/sebastian-hein\\\/\"}]}<\/script>\n<!-- \/ Yoast SEO plugin. -->","yoast_head_json":{"title":"empirica-Immobilienpreisindex IV\/2018 - Value AG the valuation group","robots":{"index":"index","follow":"follow","max-snippet":"max-snippet:-1","max-image-preview":"max-image-preview:large","max-video-preview":"max-video-preview:-1"},"canonical":"https:\/\/www.value-marktdaten.de\/en\/2019\/01\/17\/empirica-immobilienpreisindex-iv-2018\/","og_locale":"en_US","og_type":"article","og_title":"empirica-Immobilienpreisindex IV\/2018 - Value AG the valuation group","og_description":"Der empirica-Immobilienpreisindex f\u00fcr das 4. Quartal 2018 liegt jetzt vor. Preise f\u00fcr Eigentumswohnungen sind nochmals stark gestiegen. Auch die Mietpreise stiegen im vergangenen Jahr weiter, aber nicht mehr so stark wie in den Vorjahren. Am deutlichsten stiegen in 2018 aber die Kaufpreise f\u00fcr Einfamilienh\u00e4user. Mit 9,1% (VJ. 8,3%) haben die Preise erstmal seit der Finanzkrise&hellip;","og_url":"https:\/\/www.value-marktdaten.de\/en\/2019\/01\/17\/empirica-immobilienpreisindex-iv-2018\/","og_site_name":"Value AG the valuation group","article_published_time":"2019-01-17T13:51:13+00:00","article_modified_time":"2021-04-20T20:35:46+00:00","og_image":[{"url":"https:\/\/www.value-marktdaten.de\/wp-content\/uploads\/2019\/01\/empirica-Immobilienpreisindex_42018-1024x352.png","type":"","width":"","height":""}],"author":"Sebastian Hein","twitter_card":"summary_large_image","twitter_creator":"@empiricaSysteme","twitter_site":"@empiricaSysteme","twitter_misc":{"Written by":"Sebastian Hein","Est. reading time":"1 minute"},"schema":{"@context":"https:\/\/schema.org","@graph":[{"@type":"Article","@id":"https:\/\/www.value-marktdaten.de\/en\/2019\/01\/17\/empirica-immobilienpreisindex-iv-2018\/#article","isPartOf":{"@id":"https:\/\/www.value-marktdaten.de\/en\/2019\/01\/17\/empirica-immobilienpreisindex-iv-2018\/"},"author":{"name":"Sebastian Hein","@id":"https:\/\/www.value-marktdaten.de\/en\/#\/schema\/person\/02906812716f6be89d34952959021b7a"},"headline":"empirica-Immobilienpreisindex IV\/2018","datePublished":"2019-01-17T13:51:13+00:00","dateModified":"2021-04-20T20:35:46+00:00","mainEntityOfPage":{"@id":"https:\/\/www.value-marktdaten.de\/en\/2019\/01\/17\/empirica-immobilienpreisindex-iv-2018\/"},"wordCount":122,"publisher":{"@id":"https:\/\/www.value-marktdaten.de\/en\/#organization"},"image":{"@id":"https:\/\/www.value-marktdaten.de\/en\/2019\/01\/17\/empirica-immobilienpreisindex-iv-2018\/#primaryimage"},"thumbnailUrl":"https:\/\/www.value-marktdaten.de\/wp-content\/uploads\/2019\/01\/empirica-Immobilienpreisindex_42018-1024x352.png","keywords":["empirica","FAZ","Immobilienmarkt Deutschland","Immobilienpreisdaten","Immobilienpreisentwicklung","Mietpreisentwicklung"],"articleSection":["empirica-Property-Index","our customers","Press","Real Estate Market Data"],"inLanguage":"en-US"},{"@type":"WebPage","@id":"https:\/\/www.value-marktdaten.de\/en\/2019\/01\/17\/empirica-immobilienpreisindex-iv-2018\/","url":"https:\/\/www.value-marktdaten.de\/en\/2019\/01\/17\/empirica-immobilienpreisindex-iv-2018\/","name":"empirica-Immobilienpreisindex IV\/2018 - Value AG the valuation group","isPartOf":{"@id":"https:\/\/www.value-marktdaten.de\/en\/#website"},"primaryImageOfPage":{"@id":"https:\/\/www.value-marktdaten.de\/en\/2019\/01\/17\/empirica-immobilienpreisindex-iv-2018\/#primaryimage"},"image":{"@id":"https:\/\/www.value-marktdaten.de\/en\/2019\/01\/17\/empirica-immobilienpreisindex-iv-2018\/#primaryimage"},"thumbnailUrl":"https:\/\/www.value-marktdaten.de\/wp-content\/uploads\/2019\/01\/empirica-Immobilienpreisindex_42018-1024x352.png","datePublished":"2019-01-17T13:51:13+00:00","dateModified":"2021-04-20T20:35:46+00:00","breadcrumb":{"@id":"https:\/\/www.value-marktdaten.de\/en\/2019\/01\/17\/empirica-immobilienpreisindex-iv-2018\/#breadcrumb"},"inLanguage":"en-US","potentialAction":[{"@type":"ReadAction","target":["https:\/\/www.value-marktdaten.de\/en\/2019\/01\/17\/empirica-immobilienpreisindex-iv-2018\/"]}]},{"@type":"ImageObject","inLanguage":"en-US","@id":"https:\/\/www.value-marktdaten.de\/en\/2019\/01\/17\/empirica-immobilienpreisindex-iv-2018\/#primaryimage","url":"https:\/\/www.value-marktdaten.de\/wp-content\/uploads\/2019\/01\/empirica-Immobilienpreisindex_42018-1024x352.png","contentUrl":"https:\/\/www.value-marktdaten.de\/wp-content\/uploads\/2019\/01\/empirica-Immobilienpreisindex_42018-1024x352.png"},{"@type":"BreadcrumbList","@id":"https:\/\/www.value-marktdaten.de\/en\/2019\/01\/17\/empirica-immobilienpreisindex-iv-2018\/#breadcrumb","itemListElement":[{"@type":"ListItem","position":1,"name":"Startseite","item":"https:\/\/www.value-marktdaten.de\/en\/"},{"@type":"ListItem","position":2,"name":"empirica-Immobilienpreisindex IV\/2018"}]},{"@type":"WebSite","@id":"https:\/\/www.value-marktdaten.de\/en\/#website","url":"https:\/\/www.value-marktdaten.de\/en\/","name":"Value AG the valuation group","description":"Immobilienmarktdaten f\u00fcr Deutschland","publisher":{"@id":"https:\/\/www.value-marktdaten.de\/en\/#organization"},"potentialAction":[{"@type":"SearchAction","target":{"@type":"EntryPoint","urlTemplate":"https:\/\/www.value-marktdaten.de\/en\/?s={search_term_string}"},"query-input":{"@type":"PropertyValueSpecification","valueRequired":true,"valueName":"search_term_string"}}],"inLanguage":"en-US"},{"@type":"Organization","@id":"https:\/\/www.value-marktdaten.de\/en\/#organization","name":"Value AG the valuation group","url":"https:\/\/www.value-marktdaten.de\/en\/","logo":{"@type":"ImageObject","inLanguage":"en-US","@id":"https:\/\/www.value-marktdaten.de\/en\/#\/schema\/logo\/image\/","url":"","contentUrl":"","caption":"Value AG the valuation group"},"image":{"@id":"https:\/\/www.value-marktdaten.de\/en\/#\/schema\/logo\/image\/"},"sameAs":["https:\/\/x.com\/empiricaSysteme","https:\/\/www.linkedin.com\/company\/empirica-systeme-gmbh"]},{"@type":"Person","@id":"https:\/\/www.value-marktdaten.de\/en\/#\/schema\/person\/02906812716f6be89d34952959021b7a","name":"Sebastian Hein","image":{"@type":"ImageObject","inLanguage":"en-US","@id":"https:\/\/secure.gravatar.com\/avatar\/190c7e8b36fd4b4580e0d4223074c6f628e7f727dc0c703db0a1ad915ca40898?s=96&d=mm&r=g","url":"https:\/\/secure.gravatar.com\/avatar\/190c7e8b36fd4b4580e0d4223074c6f628e7f727dc0c703db0a1ad915ca40898?s=96&d=mm&r=g","contentUrl":"https:\/\/secure.gravatar.com\/avatar\/190c7e8b36fd4b4580e0d4223074c6f628e7f727dc0c703db0a1ad915ca40898?s=96&d=mm&r=g","caption":"Sebastian Hein"},"sameAs":["http:\/\/www.value-marktdaten.de"],"url":"https:\/\/www.value-marktdaten.de\/en\/author\/sebastian-hein\/"}]}},"_links":{"self":[{"href":"https:\/\/www.value-marktdaten.de\/en\/wp-json\/wp\/v2\/posts\/9487","targetHints":{"allow":["GET"]}}],"collection":[{"href":"https:\/\/www.value-marktdaten.de\/en\/wp-json\/wp\/v2\/posts"}],"about":[{"href":"https:\/\/www.value-marktdaten.de\/en\/wp-json\/wp\/v2\/types\/post"}],"author":[{"embeddable":true,"href":"https:\/\/www.value-marktdaten.de\/en\/wp-json\/wp\/v2\/users\/2"}],"replies":[{"embeddable":true,"href":"https:\/\/www.value-marktdaten.de\/en\/wp-json\/wp\/v2\/comments?post=9487"}],"version-history":[{"count":1,"href":"https:\/\/www.value-marktdaten.de\/en\/wp-json\/wp\/v2\/posts\/9487\/revisions"}],"predecessor-version":[{"id":33283,"href":"https:\/\/www.value-marktdaten.de\/en\/wp-json\/wp\/v2\/posts\/9487\/revisions\/33283"}],"wp:attachment":[{"href":"https:\/\/www.value-marktdaten.de\/en\/wp-json\/wp\/v2\/media?parent=9487"}],"wp:term":[{"taxonomy":"category","embeddable":true,"href":"https:\/\/www.value-marktdaten.de\/en\/wp-json\/wp\/v2\/categories?post=9487"},{"taxonomy":"post_tag","embeddable":true,"href":"https:\/\/www.value-marktdaten.de\/en\/wp-json\/wp\/v2\/tags?post=9487"}],"curies":[{"name":"wp","href":"https:\/\/api.w.org\/{rel}","templated":true}]}}