{"id":83571,"date":"2024-09-02T09:01:16","date_gmt":"2024-09-02T07:01:16","guid":{"rendered":"https:\/\/www.value-marktdaten.de\/?p=83571"},"modified":"2024-10-07T09:22:47","modified_gmt":"2024-10-07T07:22:47","slug":"medienecho-value-marktdaten-in-tagesschau-und-zeit","status":"publish","type":"post","link":"https:\/\/www.value-marktdaten.de\/en\/2024\/09\/02\/medienecho-value-marktdaten-in-tagesschau-und-zeit\/","title":{"rendered":"Medienecho: Value Marktdaten in Tagesschau und Zeit"},"content":{"rendered":"<p>Nach unserer Sommerpause m\u00f6chten wir an dieser Stelle noch auf ein Medien-Echo hinweisen<\/p>\n<p>VALUE Marktdaten in der Tagesschau und in ZEIT ONLINE. Die Teams von Norddeutscher Rundfunk Data und ZEIT ONLINE Data haben die Zensusmieten mit den Neuvertragsmieten aus unserer Immobilienmarktdatenbank verglichen und die Diskrepanzen bundesweit abgeglichen und visualisiert.<\/p>\n<p>-Was die Auswertungen zeigen: &#8220;Umziehen wird immer teurer&#8221;. U.a. deswegen gehen wir ja auch von steigenden Kaufpreisen aus, denn die langfristige Planbarkeit zuk\u00fcnftiger Mietkosten ist angesichts der sich zuspitzenden Angebotssituation an den Wohnungsm\u00e4rkten kaum mehr m\u00f6glich und l\u00e4sst die Nachfrager:innen anders kalkulieren.<\/p>\n<p>-Den Aufmacher der Tagesschau &#8220;In vielen St\u00e4dten wird die Mietpreisbremse umgangen&#8221; teilen wir aber nicht, denn die Unterschiede von Bestandsmieten zu Neuvertragsmieten sagen nichts \u00fcber die Einhaltung der Mietpreisbremse im technischen Sinne aus. Warum das so ist, l\u00e4sst sich z.B. hier: <a href=\"https:\/\/link.springer.com\/article\/10.1365\/s41056-019-00032-1\">Paper (Dr. Lorenz Thomschke)<\/a> oder auch hier: <a href=\"https:\/\/www.empirica-institut.de\/fileadmin\/Redaktion\/Publikationen_Referenzen\/PDFs\/empi240.pdf\">empirica-Paper (Hein, Thomschke)<\/a> nachlesen. Von den \u00fcbrigen methodischen Diskussionen zu den Datengrundlagen abgesehen, h\u00e4tte uns hier auch eine weitere Dimension zu den Gr\u00fcnden der Diskrepanzen gefreut -n\u00e4mlich der (Bestands-)Mieterschutz.<\/p>\n<p>-Nichtsdestotrotz geben die beiden Artikel einen tiefen Einblick in die Verh\u00e4ltnisse auf den Mietm\u00e4rkten und wir freuen uns, dass mit der Daten-Visualisierung der beiden Redaktionen viele Mieter:innen neben den Mietspiegel auch mal eine weitere Datenbasis an die Hand bekommen, um sich einen \u00dcberblick \u00fcber die Situation an den Mietm\u00e4rkten verschaffen k\u00f6nnen. Sozusagen als Faktencheck.<\/p>\n<p>Zu den Beitr\u00e4gen geht es hier:<\/p>\n<p><span class=\"break-words tvm-parent-container\"><span dir=\"ltr\"><br \/>\n\ud83d\udc49 <a class=\"app-aware-link \" href=\"https:\/\/lnkd.in\/gpn5x7rN\" target=\"_blank\" rel=\"noopener\" data-test-app-aware-link=\"\">Tagesschau<\/a><\/span><\/span><\/p>\n<p>\ud83d\udc49 <a class=\"app-aware-link \" href=\"https:\/\/lnkd.in\/gG-K-QwF\" data-test-app-aware-link=\"\">Zeit Online<\/a><\/p>\n<p>Allen die es noch vor sich haben, w\u00fcnschen wir einen sch\u00f6nen und erholsamen Urlaub!<\/p>\n","protected":false},"excerpt":{"rendered":"<p>Nach unserer Sommerpause m\u00f6chten wir an dieser Stelle noch auf ein Medien-Echo hinweisen VALUE Marktdaten in der Tagesschau und in ZEIT ONLINE. Die Teams von Norddeutscher Rundfunk Data und ZEIT ONLINE Data haben die Zensusmieten mit den Neuvertragsmieten aus unserer Immobilienmarktdatenbank verglichen und die Diskrepanzen bundesweit abgeglichen und visualisiert. -Was die Auswertungen zeigen: &#8220;Umziehen wird&hellip;<\/p>\n","protected":false},"author":2,"featured_media":0,"comment_status":"closed","ping_status":"closed","sticky":false,"template":"","format":"standard","meta":{"footnotes":""},"categories":[89,108],"tags":[20,5,66,182,327],"class_list":["post-83571","post","type-post","status-publish","format-standard","hentry","category-empirica-systeme-immobilienmarktdaten","category-presse","tag-angebotsmieten","tag-immobilienpreisdaten","tag-mietpreisbremse","tag-tagesschau","tag-zeit"],"yoast_head":"<!-- This site is optimized with the Yoast SEO plugin v27.5 - https:\/\/yoast.com\/product\/yoast-seo-wordpress\/ -->\n<title>Medienecho: Value Marktdaten in Tagesschau und Zeit - Value AG the valuation group<\/title>\n<meta name=\"robots\" content=\"index, follow, max-snippet:-1, max-image-preview:large, max-video-preview:-1\" \/>\n<link rel=\"canonical\" href=\"https:\/\/www.value-marktdaten.de\/en\/2024\/09\/02\/medienecho-value-marktdaten-in-tagesschau-und-zeit\/\" \/>\n<meta property=\"og:locale\" content=\"en_US\" \/>\n<meta property=\"og:type\" content=\"article\" \/>\n<meta property=\"og:title\" content=\"Medienecho: Value Marktdaten in Tagesschau und Zeit - Value AG the valuation group\" \/>\n<meta property=\"og:description\" content=\"Nach unserer Sommerpause m\u00f6chten wir an dieser Stelle noch auf ein Medien-Echo hinweisen VALUE Marktdaten in der Tagesschau und in ZEIT ONLINE. Die Teams von Norddeutscher Rundfunk Data und ZEIT ONLINE Data haben die Zensusmieten mit den Neuvertragsmieten aus unserer Immobilienmarktdatenbank verglichen und die Diskrepanzen bundesweit abgeglichen und visualisiert. -Was die Auswertungen zeigen: &#8220;Umziehen wird&hellip;\" \/>\n<meta property=\"og:url\" content=\"https:\/\/www.value-marktdaten.de\/en\/2024\/09\/02\/medienecho-value-marktdaten-in-tagesschau-und-zeit\/\" \/>\n<meta property=\"og:site_name\" content=\"Value AG the valuation group\" \/>\n<meta property=\"article:published_time\" content=\"2024-09-02T07:01:16+00:00\" \/>\n<meta property=\"article:modified_time\" content=\"2024-10-07T07:22:47+00:00\" \/>\n<meta name=\"author\" content=\"Sebastian Hein\" \/>\n<meta name=\"twitter:card\" content=\"summary_large_image\" \/>\n<meta name=\"twitter:creator\" content=\"@empiricaSysteme\" \/>\n<meta name=\"twitter:site\" content=\"@empiricaSysteme\" \/>\n<meta name=\"twitter:label1\" content=\"Written by\" \/>\n\t<meta name=\"twitter:data1\" content=\"Sebastian Hein\" \/>\n\t<meta name=\"twitter:label2\" content=\"Est. reading time\" \/>\n\t<meta name=\"twitter:data2\" content=\"2 minutes\" \/>\n<script type=\"application\/ld+json\" class=\"yoast-schema-graph\">{\"@context\":\"https:\\\/\\\/schema.org\",\"@graph\":[{\"@type\":\"Article\",\"@id\":\"https:\\\/\\\/www.value-marktdaten.de\\\/en\\\/2024\\\/09\\\/02\\\/medienecho-value-marktdaten-in-tagesschau-und-zeit\\\/#article\",\"isPartOf\":{\"@id\":\"https:\\\/\\\/www.value-marktdaten.de\\\/en\\\/2024\\\/09\\\/02\\\/medienecho-value-marktdaten-in-tagesschau-und-zeit\\\/\"},\"author\":{\"name\":\"Sebastian Hein\",\"@id\":\"https:\\\/\\\/www.value-marktdaten.de\\\/en\\\/#\\\/schema\\\/person\\\/02906812716f6be89d34952959021b7a\"},\"headline\":\"Medienecho: Value Marktdaten in Tagesschau und Zeit\",\"datePublished\":\"2024-09-02T07:01:16+00:00\",\"dateModified\":\"2024-10-07T07:22:47+00:00\",\"mainEntityOfPage\":{\"@id\":\"https:\\\/\\\/www.value-marktdaten.de\\\/en\\\/2024\\\/09\\\/02\\\/medienecho-value-marktdaten-in-tagesschau-und-zeit\\\/\"},\"wordCount\":274,\"publisher\":{\"@id\":\"https:\\\/\\\/www.value-marktdaten.de\\\/en\\\/#organization\"},\"keywords\":[\"Angebotsmieten\",\"Immobilienpreisdaten\",\"Mietpreisbremse\",\"Tagesschau\",\"Zeit\"],\"articleSection\":[\"Immobilienmarktdaten\",\"Presse\"],\"inLanguage\":\"en-US\"},{\"@type\":\"WebPage\",\"@id\":\"https:\\\/\\\/www.value-marktdaten.de\\\/en\\\/2024\\\/09\\\/02\\\/medienecho-value-marktdaten-in-tagesschau-und-zeit\\\/\",\"url\":\"https:\\\/\\\/www.value-marktdaten.de\\\/en\\\/2024\\\/09\\\/02\\\/medienecho-value-marktdaten-in-tagesschau-und-zeit\\\/\",\"name\":\"Medienecho: Value Marktdaten in Tagesschau und Zeit - Value AG the valuation group\",\"isPartOf\":{\"@id\":\"https:\\\/\\\/www.value-marktdaten.de\\\/en\\\/#website\"},\"datePublished\":\"2024-09-02T07:01:16+00:00\",\"dateModified\":\"2024-10-07T07:22:47+00:00\",\"breadcrumb\":{\"@id\":\"https:\\\/\\\/www.value-marktdaten.de\\\/en\\\/2024\\\/09\\\/02\\\/medienecho-value-marktdaten-in-tagesschau-und-zeit\\\/#breadcrumb\"},\"inLanguage\":\"en-US\",\"potentialAction\":[{\"@type\":\"ReadAction\",\"target\":[\"https:\\\/\\\/www.value-marktdaten.de\\\/en\\\/2024\\\/09\\\/02\\\/medienecho-value-marktdaten-in-tagesschau-und-zeit\\\/\"]}]},{\"@type\":\"BreadcrumbList\",\"@id\":\"https:\\\/\\\/www.value-marktdaten.de\\\/en\\\/2024\\\/09\\\/02\\\/medienecho-value-marktdaten-in-tagesschau-und-zeit\\\/#breadcrumb\",\"itemListElement\":[{\"@type\":\"ListItem\",\"position\":1,\"name\":\"Startseite\",\"item\":\"https:\\\/\\\/www.value-marktdaten.de\\\/en\\\/\"},{\"@type\":\"ListItem\",\"position\":2,\"name\":\"Medienecho: Value Marktdaten in Tagesschau und Zeit\"}]},{\"@type\":\"WebSite\",\"@id\":\"https:\\\/\\\/www.value-marktdaten.de\\\/en\\\/#website\",\"url\":\"https:\\\/\\\/www.value-marktdaten.de\\\/en\\\/\",\"name\":\"Value AG the valuation group\",\"description\":\"Immobilienmarktdaten f\u00fcr Deutschland\",\"publisher\":{\"@id\":\"https:\\\/\\\/www.value-marktdaten.de\\\/en\\\/#organization\"},\"potentialAction\":[{\"@type\":\"SearchAction\",\"target\":{\"@type\":\"EntryPoint\",\"urlTemplate\":\"https:\\\/\\\/www.value-marktdaten.de\\\/en\\\/?s={search_term_string}\"},\"query-input\":{\"@type\":\"PropertyValueSpecification\",\"valueRequired\":true,\"valueName\":\"search_term_string\"}}],\"inLanguage\":\"en-US\"},{\"@type\":\"Organization\",\"@id\":\"https:\\\/\\\/www.value-marktdaten.de\\\/en\\\/#organization\",\"name\":\"Value AG the valuation group\",\"url\":\"https:\\\/\\\/www.value-marktdaten.de\\\/en\\\/\",\"logo\":{\"@type\":\"ImageObject\",\"inLanguage\":\"en-US\",\"@id\":\"https:\\\/\\\/www.value-marktdaten.de\\\/en\\\/#\\\/schema\\\/logo\\\/image\\\/\",\"url\":\"\",\"contentUrl\":\"\",\"caption\":\"Value AG the valuation group\"},\"image\":{\"@id\":\"https:\\\/\\\/www.value-marktdaten.de\\\/en\\\/#\\\/schema\\\/logo\\\/image\\\/\"},\"sameAs\":[\"https:\\\/\\\/x.com\\\/empiricaSysteme\",\"https:\\\/\\\/www.linkedin.com\\\/company\\\/empirica-systeme-gmbh\"]},{\"@type\":\"Person\",\"@id\":\"https:\\\/\\\/www.value-marktdaten.de\\\/en\\\/#\\\/schema\\\/person\\\/02906812716f6be89d34952959021b7a\",\"name\":\"Sebastian Hein\",\"image\":{\"@type\":\"ImageObject\",\"inLanguage\":\"en-US\",\"@id\":\"https:\\\/\\\/secure.gravatar.com\\\/avatar\\\/190c7e8b36fd4b4580e0d4223074c6f628e7f727dc0c703db0a1ad915ca40898?s=96&d=mm&r=g\",\"url\":\"https:\\\/\\\/secure.gravatar.com\\\/avatar\\\/190c7e8b36fd4b4580e0d4223074c6f628e7f727dc0c703db0a1ad915ca40898?s=96&d=mm&r=g\",\"contentUrl\":\"https:\\\/\\\/secure.gravatar.com\\\/avatar\\\/190c7e8b36fd4b4580e0d4223074c6f628e7f727dc0c703db0a1ad915ca40898?s=96&d=mm&r=g\",\"caption\":\"Sebastian Hein\"},\"sameAs\":[\"http:\\\/\\\/www.value-marktdaten.de\"],\"url\":\"https:\\\/\\\/www.value-marktdaten.de\\\/en\\\/author\\\/sebastian-hein\\\/\"}]}<\/script>\n<!-- \/ Yoast SEO plugin. -->","yoast_head_json":{"title":"Medienecho: Value Marktdaten in Tagesschau und Zeit - Value AG the valuation group","robots":{"index":"index","follow":"follow","max-snippet":"max-snippet:-1","max-image-preview":"max-image-preview:large","max-video-preview":"max-video-preview:-1"},"canonical":"https:\/\/www.value-marktdaten.de\/en\/2024\/09\/02\/medienecho-value-marktdaten-in-tagesschau-und-zeit\/","og_locale":"en_US","og_type":"article","og_title":"Medienecho: Value Marktdaten in Tagesschau und Zeit - Value AG the valuation group","og_description":"Nach unserer Sommerpause m\u00f6chten wir an dieser Stelle noch auf ein Medien-Echo hinweisen VALUE Marktdaten in der Tagesschau und in ZEIT ONLINE. Die Teams von Norddeutscher Rundfunk Data und ZEIT ONLINE Data haben die Zensusmieten mit den Neuvertragsmieten aus unserer Immobilienmarktdatenbank verglichen und die Diskrepanzen bundesweit abgeglichen und visualisiert. -Was die Auswertungen zeigen: &#8220;Umziehen wird&hellip;","og_url":"https:\/\/www.value-marktdaten.de\/en\/2024\/09\/02\/medienecho-value-marktdaten-in-tagesschau-und-zeit\/","og_site_name":"Value AG the valuation group","article_published_time":"2024-09-02T07:01:16+00:00","article_modified_time":"2024-10-07T07:22:47+00:00","author":"Sebastian Hein","twitter_card":"summary_large_image","twitter_creator":"@empiricaSysteme","twitter_site":"@empiricaSysteme","twitter_misc":{"Written by":"Sebastian Hein","Est. reading time":"2 minutes"},"schema":{"@context":"https:\/\/schema.org","@graph":[{"@type":"Article","@id":"https:\/\/www.value-marktdaten.de\/en\/2024\/09\/02\/medienecho-value-marktdaten-in-tagesschau-und-zeit\/#article","isPartOf":{"@id":"https:\/\/www.value-marktdaten.de\/en\/2024\/09\/02\/medienecho-value-marktdaten-in-tagesschau-und-zeit\/"},"author":{"name":"Sebastian Hein","@id":"https:\/\/www.value-marktdaten.de\/en\/#\/schema\/person\/02906812716f6be89d34952959021b7a"},"headline":"Medienecho: Value Marktdaten in Tagesschau und Zeit","datePublished":"2024-09-02T07:01:16+00:00","dateModified":"2024-10-07T07:22:47+00:00","mainEntityOfPage":{"@id":"https:\/\/www.value-marktdaten.de\/en\/2024\/09\/02\/medienecho-value-marktdaten-in-tagesschau-und-zeit\/"},"wordCount":274,"publisher":{"@id":"https:\/\/www.value-marktdaten.de\/en\/#organization"},"keywords":["Angebotsmieten","Immobilienpreisdaten","Mietpreisbremse","Tagesschau","Zeit"],"articleSection":["Immobilienmarktdaten","Presse"],"inLanguage":"en-US"},{"@type":"WebPage","@id":"https:\/\/www.value-marktdaten.de\/en\/2024\/09\/02\/medienecho-value-marktdaten-in-tagesschau-und-zeit\/","url":"https:\/\/www.value-marktdaten.de\/en\/2024\/09\/02\/medienecho-value-marktdaten-in-tagesschau-und-zeit\/","name":"Medienecho: Value Marktdaten in Tagesschau und Zeit - Value AG the valuation group","isPartOf":{"@id":"https:\/\/www.value-marktdaten.de\/en\/#website"},"datePublished":"2024-09-02T07:01:16+00:00","dateModified":"2024-10-07T07:22:47+00:00","breadcrumb":{"@id":"https:\/\/www.value-marktdaten.de\/en\/2024\/09\/02\/medienecho-value-marktdaten-in-tagesschau-und-zeit\/#breadcrumb"},"inLanguage":"en-US","potentialAction":[{"@type":"ReadAction","target":["https:\/\/www.value-marktdaten.de\/en\/2024\/09\/02\/medienecho-value-marktdaten-in-tagesschau-und-zeit\/"]}]},{"@type":"BreadcrumbList","@id":"https:\/\/www.value-marktdaten.de\/en\/2024\/09\/02\/medienecho-value-marktdaten-in-tagesschau-und-zeit\/#breadcrumb","itemListElement":[{"@type":"ListItem","position":1,"name":"Startseite","item":"https:\/\/www.value-marktdaten.de\/en\/"},{"@type":"ListItem","position":2,"name":"Medienecho: Value Marktdaten in Tagesschau und Zeit"}]},{"@type":"WebSite","@id":"https:\/\/www.value-marktdaten.de\/en\/#website","url":"https:\/\/www.value-marktdaten.de\/en\/","name":"Value AG the valuation group","description":"Immobilienmarktdaten f\u00fcr Deutschland","publisher":{"@id":"https:\/\/www.value-marktdaten.de\/en\/#organization"},"potentialAction":[{"@type":"SearchAction","target":{"@type":"EntryPoint","urlTemplate":"https:\/\/www.value-marktdaten.de\/en\/?s={search_term_string}"},"query-input":{"@type":"PropertyValueSpecification","valueRequired":true,"valueName":"search_term_string"}}],"inLanguage":"en-US"},{"@type":"Organization","@id":"https:\/\/www.value-marktdaten.de\/en\/#organization","name":"Value AG the valuation group","url":"https:\/\/www.value-marktdaten.de\/en\/","logo":{"@type":"ImageObject","inLanguage":"en-US","@id":"https:\/\/www.value-marktdaten.de\/en\/#\/schema\/logo\/image\/","url":"","contentUrl":"","caption":"Value AG the valuation group"},"image":{"@id":"https:\/\/www.value-marktdaten.de\/en\/#\/schema\/logo\/image\/"},"sameAs":["https:\/\/x.com\/empiricaSysteme","https:\/\/www.linkedin.com\/company\/empirica-systeme-gmbh"]},{"@type":"Person","@id":"https:\/\/www.value-marktdaten.de\/en\/#\/schema\/person\/02906812716f6be89d34952959021b7a","name":"Sebastian Hein","image":{"@type":"ImageObject","inLanguage":"en-US","@id":"https:\/\/secure.gravatar.com\/avatar\/190c7e8b36fd4b4580e0d4223074c6f628e7f727dc0c703db0a1ad915ca40898?s=96&d=mm&r=g","url":"https:\/\/secure.gravatar.com\/avatar\/190c7e8b36fd4b4580e0d4223074c6f628e7f727dc0c703db0a1ad915ca40898?s=96&d=mm&r=g","contentUrl":"https:\/\/secure.gravatar.com\/avatar\/190c7e8b36fd4b4580e0d4223074c6f628e7f727dc0c703db0a1ad915ca40898?s=96&d=mm&r=g","caption":"Sebastian Hein"},"sameAs":["http:\/\/www.value-marktdaten.de"],"url":"https:\/\/www.value-marktdaten.de\/en\/author\/sebastian-hein\/"}]}},"_links":{"self":[{"href":"https:\/\/www.value-marktdaten.de\/en\/wp-json\/wp\/v2\/posts\/83571","targetHints":{"allow":["GET"]}}],"collection":[{"href":"https:\/\/www.value-marktdaten.de\/en\/wp-json\/wp\/v2\/posts"}],"about":[{"href":"https:\/\/www.value-marktdaten.de\/en\/wp-json\/wp\/v2\/types\/post"}],"author":[{"embeddable":true,"href":"https:\/\/www.value-marktdaten.de\/en\/wp-json\/wp\/v2\/users\/2"}],"replies":[{"embeddable":true,"href":"https:\/\/www.value-marktdaten.de\/en\/wp-json\/wp\/v2\/comments?post=83571"}],"version-history":[{"count":9,"href":"https:\/\/www.value-marktdaten.de\/en\/wp-json\/wp\/v2\/posts\/83571\/revisions"}],"predecessor-version":[{"id":83581,"href":"https:\/\/www.value-marktdaten.de\/en\/wp-json\/wp\/v2\/posts\/83571\/revisions\/83581"}],"wp:attachment":[{"href":"https:\/\/www.value-marktdaten.de\/en\/wp-json\/wp\/v2\/media?parent=83571"}],"wp:term":[{"taxonomy":"category","embeddable":true,"href":"https:\/\/www.value-marktdaten.de\/en\/wp-json\/wp\/v2\/categories?post=83571"},{"taxonomy":"post_tag","embeddable":true,"href":"https:\/\/www.value-marktdaten.de\/en\/wp-json\/wp\/v2\/tags?post=83571"}],"curies":[{"name":"wp","href":"https:\/\/api.w.org\/{rel}","templated":true}]}}