{"id":8315,"date":"2016-11-29T14:27:48","date_gmt":"2016-11-29T13:27:48","guid":{"rendered":"https:\/\/www.empirica-systeme.de\/?p=8315"},"modified":"2024-02-22T15:15:53","modified_gmt":"2024-02-22T14:15:53","slug":"vortrag-auf-der-statistischen-woche","status":"publish","type":"post","link":"https:\/\/www.value-marktdaten.de\/en\/2016\/11\/29\/vortrag-auf-der-statistischen-woche\/","title":{"rendered":"Vortrag auf der statistischen Woche"},"content":{"rendered":"<div class=\"wiki\">\n<h2>Mietangebotsdaten als Erg\u00e4nzung zur amtlichen Mietstatistik<\/h2>\n<h3>Erhebungsverfahren und Anwendungen am Beispiel des Berliner Mietspiegels<\/h3>\n<p><figure id=\"attachment_8317\" aria-describedby=\"caption-attachment-8317\" style=\"width: 300px\" class=\"wp-caption alignleft\"><a href=\"https:\/\/www.value-marktdaten.de\/wp-content\/uploads\/2018\/11\/vortrag_statistische_woche-e1543498032914.png\"><img loading=\"lazy\" decoding=\"async\" class=\"wp-image-8317 size-medium\" src=\"https:\/\/www.value-marktdaten.de\/wp-content\/uploads\/2018\/11\/vortrag_statistische_woche-300x226.png\" alt=\"\" width=\"300\" height=\"226\" \/><\/a><figcaption id=\"caption-attachment-8317\" class=\"wp-caption-text\">Auszug aus dem Vortrag: Marktmieten nach Mietspiegel Kriterien Berlin (Lorenz Thomschke, empirica, 2016)<\/figcaption><\/figure>empirica-systeme wurde von der\u00a0Deutschen <a href=\"https:\/\/dstatg.de\/\" target=\"_blank\" rel=\"noopener noreferrer\">Statistischen Gesellschaft<\/a> eingeladen, auf der <a href=\"https:\/\/www.statistische-woche.de\" target=\"_blank\" rel=\"noopener noreferrer\">Statistischen Woche 2016<\/a> einen Vortrag im Kontext der Mietenstatistik zu halten.<\/div>\n<div>\u00a0<\/div>\n<div class=\"wiki\">Gemeinsam mit Lorenz Thomschke von der empirica ag, referierte Sebastian Hein \u00fcber Mietangebotsdaten als Erg\u00e4nzung zur amtlichen Mietstatistik.<\/div>\n<div>\u00a0<\/div>\n<div class=\"wiki\"><strong>Abstract des Vortrages:<\/strong> Die Datenverf\u00fcgbarkeit f\u00fcr die Forschung im Rahmen der Mietstatistik ist ausbauf\u00e4hig. Neben einer gr\u00f6\u00dferen Verf\u00fcgbarkeit von amtlichen Prim\u00e4rdaten k\u00f6nnten auch alternative Datengrundlagen zu einem breiteren Forschungsfundament beitragen. Eine dieser Alternativen sind Mietangebotsdatenbanken. empirica-systeme stellt eine solche Angebotsdatenbank bereit. Durch die gro\u00dfe Datenmenge, gepaart mit bis zu 150 Attributen zu Objekt- und Standorteigenschaften bietet die Datenbank ein gro\u00dfes Potenzial f\u00fcr die (miet)statistische Forschung. Dieses m\u00f6gliche Potenzial soll ebenso wie m\u00f6gliche Einschr\u00e4nkungen anhand eines Vergleichs mit der amtlichen Berliner Mietstatistik herausgearbeitet werden. Nach Vorstellung der Erhebungsmethodik und den einhergehenden Eigenheiten der verwendeten Mietangebotsdatenbank, wird die Anwendbarkeit am Beispiel des Berliner Mietspiegels diskutiert. Dazu wird der Berliner Tabellenmietspiegel auf Basis von 223.000 Mietangebotsdaten (2012-2016) mittels deskriptiver Auswertungen und Regressionsmethoden reproduziert und anschlie\u00dfend mit dem tats\u00e4chlichen Mietspiegel verglichen. Gemeinsamkeiten und Unterschiede werden dabei im Hinblick auf unterschiedliche Aspekte einer optimierten Mietstatistik und im Kontext aktueller wohnungspolitischer Aspekte diskutiert.<\/div>\n<div>\u00a0<\/div>\n<div class=\"wiki\"><a href=\"https:\/\/www.statistische-woche.de\/\" target=\"_blank\" rel=\"noopener noreferrer\">Weitere Informationen erhalten Sie hier.<\/a> \u00a0<\/div>\n","protected":false},"excerpt":{"rendered":"<p>Mietangebotsdaten als Erg\u00e4nzung zur amtlichen Mietstatistik Erhebungsverfahren und Anwendungen am Beispiel des Berliner Mietspiegels empirica-systeme wurde von der\u00a0Deutschen Statistischen Gesellschaft eingeladen, auf der Statistischen Woche 2016 einen Vortrag im Kontext der Mietenstatistik zu halten. \u00a0 Gemeinsam mit Lorenz Thomschke von der empirica ag, referierte Sebastian Hein \u00fcber Mietangebotsdaten als Erg\u00e4nzung zur amtlichen Mietstatistik. \u00a0 Abstract&hellip;<\/p>\n","protected":false},"author":2,"featured_media":0,"comment_status":"closed","ping_status":"closed","sticky":false,"template":"","format":"standard","meta":{"footnotes":""},"categories":[89,113],"tags":[133,392],"class_list":["post-8315","post","type-post","status-publish","format-standard","hentry","category-empirica-systeme-immobilienmarktdaten","category-vortraege","tag-marktmieten","tag-mietspiegel"],"yoast_head":"<!-- This site is optimized with the Yoast SEO plugin v27.5 - https:\/\/yoast.com\/product\/yoast-seo-wordpress\/ -->\n<title>Vortrag auf der statistischen Woche - Value AG the valuation group<\/title>\n<meta name=\"robots\" content=\"index, follow, max-snippet:-1, max-image-preview:large, max-video-preview:-1\" \/>\n<link rel=\"canonical\" href=\"https:\/\/www.value-marktdaten.de\/en\/2016\/11\/29\/vortrag-auf-der-statistischen-woche\/\" \/>\n<meta property=\"og:locale\" content=\"en_US\" \/>\n<meta property=\"og:type\" content=\"article\" \/>\n<meta property=\"og:title\" content=\"Vortrag auf der statistischen Woche - Value AG the valuation group\" \/>\n<meta property=\"og:description\" content=\"Mietangebotsdaten als Erg\u00e4nzung zur amtlichen Mietstatistik Erhebungsverfahren und Anwendungen am Beispiel des Berliner Mietspiegels empirica-systeme wurde von der\u00a0Deutschen Statistischen Gesellschaft eingeladen, auf der Statistischen Woche 2016 einen Vortrag im Kontext der Mietenstatistik zu halten. \u00a0 Gemeinsam mit Lorenz Thomschke von der empirica ag, referierte Sebastian Hein \u00fcber Mietangebotsdaten als Erg\u00e4nzung zur amtlichen Mietstatistik. \u00a0 Abstract&hellip;\" \/>\n<meta property=\"og:url\" content=\"https:\/\/www.value-marktdaten.de\/en\/2016\/11\/29\/vortrag-auf-der-statistischen-woche\/\" \/>\n<meta property=\"og:site_name\" content=\"Value AG the valuation group\" \/>\n<meta property=\"article:published_time\" content=\"2016-11-29T13:27:48+00:00\" \/>\n<meta property=\"article:modified_time\" content=\"2024-02-22T14:15:53+00:00\" \/>\n<meta property=\"og:image\" content=\"https:\/\/www.value-marktdaten.de\/wp-content\/uploads\/2018\/11\/vortrag_statistische_woche-300x226.png\" \/>\n<meta name=\"author\" content=\"Sebastian Hein\" \/>\n<meta name=\"twitter:card\" content=\"summary_large_image\" \/>\n<meta name=\"twitter:creator\" content=\"@empiricaSysteme\" \/>\n<meta name=\"twitter:site\" content=\"@empiricaSysteme\" \/>\n<meta name=\"twitter:label1\" content=\"Written by\" \/>\n\t<meta name=\"twitter:data1\" content=\"Sebastian Hein\" \/>\n\t<meta name=\"twitter:label2\" content=\"Est. reading time\" \/>\n\t<meta name=\"twitter:data2\" content=\"2 minutes\" \/>\n<script type=\"application\/ld+json\" class=\"yoast-schema-graph\">{\"@context\":\"https:\\\/\\\/schema.org\",\"@graph\":[{\"@type\":\"Article\",\"@id\":\"https:\\\/\\\/www.value-marktdaten.de\\\/en\\\/2016\\\/11\\\/29\\\/vortrag-auf-der-statistischen-woche\\\/#article\",\"isPartOf\":{\"@id\":\"https:\\\/\\\/www.value-marktdaten.de\\\/en\\\/2016\\\/11\\\/29\\\/vortrag-auf-der-statistischen-woche\\\/\"},\"author\":{\"name\":\"Sebastian Hein\",\"@id\":\"https:\\\/\\\/www.value-marktdaten.de\\\/en\\\/#\\\/schema\\\/person\\\/02906812716f6be89d34952959021b7a\"},\"headline\":\"Vortrag auf der statistischen Woche\",\"datePublished\":\"2016-11-29T13:27:48+00:00\",\"dateModified\":\"2024-02-22T14:15:53+00:00\",\"mainEntityOfPage\":{\"@id\":\"https:\\\/\\\/www.value-marktdaten.de\\\/en\\\/2016\\\/11\\\/29\\\/vortrag-auf-der-statistischen-woche\\\/\"},\"wordCount\":244,\"publisher\":{\"@id\":\"https:\\\/\\\/www.value-marktdaten.de\\\/en\\\/#organization\"},\"image\":{\"@id\":\"https:\\\/\\\/www.value-marktdaten.de\\\/en\\\/2016\\\/11\\\/29\\\/vortrag-auf-der-statistischen-woche\\\/#primaryimage\"},\"thumbnailUrl\":\"https:\\\/\\\/www.value-marktdaten.de\\\/wp-content\\\/uploads\\\/2018\\\/11\\\/vortrag_statistische_woche-300x226.png\",\"keywords\":[\"Marktmieten\",\"Mietspiegel\"],\"articleSection\":[\"Immobilienmarktdaten\",\"Vortr\u00e4ge\"],\"inLanguage\":\"en-US\"},{\"@type\":\"WebPage\",\"@id\":\"https:\\\/\\\/www.value-marktdaten.de\\\/en\\\/2016\\\/11\\\/29\\\/vortrag-auf-der-statistischen-woche\\\/\",\"url\":\"https:\\\/\\\/www.value-marktdaten.de\\\/en\\\/2016\\\/11\\\/29\\\/vortrag-auf-der-statistischen-woche\\\/\",\"name\":\"Vortrag auf der statistischen Woche - Value AG the valuation group\",\"isPartOf\":{\"@id\":\"https:\\\/\\\/www.value-marktdaten.de\\\/en\\\/#website\"},\"primaryImageOfPage\":{\"@id\":\"https:\\\/\\\/www.value-marktdaten.de\\\/en\\\/2016\\\/11\\\/29\\\/vortrag-auf-der-statistischen-woche\\\/#primaryimage\"},\"image\":{\"@id\":\"https:\\\/\\\/www.value-marktdaten.de\\\/en\\\/2016\\\/11\\\/29\\\/vortrag-auf-der-statistischen-woche\\\/#primaryimage\"},\"thumbnailUrl\":\"https:\\\/\\\/www.value-marktdaten.de\\\/wp-content\\\/uploads\\\/2018\\\/11\\\/vortrag_statistische_woche-300x226.png\",\"datePublished\":\"2016-11-29T13:27:48+00:00\",\"dateModified\":\"2024-02-22T14:15:53+00:00\",\"breadcrumb\":{\"@id\":\"https:\\\/\\\/www.value-marktdaten.de\\\/en\\\/2016\\\/11\\\/29\\\/vortrag-auf-der-statistischen-woche\\\/#breadcrumb\"},\"inLanguage\":\"en-US\",\"potentialAction\":[{\"@type\":\"ReadAction\",\"target\":[\"https:\\\/\\\/www.value-marktdaten.de\\\/en\\\/2016\\\/11\\\/29\\\/vortrag-auf-der-statistischen-woche\\\/\"]}]},{\"@type\":\"ImageObject\",\"inLanguage\":\"en-US\",\"@id\":\"https:\\\/\\\/www.value-marktdaten.de\\\/en\\\/2016\\\/11\\\/29\\\/vortrag-auf-der-statistischen-woche\\\/#primaryimage\",\"url\":\"https:\\\/\\\/www.value-marktdaten.de\\\/wp-content\\\/uploads\\\/2018\\\/11\\\/vortrag_statistische_woche-300x226.png\",\"contentUrl\":\"https:\\\/\\\/www.value-marktdaten.de\\\/wp-content\\\/uploads\\\/2018\\\/11\\\/vortrag_statistische_woche-300x226.png\"},{\"@type\":\"BreadcrumbList\",\"@id\":\"https:\\\/\\\/www.value-marktdaten.de\\\/en\\\/2016\\\/11\\\/29\\\/vortrag-auf-der-statistischen-woche\\\/#breadcrumb\",\"itemListElement\":[{\"@type\":\"ListItem\",\"position\":1,\"name\":\"Startseite\",\"item\":\"https:\\\/\\\/www.value-marktdaten.de\\\/en\\\/\"},{\"@type\":\"ListItem\",\"position\":2,\"name\":\"Vortrag auf der statistischen Woche\"}]},{\"@type\":\"WebSite\",\"@id\":\"https:\\\/\\\/www.value-marktdaten.de\\\/en\\\/#website\",\"url\":\"https:\\\/\\\/www.value-marktdaten.de\\\/en\\\/\",\"name\":\"Value AG the valuation group\",\"description\":\"Immobilienmarktdaten f\u00fcr Deutschland\",\"publisher\":{\"@id\":\"https:\\\/\\\/www.value-marktdaten.de\\\/en\\\/#organization\"},\"potentialAction\":[{\"@type\":\"SearchAction\",\"target\":{\"@type\":\"EntryPoint\",\"urlTemplate\":\"https:\\\/\\\/www.value-marktdaten.de\\\/en\\\/?s={search_term_string}\"},\"query-input\":{\"@type\":\"PropertyValueSpecification\",\"valueRequired\":true,\"valueName\":\"search_term_string\"}}],\"inLanguage\":\"en-US\"},{\"@type\":\"Organization\",\"@id\":\"https:\\\/\\\/www.value-marktdaten.de\\\/en\\\/#organization\",\"name\":\"Value AG the valuation group\",\"url\":\"https:\\\/\\\/www.value-marktdaten.de\\\/en\\\/\",\"logo\":{\"@type\":\"ImageObject\",\"inLanguage\":\"en-US\",\"@id\":\"https:\\\/\\\/www.value-marktdaten.de\\\/en\\\/#\\\/schema\\\/logo\\\/image\\\/\",\"url\":\"\",\"contentUrl\":\"\",\"caption\":\"Value AG the valuation group\"},\"image\":{\"@id\":\"https:\\\/\\\/www.value-marktdaten.de\\\/en\\\/#\\\/schema\\\/logo\\\/image\\\/\"},\"sameAs\":[\"https:\\\/\\\/x.com\\\/empiricaSysteme\",\"https:\\\/\\\/www.linkedin.com\\\/company\\\/empirica-systeme-gmbh\"]},{\"@type\":\"Person\",\"@id\":\"https:\\\/\\\/www.value-marktdaten.de\\\/en\\\/#\\\/schema\\\/person\\\/02906812716f6be89d34952959021b7a\",\"name\":\"Sebastian Hein\",\"image\":{\"@type\":\"ImageObject\",\"inLanguage\":\"en-US\",\"@id\":\"https:\\\/\\\/secure.gravatar.com\\\/avatar\\\/190c7e8b36fd4b4580e0d4223074c6f628e7f727dc0c703db0a1ad915ca40898?s=96&d=mm&r=g\",\"url\":\"https:\\\/\\\/secure.gravatar.com\\\/avatar\\\/190c7e8b36fd4b4580e0d4223074c6f628e7f727dc0c703db0a1ad915ca40898?s=96&d=mm&r=g\",\"contentUrl\":\"https:\\\/\\\/secure.gravatar.com\\\/avatar\\\/190c7e8b36fd4b4580e0d4223074c6f628e7f727dc0c703db0a1ad915ca40898?s=96&d=mm&r=g\",\"caption\":\"Sebastian Hein\"},\"sameAs\":[\"http:\\\/\\\/www.value-marktdaten.de\"],\"url\":\"https:\\\/\\\/www.value-marktdaten.de\\\/en\\\/author\\\/sebastian-hein\\\/\"}]}<\/script>\n<!-- \/ Yoast SEO plugin. -->","yoast_head_json":{"title":"Vortrag auf der statistischen Woche - Value AG the valuation group","robots":{"index":"index","follow":"follow","max-snippet":"max-snippet:-1","max-image-preview":"max-image-preview:large","max-video-preview":"max-video-preview:-1"},"canonical":"https:\/\/www.value-marktdaten.de\/en\/2016\/11\/29\/vortrag-auf-der-statistischen-woche\/","og_locale":"en_US","og_type":"article","og_title":"Vortrag auf der statistischen Woche - Value AG the valuation group","og_description":"Mietangebotsdaten als Erg\u00e4nzung zur amtlichen Mietstatistik Erhebungsverfahren und Anwendungen am Beispiel des Berliner Mietspiegels empirica-systeme wurde von der\u00a0Deutschen Statistischen Gesellschaft eingeladen, auf der Statistischen Woche 2016 einen Vortrag im Kontext der Mietenstatistik zu halten. \u00a0 Gemeinsam mit Lorenz Thomschke von der empirica ag, referierte Sebastian Hein \u00fcber Mietangebotsdaten als Erg\u00e4nzung zur amtlichen Mietstatistik. \u00a0 Abstract&hellip;","og_url":"https:\/\/www.value-marktdaten.de\/en\/2016\/11\/29\/vortrag-auf-der-statistischen-woche\/","og_site_name":"Value AG the valuation group","article_published_time":"2016-11-29T13:27:48+00:00","article_modified_time":"2024-02-22T14:15:53+00:00","og_image":[{"url":"https:\/\/www.value-marktdaten.de\/wp-content\/uploads\/2018\/11\/vortrag_statistische_woche-300x226.png","type":"","width":"","height":""}],"author":"Sebastian Hein","twitter_card":"summary_large_image","twitter_creator":"@empiricaSysteme","twitter_site":"@empiricaSysteme","twitter_misc":{"Written by":"Sebastian Hein","Est. reading time":"2 minutes"},"schema":{"@context":"https:\/\/schema.org","@graph":[{"@type":"Article","@id":"https:\/\/www.value-marktdaten.de\/en\/2016\/11\/29\/vortrag-auf-der-statistischen-woche\/#article","isPartOf":{"@id":"https:\/\/www.value-marktdaten.de\/en\/2016\/11\/29\/vortrag-auf-der-statistischen-woche\/"},"author":{"name":"Sebastian Hein","@id":"https:\/\/www.value-marktdaten.de\/en\/#\/schema\/person\/02906812716f6be89d34952959021b7a"},"headline":"Vortrag auf der statistischen Woche","datePublished":"2016-11-29T13:27:48+00:00","dateModified":"2024-02-22T14:15:53+00:00","mainEntityOfPage":{"@id":"https:\/\/www.value-marktdaten.de\/en\/2016\/11\/29\/vortrag-auf-der-statistischen-woche\/"},"wordCount":244,"publisher":{"@id":"https:\/\/www.value-marktdaten.de\/en\/#organization"},"image":{"@id":"https:\/\/www.value-marktdaten.de\/en\/2016\/11\/29\/vortrag-auf-der-statistischen-woche\/#primaryimage"},"thumbnailUrl":"https:\/\/www.value-marktdaten.de\/wp-content\/uploads\/2018\/11\/vortrag_statistische_woche-300x226.png","keywords":["Marktmieten","Mietspiegel"],"articleSection":["Immobilienmarktdaten","Vortr\u00e4ge"],"inLanguage":"en-US"},{"@type":"WebPage","@id":"https:\/\/www.value-marktdaten.de\/en\/2016\/11\/29\/vortrag-auf-der-statistischen-woche\/","url":"https:\/\/www.value-marktdaten.de\/en\/2016\/11\/29\/vortrag-auf-der-statistischen-woche\/","name":"Vortrag auf der statistischen Woche - Value AG the valuation group","isPartOf":{"@id":"https:\/\/www.value-marktdaten.de\/en\/#website"},"primaryImageOfPage":{"@id":"https:\/\/www.value-marktdaten.de\/en\/2016\/11\/29\/vortrag-auf-der-statistischen-woche\/#primaryimage"},"image":{"@id":"https:\/\/www.value-marktdaten.de\/en\/2016\/11\/29\/vortrag-auf-der-statistischen-woche\/#primaryimage"},"thumbnailUrl":"https:\/\/www.value-marktdaten.de\/wp-content\/uploads\/2018\/11\/vortrag_statistische_woche-300x226.png","datePublished":"2016-11-29T13:27:48+00:00","dateModified":"2024-02-22T14:15:53+00:00","breadcrumb":{"@id":"https:\/\/www.value-marktdaten.de\/en\/2016\/11\/29\/vortrag-auf-der-statistischen-woche\/#breadcrumb"},"inLanguage":"en-US","potentialAction":[{"@type":"ReadAction","target":["https:\/\/www.value-marktdaten.de\/en\/2016\/11\/29\/vortrag-auf-der-statistischen-woche\/"]}]},{"@type":"ImageObject","inLanguage":"en-US","@id":"https:\/\/www.value-marktdaten.de\/en\/2016\/11\/29\/vortrag-auf-der-statistischen-woche\/#primaryimage","url":"https:\/\/www.value-marktdaten.de\/wp-content\/uploads\/2018\/11\/vortrag_statistische_woche-300x226.png","contentUrl":"https:\/\/www.value-marktdaten.de\/wp-content\/uploads\/2018\/11\/vortrag_statistische_woche-300x226.png"},{"@type":"BreadcrumbList","@id":"https:\/\/www.value-marktdaten.de\/en\/2016\/11\/29\/vortrag-auf-der-statistischen-woche\/#breadcrumb","itemListElement":[{"@type":"ListItem","position":1,"name":"Startseite","item":"https:\/\/www.value-marktdaten.de\/en\/"},{"@type":"ListItem","position":2,"name":"Vortrag auf der statistischen Woche"}]},{"@type":"WebSite","@id":"https:\/\/www.value-marktdaten.de\/en\/#website","url":"https:\/\/www.value-marktdaten.de\/en\/","name":"Value AG the valuation group","description":"Immobilienmarktdaten f\u00fcr Deutschland","publisher":{"@id":"https:\/\/www.value-marktdaten.de\/en\/#organization"},"potentialAction":[{"@type":"SearchAction","target":{"@type":"EntryPoint","urlTemplate":"https:\/\/www.value-marktdaten.de\/en\/?s={search_term_string}"},"query-input":{"@type":"PropertyValueSpecification","valueRequired":true,"valueName":"search_term_string"}}],"inLanguage":"en-US"},{"@type":"Organization","@id":"https:\/\/www.value-marktdaten.de\/en\/#organization","name":"Value AG the valuation group","url":"https:\/\/www.value-marktdaten.de\/en\/","logo":{"@type":"ImageObject","inLanguage":"en-US","@id":"https:\/\/www.value-marktdaten.de\/en\/#\/schema\/logo\/image\/","url":"","contentUrl":"","caption":"Value AG the valuation group"},"image":{"@id":"https:\/\/www.value-marktdaten.de\/en\/#\/schema\/logo\/image\/"},"sameAs":["https:\/\/x.com\/empiricaSysteme","https:\/\/www.linkedin.com\/company\/empirica-systeme-gmbh"]},{"@type":"Person","@id":"https:\/\/www.value-marktdaten.de\/en\/#\/schema\/person\/02906812716f6be89d34952959021b7a","name":"Sebastian Hein","image":{"@type":"ImageObject","inLanguage":"en-US","@id":"https:\/\/secure.gravatar.com\/avatar\/190c7e8b36fd4b4580e0d4223074c6f628e7f727dc0c703db0a1ad915ca40898?s=96&d=mm&r=g","url":"https:\/\/secure.gravatar.com\/avatar\/190c7e8b36fd4b4580e0d4223074c6f628e7f727dc0c703db0a1ad915ca40898?s=96&d=mm&r=g","contentUrl":"https:\/\/secure.gravatar.com\/avatar\/190c7e8b36fd4b4580e0d4223074c6f628e7f727dc0c703db0a1ad915ca40898?s=96&d=mm&r=g","caption":"Sebastian Hein"},"sameAs":["http:\/\/www.value-marktdaten.de"],"url":"https:\/\/www.value-marktdaten.de\/en\/author\/sebastian-hein\/"}]}},"_links":{"self":[{"href":"https:\/\/www.value-marktdaten.de\/en\/wp-json\/wp\/v2\/posts\/8315","targetHints":{"allow":["GET"]}}],"collection":[{"href":"https:\/\/www.value-marktdaten.de\/en\/wp-json\/wp\/v2\/posts"}],"about":[{"href":"https:\/\/www.value-marktdaten.de\/en\/wp-json\/wp\/v2\/types\/post"}],"author":[{"embeddable":true,"href":"https:\/\/www.value-marktdaten.de\/en\/wp-json\/wp\/v2\/users\/2"}],"replies":[{"embeddable":true,"href":"https:\/\/www.value-marktdaten.de\/en\/wp-json\/wp\/v2\/comments?post=8315"}],"version-history":[{"count":14,"href":"https:\/\/www.value-marktdaten.de\/en\/wp-json\/wp\/v2\/posts\/8315\/revisions"}],"predecessor-version":[{"id":78282,"href":"https:\/\/www.value-marktdaten.de\/en\/wp-json\/wp\/v2\/posts\/8315\/revisions\/78282"}],"wp:attachment":[{"href":"https:\/\/www.value-marktdaten.de\/en\/wp-json\/wp\/v2\/media?parent=8315"}],"wp:term":[{"taxonomy":"category","embeddable":true,"href":"https:\/\/www.value-marktdaten.de\/en\/wp-json\/wp\/v2\/categories?post=8315"},{"taxonomy":"post_tag","embeddable":true,"href":"https:\/\/www.value-marktdaten.de\/en\/wp-json\/wp\/v2\/tags?post=8315"}],"curies":[{"name":"wp","href":"https:\/\/api.w.org\/{rel}","templated":true}]}}