{"id":578,"date":"2015-02-03T12:20:54","date_gmt":"2015-02-03T11:20:54","guid":{"rendered":"https:\/\/new.empirica-systeme.de\/?p=578"},"modified":"2020-04-02T15:52:20","modified_gmt":"2020-04-02T13:52:20","slug":"naiapollo-bueromarkt-frankfurt-2014","status":"publish","type":"post","link":"https:\/\/www.value-marktdaten.de\/en\/2015\/02\/03\/naiapollo-bueromarkt-frankfurt-2014\/","title":{"rendered":"NAIapollo: B\u00fcromarkt Frankfurt 2014"},"content":{"rendered":"<p>Die <a href=\"https:\/\/www.nai-apollo.de\/de\/\">NAIapollo <\/a>Gruppe hat zum 4. Quartal 2014 umfangreiches Zahlen- und Datenmaterial \u00fcber den B\u00fcromarkt Frankfurt am Main ver\u00f6ffentlicht. Das Unternehmen wertete dabei auch Durchschnitts- und Spitzenmieten f\u00fcr B\u00fcros im Frankfurter Umland auf Basis der empirica-systeme Marktdatenbank aus.<\/p>\n<p>Den Marktbericht mit aktuellen Zahlen &amp; Daten zum B\u00fcromarkt Frankfurt am Main erhalten Sie <a href=\"https:\/\/www.nai-apollo.de\/de\/marktberichte\">hier<\/a>.<\/p>\n","protected":false},"excerpt":{"rendered":"<p>Die NAIapollo Gruppe hat zum 4. Quartal 2014 umfangreiches Zahlen- und Datenmaterial \u00fcber den B\u00fcromarkt Frankfurt am Main ver\u00f6ffentlicht. Das Unternehmen wertete dabei auch Durchschnitts- und Spitzenmieten f\u00fcr B\u00fcros im Frankfurter Umland auf Basis der empirica-systeme Marktdatenbank aus. Den Marktbericht mit aktuellen Zahlen &amp; Daten zum B\u00fcromarkt Frankfurt am Main erhalten Sie hier.<\/p>\n","protected":false},"author":2,"featured_media":0,"comment_status":"closed","ping_status":"open","sticky":false,"template":"","format":"standard","meta":{"footnotes":""},"categories":[88,86,106],"tags":[46,34,68],"class_list":["post-578","post","type-post","status-publish","format-standard","hentry","category-gewerbeimmobilienmarkt","category-immobilienmarktberichte","category-unsere-kunden","tag-bueromarktanalyse","tag-immobilienmarkt-frankfurt","tag-naiapollo"],"yoast_head":"<!-- This site is optimized with the Yoast SEO plugin v27.5 - https:\/\/yoast.com\/product\/yoast-seo-wordpress\/ -->\n<title>NAIapollo: B\u00fcromarkt Frankfurt 2014 - Value AG the valuation group<\/title>\n<meta name=\"robots\" content=\"index, follow, max-snippet:-1, max-image-preview:large, max-video-preview:-1\" \/>\n<link rel=\"canonical\" href=\"https:\/\/www.value-marktdaten.de\/en\/2015\/02\/03\/naiapollo-bueromarkt-frankfurt-2014\/\" \/>\n<meta property=\"og:locale\" content=\"en_US\" \/>\n<meta property=\"og:type\" content=\"article\" \/>\n<meta property=\"og:title\" content=\"NAIapollo: B\u00fcromarkt Frankfurt 2014 - Value AG the valuation group\" \/>\n<meta property=\"og:description\" content=\"Die NAIapollo Gruppe hat zum 4. Quartal 2014 umfangreiches Zahlen- und Datenmaterial \u00fcber den B\u00fcromarkt Frankfurt am Main ver\u00f6ffentlicht. Das Unternehmen wertete dabei auch Durchschnitts- und Spitzenmieten f\u00fcr B\u00fcros im Frankfurter Umland auf Basis der empirica-systeme Marktdatenbank aus. Den Marktbericht mit aktuellen Zahlen &amp; Daten zum B\u00fcromarkt Frankfurt am Main erhalten Sie hier.\" \/>\n<meta property=\"og:url\" content=\"https:\/\/www.value-marktdaten.de\/en\/2015\/02\/03\/naiapollo-bueromarkt-frankfurt-2014\/\" \/>\n<meta property=\"og:site_name\" content=\"Value AG the valuation group\" \/>\n<meta property=\"article:published_time\" content=\"2015-02-03T11:20:54+00:00\" \/>\n<meta property=\"article:modified_time\" content=\"2020-04-02T13:52:20+00:00\" \/>\n<meta name=\"author\" content=\"Sebastian Hein\" \/>\n<meta name=\"twitter:card\" content=\"summary_large_image\" \/>\n<meta name=\"twitter:creator\" content=\"@empiricaSysteme\" \/>\n<meta name=\"twitter:site\" content=\"@empiricaSysteme\" \/>\n<meta name=\"twitter:label1\" content=\"Written by\" \/>\n\t<meta name=\"twitter:data1\" content=\"Sebastian Hein\" \/>\n<script type=\"application\/ld+json\" class=\"yoast-schema-graph\">{\"@context\":\"https:\\\/\\\/schema.org\",\"@graph\":[{\"@type\":\"Article\",\"@id\":\"https:\\\/\\\/www.value-marktdaten.de\\\/en\\\/2015\\\/02\\\/03\\\/naiapollo-bueromarkt-frankfurt-2014\\\/#article\",\"isPartOf\":{\"@id\":\"https:\\\/\\\/www.value-marktdaten.de\\\/en\\\/2015\\\/02\\\/03\\\/naiapollo-bueromarkt-frankfurt-2014\\\/\"},\"author\":{\"name\":\"Sebastian Hein\",\"@id\":\"https:\\\/\\\/www.value-marktdaten.de\\\/en\\\/#\\\/schema\\\/person\\\/02906812716f6be89d34952959021b7a\"},\"headline\":\"NAIapollo: B\u00fcromarkt Frankfurt 2014\",\"datePublished\":\"2015-02-03T11:20:54+00:00\",\"dateModified\":\"2020-04-02T13:52:20+00:00\",\"mainEntityOfPage\":{\"@id\":\"https:\\\/\\\/www.value-marktdaten.de\\\/en\\\/2015\\\/02\\\/03\\\/naiapollo-bueromarkt-frankfurt-2014\\\/\"},\"wordCount\":60,\"publisher\":{\"@id\":\"https:\\\/\\\/www.value-marktdaten.de\\\/en\\\/#organization\"},\"keywords\":[\"B\u00fcromarktanalyse\",\"Immobilienmarkt Frankfurt\",\"NAIapollo\"],\"articleSection\":[\"Gewerbeimmobilienmarkt\",\"Immobilienmarktberichte\",\"unsere Kunden\"],\"inLanguage\":\"en-US\"},{\"@type\":\"WebPage\",\"@id\":\"https:\\\/\\\/www.value-marktdaten.de\\\/en\\\/2015\\\/02\\\/03\\\/naiapollo-bueromarkt-frankfurt-2014\\\/\",\"url\":\"https:\\\/\\\/www.value-marktdaten.de\\\/en\\\/2015\\\/02\\\/03\\\/naiapollo-bueromarkt-frankfurt-2014\\\/\",\"name\":\"NAIapollo: B\u00fcromarkt Frankfurt 2014 - Value AG the valuation group\",\"isPartOf\":{\"@id\":\"https:\\\/\\\/www.value-marktdaten.de\\\/en\\\/#website\"},\"datePublished\":\"2015-02-03T11:20:54+00:00\",\"dateModified\":\"2020-04-02T13:52:20+00:00\",\"breadcrumb\":{\"@id\":\"https:\\\/\\\/www.value-marktdaten.de\\\/en\\\/2015\\\/02\\\/03\\\/naiapollo-bueromarkt-frankfurt-2014\\\/#breadcrumb\"},\"inLanguage\":\"en-US\",\"potentialAction\":[{\"@type\":\"ReadAction\",\"target\":[\"https:\\\/\\\/www.value-marktdaten.de\\\/en\\\/2015\\\/02\\\/03\\\/naiapollo-bueromarkt-frankfurt-2014\\\/\"]}]},{\"@type\":\"BreadcrumbList\",\"@id\":\"https:\\\/\\\/www.value-marktdaten.de\\\/en\\\/2015\\\/02\\\/03\\\/naiapollo-bueromarkt-frankfurt-2014\\\/#breadcrumb\",\"itemListElement\":[{\"@type\":\"ListItem\",\"position\":1,\"name\":\"Startseite\",\"item\":\"https:\\\/\\\/www.value-marktdaten.de\\\/en\\\/\"},{\"@type\":\"ListItem\",\"position\":2,\"name\":\"NAIapollo: B\u00fcromarkt Frankfurt 2014\"}]},{\"@type\":\"WebSite\",\"@id\":\"https:\\\/\\\/www.value-marktdaten.de\\\/en\\\/#website\",\"url\":\"https:\\\/\\\/www.value-marktdaten.de\\\/en\\\/\",\"name\":\"Value AG the valuation group\",\"description\":\"Immobilienmarktdaten f\u00fcr Deutschland\",\"publisher\":{\"@id\":\"https:\\\/\\\/www.value-marktdaten.de\\\/en\\\/#organization\"},\"potentialAction\":[{\"@type\":\"SearchAction\",\"target\":{\"@type\":\"EntryPoint\",\"urlTemplate\":\"https:\\\/\\\/www.value-marktdaten.de\\\/en\\\/?s={search_term_string}\"},\"query-input\":{\"@type\":\"PropertyValueSpecification\",\"valueRequired\":true,\"valueName\":\"search_term_string\"}}],\"inLanguage\":\"en-US\"},{\"@type\":\"Organization\",\"@id\":\"https:\\\/\\\/www.value-marktdaten.de\\\/en\\\/#organization\",\"name\":\"Value AG the valuation group\",\"url\":\"https:\\\/\\\/www.value-marktdaten.de\\\/en\\\/\",\"logo\":{\"@type\":\"ImageObject\",\"inLanguage\":\"en-US\",\"@id\":\"https:\\\/\\\/www.value-marktdaten.de\\\/en\\\/#\\\/schema\\\/logo\\\/image\\\/\",\"url\":\"\",\"contentUrl\":\"\",\"caption\":\"Value AG the valuation group\"},\"image\":{\"@id\":\"https:\\\/\\\/www.value-marktdaten.de\\\/en\\\/#\\\/schema\\\/logo\\\/image\\\/\"},\"sameAs\":[\"https:\\\/\\\/x.com\\\/empiricaSysteme\",\"https:\\\/\\\/www.linkedin.com\\\/company\\\/empirica-systeme-gmbh\"]},{\"@type\":\"Person\",\"@id\":\"https:\\\/\\\/www.value-marktdaten.de\\\/en\\\/#\\\/schema\\\/person\\\/02906812716f6be89d34952959021b7a\",\"name\":\"Sebastian Hein\",\"image\":{\"@type\":\"ImageObject\",\"inLanguage\":\"en-US\",\"@id\":\"https:\\\/\\\/secure.gravatar.com\\\/avatar\\\/190c7e8b36fd4b4580e0d4223074c6f628e7f727dc0c703db0a1ad915ca40898?s=96&d=mm&r=g\",\"url\":\"https:\\\/\\\/secure.gravatar.com\\\/avatar\\\/190c7e8b36fd4b4580e0d4223074c6f628e7f727dc0c703db0a1ad915ca40898?s=96&d=mm&r=g\",\"contentUrl\":\"https:\\\/\\\/secure.gravatar.com\\\/avatar\\\/190c7e8b36fd4b4580e0d4223074c6f628e7f727dc0c703db0a1ad915ca40898?s=96&d=mm&r=g\",\"caption\":\"Sebastian Hein\"},\"sameAs\":[\"http:\\\/\\\/www.value-marktdaten.de\"],\"url\":\"https:\\\/\\\/www.value-marktdaten.de\\\/en\\\/author\\\/sebastian-hein\\\/\"}]}<\/script>\n<!-- \/ Yoast SEO plugin. -->","yoast_head_json":{"title":"NAIapollo: B\u00fcromarkt Frankfurt 2014 - Value AG the valuation group","robots":{"index":"index","follow":"follow","max-snippet":"max-snippet:-1","max-image-preview":"max-image-preview:large","max-video-preview":"max-video-preview:-1"},"canonical":"https:\/\/www.value-marktdaten.de\/en\/2015\/02\/03\/naiapollo-bueromarkt-frankfurt-2014\/","og_locale":"en_US","og_type":"article","og_title":"NAIapollo: B\u00fcromarkt Frankfurt 2014 - Value AG the valuation group","og_description":"Die NAIapollo Gruppe hat zum 4. Quartal 2014 umfangreiches Zahlen- und Datenmaterial \u00fcber den B\u00fcromarkt Frankfurt am Main ver\u00f6ffentlicht. Das Unternehmen wertete dabei auch Durchschnitts- und Spitzenmieten f\u00fcr B\u00fcros im Frankfurter Umland auf Basis der empirica-systeme Marktdatenbank aus. Den Marktbericht mit aktuellen Zahlen &amp; Daten zum B\u00fcromarkt Frankfurt am Main erhalten Sie hier.","og_url":"https:\/\/www.value-marktdaten.de\/en\/2015\/02\/03\/naiapollo-bueromarkt-frankfurt-2014\/","og_site_name":"Value AG the valuation group","article_published_time":"2015-02-03T11:20:54+00:00","article_modified_time":"2020-04-02T13:52:20+00:00","author":"Sebastian Hein","twitter_card":"summary_large_image","twitter_creator":"@empiricaSysteme","twitter_site":"@empiricaSysteme","twitter_misc":{"Written by":"Sebastian Hein"},"schema":{"@context":"https:\/\/schema.org","@graph":[{"@type":"Article","@id":"https:\/\/www.value-marktdaten.de\/en\/2015\/02\/03\/naiapollo-bueromarkt-frankfurt-2014\/#article","isPartOf":{"@id":"https:\/\/www.value-marktdaten.de\/en\/2015\/02\/03\/naiapollo-bueromarkt-frankfurt-2014\/"},"author":{"name":"Sebastian Hein","@id":"https:\/\/www.value-marktdaten.de\/en\/#\/schema\/person\/02906812716f6be89d34952959021b7a"},"headline":"NAIapollo: B\u00fcromarkt Frankfurt 2014","datePublished":"2015-02-03T11:20:54+00:00","dateModified":"2020-04-02T13:52:20+00:00","mainEntityOfPage":{"@id":"https:\/\/www.value-marktdaten.de\/en\/2015\/02\/03\/naiapollo-bueromarkt-frankfurt-2014\/"},"wordCount":60,"publisher":{"@id":"https:\/\/www.value-marktdaten.de\/en\/#organization"},"keywords":["B\u00fcromarktanalyse","Immobilienmarkt Frankfurt","NAIapollo"],"articleSection":["Gewerbeimmobilienmarkt","Immobilienmarktberichte","unsere Kunden"],"inLanguage":"en-US"},{"@type":"WebPage","@id":"https:\/\/www.value-marktdaten.de\/en\/2015\/02\/03\/naiapollo-bueromarkt-frankfurt-2014\/","url":"https:\/\/www.value-marktdaten.de\/en\/2015\/02\/03\/naiapollo-bueromarkt-frankfurt-2014\/","name":"NAIapollo: B\u00fcromarkt Frankfurt 2014 - Value AG the valuation group","isPartOf":{"@id":"https:\/\/www.value-marktdaten.de\/en\/#website"},"datePublished":"2015-02-03T11:20:54+00:00","dateModified":"2020-04-02T13:52:20+00:00","breadcrumb":{"@id":"https:\/\/www.value-marktdaten.de\/en\/2015\/02\/03\/naiapollo-bueromarkt-frankfurt-2014\/#breadcrumb"},"inLanguage":"en-US","potentialAction":[{"@type":"ReadAction","target":["https:\/\/www.value-marktdaten.de\/en\/2015\/02\/03\/naiapollo-bueromarkt-frankfurt-2014\/"]}]},{"@type":"BreadcrumbList","@id":"https:\/\/www.value-marktdaten.de\/en\/2015\/02\/03\/naiapollo-bueromarkt-frankfurt-2014\/#breadcrumb","itemListElement":[{"@type":"ListItem","position":1,"name":"Startseite","item":"https:\/\/www.value-marktdaten.de\/en\/"},{"@type":"ListItem","position":2,"name":"NAIapollo: B\u00fcromarkt Frankfurt 2014"}]},{"@type":"WebSite","@id":"https:\/\/www.value-marktdaten.de\/en\/#website","url":"https:\/\/www.value-marktdaten.de\/en\/","name":"Value AG the valuation group","description":"Immobilienmarktdaten f\u00fcr Deutschland","publisher":{"@id":"https:\/\/www.value-marktdaten.de\/en\/#organization"},"potentialAction":[{"@type":"SearchAction","target":{"@type":"EntryPoint","urlTemplate":"https:\/\/www.value-marktdaten.de\/en\/?s={search_term_string}"},"query-input":{"@type":"PropertyValueSpecification","valueRequired":true,"valueName":"search_term_string"}}],"inLanguage":"en-US"},{"@type":"Organization","@id":"https:\/\/www.value-marktdaten.de\/en\/#organization","name":"Value AG the valuation group","url":"https:\/\/www.value-marktdaten.de\/en\/","logo":{"@type":"ImageObject","inLanguage":"en-US","@id":"https:\/\/www.value-marktdaten.de\/en\/#\/schema\/logo\/image\/","url":"","contentUrl":"","caption":"Value AG the valuation group"},"image":{"@id":"https:\/\/www.value-marktdaten.de\/en\/#\/schema\/logo\/image\/"},"sameAs":["https:\/\/x.com\/empiricaSysteme","https:\/\/www.linkedin.com\/company\/empirica-systeme-gmbh"]},{"@type":"Person","@id":"https:\/\/www.value-marktdaten.de\/en\/#\/schema\/person\/02906812716f6be89d34952959021b7a","name":"Sebastian Hein","image":{"@type":"ImageObject","inLanguage":"en-US","@id":"https:\/\/secure.gravatar.com\/avatar\/190c7e8b36fd4b4580e0d4223074c6f628e7f727dc0c703db0a1ad915ca40898?s=96&d=mm&r=g","url":"https:\/\/secure.gravatar.com\/avatar\/190c7e8b36fd4b4580e0d4223074c6f628e7f727dc0c703db0a1ad915ca40898?s=96&d=mm&r=g","contentUrl":"https:\/\/secure.gravatar.com\/avatar\/190c7e8b36fd4b4580e0d4223074c6f628e7f727dc0c703db0a1ad915ca40898?s=96&d=mm&r=g","caption":"Sebastian Hein"},"sameAs":["http:\/\/www.value-marktdaten.de"],"url":"https:\/\/www.value-marktdaten.de\/en\/author\/sebastian-hein\/"}]}},"_links":{"self":[{"href":"https:\/\/www.value-marktdaten.de\/en\/wp-json\/wp\/v2\/posts\/578","targetHints":{"allow":["GET"]}}],"collection":[{"href":"https:\/\/www.value-marktdaten.de\/en\/wp-json\/wp\/v2\/posts"}],"about":[{"href":"https:\/\/www.value-marktdaten.de\/en\/wp-json\/wp\/v2\/types\/post"}],"author":[{"embeddable":true,"href":"https:\/\/www.value-marktdaten.de\/en\/wp-json\/wp\/v2\/users\/2"}],"replies":[{"embeddable":true,"href":"https:\/\/www.value-marktdaten.de\/en\/wp-json\/wp\/v2\/comments?post=578"}],"version-history":[{"count":4,"href":"https:\/\/www.value-marktdaten.de\/en\/wp-json\/wp\/v2\/posts\/578\/revisions"}],"predecessor-version":[{"id":20961,"href":"https:\/\/www.value-marktdaten.de\/en\/wp-json\/wp\/v2\/posts\/578\/revisions\/20961"}],"wp:attachment":[{"href":"https:\/\/www.value-marktdaten.de\/en\/wp-json\/wp\/v2\/media?parent=578"}],"wp:term":[{"taxonomy":"category","embeddable":true,"href":"https:\/\/www.value-marktdaten.de\/en\/wp-json\/wp\/v2\/categories?post=578"},{"taxonomy":"post_tag","embeddable":true,"href":"https:\/\/www.value-marktdaten.de\/en\/wp-json\/wp\/v2\/tags?post=578"}],"curies":[{"name":"wp","href":"https:\/\/api.w.org\/{rel}","templated":true}]}}