{"id":558,"date":"2015-10-05T11:30:05","date_gmt":"2015-10-05T09:30:05","guid":{"rendered":"https:\/\/new.empirica-systeme.de\/?p=558"},"modified":"2023-07-17T08:25:52","modified_gmt":"2023-07-17T06:25:52","slug":"steigende-mieten-in-den-top-7","status":"publish","type":"post","link":"https:\/\/www.value-marktdaten.de\/en\/2015\/10\/05\/steigende-mieten-in-den-top-7\/","title":{"rendered":"Steigende Mieten in den TOP 7"},"content":{"rendered":"<figure id=\"attachment_559\" aria-describedby=\"caption-attachment-559\" style=\"width: 300px\" class=\"wp-caption alignleft\"><img loading=\"lazy\" decoding=\"async\" class=\"wp-image-559 size-medium\" src=\"https:\/\/www.value-marktdaten.de\/wp-content\/uploads\/2015\/10\/Mietpreisentwicklung_2015_Mai_bis_September_TOP7-300x117.png\" alt=\"Mietpreisentwicklung_2015_Mai_bis_September_TOP7\" width=\"300\" height=\"117\" \/><figcaption id=\"caption-attachment-559\" class=\"wp-caption-text\">Mietpreisentwicklung Mai bis September 2015 (fl\u00e4chengew. Mittel)<\/figcaption><\/figure>\n<p>Im Vergleich zum Vormonat August sind in allen Metropolen die Miet\u00adpreise im September 2015 wieder leicht gestiegen. Aus\u00adnahme ist Stuttgart mit einer konstanten Ent\u00adwicklung.<\/p>\n<p>Bezogen auf Mai 2015, dem letzten Monat vor der Miet\u00adpreis\u00adbremse, zeigen sich f\u00fcr Frankfurt am Main, D\u00fcsseldorf und M\u00fcnchen weiter steigende Mieten. Spitzen\u00adreiter ist dabei Frankfurt am Main mit einem An\u00adstieg von 3,4%. M\u00fcnchen (1,8%) und D\u00fcsseldorf (2,5%) ent\u00adwickelten sich moderater.<!--more--><\/p>\n<p>In Berlin und Hamburg, wo bereits ein Greifen der Miet\u00adpreis\u00adbremse attestiert wurde, zeigt sich im letzten Monat ein Miet\u00adanstieg von 0,7% in Berlin und 1,5% in Hamburg. Damit sind die Preisr\u00fcckg\u00e4nge der letzten Monate nahezu wieder ausgeglichen. Im Vergleich zum Mai liegen Berlin (-0,3%) und Hamburg (-0,7%) nur noch leicht unter dem Ausgangsniveau, gleiches gilt f\u00fcr K\u00f6ln (-0,5%).<\/p>\n<p>Ob es sich hier um Bremsversagen handelt oder markt\u00fcbliche Schwankungen bzw. statistische Effekte (vgl. Wirtschaftswoche vom 18.9.2015), k\u00f6nnen wir zum jetzigen Zeit\u00adpunkt nicht sagen. Denn Sie wissen ja: <a href=\"https:\/\/www.empirica-institut.de\/kufa\/empi226lt.pdf\">So schnell schie\u00dfen die Preu\u00dfen nicht<\/a>. Jedenfalls geht es seit August wieder aufw\u00e4rts.<\/p>\n","protected":false},"excerpt":{"rendered":"<p>Im Vergleich zum Vormonat August sind in allen Metropolen die Miet\u00adpreise im September 2015 wieder leicht gestiegen. Aus\u00adnahme ist Stuttgart mit einer konstanten Ent\u00adwicklung. Bezogen auf Mai 2015, dem letzten Monat vor der Miet\u00adpreis\u00adbremse, zeigen sich f\u00fcr Frankfurt am Main, D\u00fcsseldorf und M\u00fcnchen weiter steigende Mieten. Spitzen\u00adreiter ist dabei Frankfurt am Main mit einem An\u00adstieg&hellip;<\/p>\n","protected":false},"author":2,"featured_media":0,"comment_status":"closed","ping_status":"open","sticky":false,"template":"","format":"standard","meta":{"footnotes":""},"categories":[90,89,87],"tags":[38,36,34,49,50,51,66,9],"class_list":["post-558","post","type-post","status-publish","format-standard","hentry","category-immobilienmarktanalyse","category-empirica-systeme-immobilienmarktdaten","category-wohnungsmarkt","tag-immobilienmarkt-berlin","tag-immobilienmarkt-duesseldorf","tag-immobilienmarkt-frankfurt","tag-immobilienmarkt-hamburg","tag-immobilienmarkt-muenchen","tag-immobilienmarkt-stuttgart","tag-mietpreisbremse","tag-mietpreisentwicklung"],"yoast_head":"<!-- This site is optimized with the Yoast SEO plugin v27.5 - https:\/\/yoast.com\/product\/yoast-seo-wordpress\/ -->\n<title>Steigende Mieten in den TOP 7 - Value AG the valuation group<\/title>\n<meta name=\"robots\" content=\"index, follow, max-snippet:-1, max-image-preview:large, max-video-preview:-1\" \/>\n<link rel=\"canonical\" href=\"https:\/\/www.value-marktdaten.de\/en\/2015\/10\/05\/steigende-mieten-in-den-top-7\/\" \/>\n<meta property=\"og:locale\" content=\"en_US\" \/>\n<meta property=\"og:type\" content=\"article\" \/>\n<meta property=\"og:title\" content=\"Steigende Mieten in den TOP 7 - Value AG the valuation group\" \/>\n<meta property=\"og:description\" content=\"Im Vergleich zum Vormonat August sind in allen Metropolen die Miet\u00adpreise im September 2015 wieder leicht gestiegen. Aus\u00adnahme ist Stuttgart mit einer konstanten Ent\u00adwicklung. Bezogen auf Mai 2015, dem letzten Monat vor der Miet\u00adpreis\u00adbremse, zeigen sich f\u00fcr Frankfurt am Main, D\u00fcsseldorf und M\u00fcnchen weiter steigende Mieten. Spitzen\u00adreiter ist dabei Frankfurt am Main mit einem An\u00adstieg&hellip;\" \/>\n<meta property=\"og:url\" content=\"https:\/\/www.value-marktdaten.de\/en\/2015\/10\/05\/steigende-mieten-in-den-top-7\/\" \/>\n<meta property=\"og:site_name\" content=\"Value AG the valuation group\" \/>\n<meta property=\"article:published_time\" content=\"2015-10-05T09:30:05+00:00\" \/>\n<meta property=\"article:modified_time\" content=\"2023-07-17T06:25:52+00:00\" \/>\n<meta property=\"og:image\" content=\"https:\/\/www.value-marktdaten.de\/wp-content\/uploads\/2015\/10\/Mietpreisentwicklung_2015_Mai_bis_September_TOP7-300x117.png\" \/>\n<meta name=\"author\" content=\"Sebastian Hein\" \/>\n<meta name=\"twitter:card\" content=\"summary_large_image\" \/>\n<meta name=\"twitter:creator\" content=\"@empiricaSysteme\" \/>\n<meta name=\"twitter:site\" content=\"@empiricaSysteme\" \/>\n<meta name=\"twitter:label1\" content=\"Written by\" \/>\n\t<meta name=\"twitter:data1\" content=\"Sebastian Hein\" \/>\n\t<meta name=\"twitter:label2\" content=\"Est. reading time\" \/>\n\t<meta name=\"twitter:data2\" content=\"1 minute\" \/>\n<script type=\"application\/ld+json\" class=\"yoast-schema-graph\">{\"@context\":\"https:\\\/\\\/schema.org\",\"@graph\":[{\"@type\":\"Article\",\"@id\":\"https:\\\/\\\/www.value-marktdaten.de\\\/en\\\/2015\\\/10\\\/05\\\/steigende-mieten-in-den-top-7\\\/#article\",\"isPartOf\":{\"@id\":\"https:\\\/\\\/www.value-marktdaten.de\\\/en\\\/2015\\\/10\\\/05\\\/steigende-mieten-in-den-top-7\\\/\"},\"author\":{\"name\":\"Sebastian Hein\",\"@id\":\"https:\\\/\\\/www.value-marktdaten.de\\\/en\\\/#\\\/schema\\\/person\\\/02906812716f6be89d34952959021b7a\"},\"headline\":\"Steigende Mieten in den TOP 7\",\"datePublished\":\"2015-10-05T09:30:05+00:00\",\"dateModified\":\"2023-07-17T06:25:52+00:00\",\"mainEntityOfPage\":{\"@id\":\"https:\\\/\\\/www.value-marktdaten.de\\\/en\\\/2015\\\/10\\\/05\\\/steigende-mieten-in-den-top-7\\\/\"},\"wordCount\":201,\"publisher\":{\"@id\":\"https:\\\/\\\/www.value-marktdaten.de\\\/en\\\/#organization\"},\"image\":{\"@id\":\"https:\\\/\\\/www.value-marktdaten.de\\\/en\\\/2015\\\/10\\\/05\\\/steigende-mieten-in-den-top-7\\\/#primaryimage\"},\"thumbnailUrl\":\"https:\\\/\\\/www.value-marktdaten.de\\\/wp-content\\\/uploads\\\/2015\\\/10\\\/Mietpreisentwicklung_2015_Mai_bis_September_TOP7-300x117.png\",\"keywords\":[\"Immobilienmarkt Berlin\",\"Immobilienmarkt D\u00fcsseldorf\",\"Immobilienmarkt Frankfurt\",\"Immobilienmarkt Hamburg\",\"Immobilienmarkt M\u00fcnchen\",\"Immobilienmarkt Stuttgart\",\"Mietpreisbremse\",\"Mietpreisentwicklung\"],\"articleSection\":[\"Immobilienmarktanalyse\",\"Immobilienmarktdaten\",\"Wohnungsmarkt\"],\"inLanguage\":\"en-US\"},{\"@type\":\"WebPage\",\"@id\":\"https:\\\/\\\/www.value-marktdaten.de\\\/en\\\/2015\\\/10\\\/05\\\/steigende-mieten-in-den-top-7\\\/\",\"url\":\"https:\\\/\\\/www.value-marktdaten.de\\\/en\\\/2015\\\/10\\\/05\\\/steigende-mieten-in-den-top-7\\\/\",\"name\":\"Steigende Mieten in den TOP 7 - Value AG the valuation group\",\"isPartOf\":{\"@id\":\"https:\\\/\\\/www.value-marktdaten.de\\\/en\\\/#website\"},\"primaryImageOfPage\":{\"@id\":\"https:\\\/\\\/www.value-marktdaten.de\\\/en\\\/2015\\\/10\\\/05\\\/steigende-mieten-in-den-top-7\\\/#primaryimage\"},\"image\":{\"@id\":\"https:\\\/\\\/www.value-marktdaten.de\\\/en\\\/2015\\\/10\\\/05\\\/steigende-mieten-in-den-top-7\\\/#primaryimage\"},\"thumbnailUrl\":\"https:\\\/\\\/www.value-marktdaten.de\\\/wp-content\\\/uploads\\\/2015\\\/10\\\/Mietpreisentwicklung_2015_Mai_bis_September_TOP7-300x117.png\",\"datePublished\":\"2015-10-05T09:30:05+00:00\",\"dateModified\":\"2023-07-17T06:25:52+00:00\",\"breadcrumb\":{\"@id\":\"https:\\\/\\\/www.value-marktdaten.de\\\/en\\\/2015\\\/10\\\/05\\\/steigende-mieten-in-den-top-7\\\/#breadcrumb\"},\"inLanguage\":\"en-US\",\"potentialAction\":[{\"@type\":\"ReadAction\",\"target\":[\"https:\\\/\\\/www.value-marktdaten.de\\\/en\\\/2015\\\/10\\\/05\\\/steigende-mieten-in-den-top-7\\\/\"]}]},{\"@type\":\"ImageObject\",\"inLanguage\":\"en-US\",\"@id\":\"https:\\\/\\\/www.value-marktdaten.de\\\/en\\\/2015\\\/10\\\/05\\\/steigende-mieten-in-den-top-7\\\/#primaryimage\",\"url\":\"https:\\\/\\\/www.value-marktdaten.de\\\/wp-content\\\/uploads\\\/2015\\\/10\\\/Mietpreisentwicklung_2015_Mai_bis_September_TOP7-300x117.png\",\"contentUrl\":\"https:\\\/\\\/www.value-marktdaten.de\\\/wp-content\\\/uploads\\\/2015\\\/10\\\/Mietpreisentwicklung_2015_Mai_bis_September_TOP7-300x117.png\"},{\"@type\":\"BreadcrumbList\",\"@id\":\"https:\\\/\\\/www.value-marktdaten.de\\\/en\\\/2015\\\/10\\\/05\\\/steigende-mieten-in-den-top-7\\\/#breadcrumb\",\"itemListElement\":[{\"@type\":\"ListItem\",\"position\":1,\"name\":\"Startseite\",\"item\":\"https:\\\/\\\/www.value-marktdaten.de\\\/en\\\/\"},{\"@type\":\"ListItem\",\"position\":2,\"name\":\"Steigende Mieten in den TOP 7\"}]},{\"@type\":\"WebSite\",\"@id\":\"https:\\\/\\\/www.value-marktdaten.de\\\/en\\\/#website\",\"url\":\"https:\\\/\\\/www.value-marktdaten.de\\\/en\\\/\",\"name\":\"Value AG the valuation group\",\"description\":\"Immobilienmarktdaten f\u00fcr Deutschland\",\"publisher\":{\"@id\":\"https:\\\/\\\/www.value-marktdaten.de\\\/en\\\/#organization\"},\"potentialAction\":[{\"@type\":\"SearchAction\",\"target\":{\"@type\":\"EntryPoint\",\"urlTemplate\":\"https:\\\/\\\/www.value-marktdaten.de\\\/en\\\/?s={search_term_string}\"},\"query-input\":{\"@type\":\"PropertyValueSpecification\",\"valueRequired\":true,\"valueName\":\"search_term_string\"}}],\"inLanguage\":\"en-US\"},{\"@type\":\"Organization\",\"@id\":\"https:\\\/\\\/www.value-marktdaten.de\\\/en\\\/#organization\",\"name\":\"Value AG the valuation group\",\"url\":\"https:\\\/\\\/www.value-marktdaten.de\\\/en\\\/\",\"logo\":{\"@type\":\"ImageObject\",\"inLanguage\":\"en-US\",\"@id\":\"https:\\\/\\\/www.value-marktdaten.de\\\/en\\\/#\\\/schema\\\/logo\\\/image\\\/\",\"url\":\"\",\"contentUrl\":\"\",\"caption\":\"Value AG the valuation group\"},\"image\":{\"@id\":\"https:\\\/\\\/www.value-marktdaten.de\\\/en\\\/#\\\/schema\\\/logo\\\/image\\\/\"},\"sameAs\":[\"https:\\\/\\\/x.com\\\/empiricaSysteme\",\"https:\\\/\\\/www.linkedin.com\\\/company\\\/empirica-systeme-gmbh\"]},{\"@type\":\"Person\",\"@id\":\"https:\\\/\\\/www.value-marktdaten.de\\\/en\\\/#\\\/schema\\\/person\\\/02906812716f6be89d34952959021b7a\",\"name\":\"Sebastian Hein\",\"image\":{\"@type\":\"ImageObject\",\"inLanguage\":\"en-US\",\"@id\":\"https:\\\/\\\/secure.gravatar.com\\\/avatar\\\/190c7e8b36fd4b4580e0d4223074c6f628e7f727dc0c703db0a1ad915ca40898?s=96&d=mm&r=g\",\"url\":\"https:\\\/\\\/secure.gravatar.com\\\/avatar\\\/190c7e8b36fd4b4580e0d4223074c6f628e7f727dc0c703db0a1ad915ca40898?s=96&d=mm&r=g\",\"contentUrl\":\"https:\\\/\\\/secure.gravatar.com\\\/avatar\\\/190c7e8b36fd4b4580e0d4223074c6f628e7f727dc0c703db0a1ad915ca40898?s=96&d=mm&r=g\",\"caption\":\"Sebastian Hein\"},\"sameAs\":[\"http:\\\/\\\/www.value-marktdaten.de\"],\"url\":\"https:\\\/\\\/www.value-marktdaten.de\\\/en\\\/author\\\/sebastian-hein\\\/\"}]}<\/script>\n<!-- \/ Yoast SEO plugin. -->","yoast_head_json":{"title":"Steigende Mieten in den TOP 7 - Value AG the valuation group","robots":{"index":"index","follow":"follow","max-snippet":"max-snippet:-1","max-image-preview":"max-image-preview:large","max-video-preview":"max-video-preview:-1"},"canonical":"https:\/\/www.value-marktdaten.de\/en\/2015\/10\/05\/steigende-mieten-in-den-top-7\/","og_locale":"en_US","og_type":"article","og_title":"Steigende Mieten in den TOP 7 - Value AG the valuation group","og_description":"Im Vergleich zum Vormonat August sind in allen Metropolen die Miet\u00adpreise im September 2015 wieder leicht gestiegen. Aus\u00adnahme ist Stuttgart mit einer konstanten Ent\u00adwicklung. Bezogen auf Mai 2015, dem letzten Monat vor der Miet\u00adpreis\u00adbremse, zeigen sich f\u00fcr Frankfurt am Main, D\u00fcsseldorf und M\u00fcnchen weiter steigende Mieten. Spitzen\u00adreiter ist dabei Frankfurt am Main mit einem An\u00adstieg&hellip;","og_url":"https:\/\/www.value-marktdaten.de\/en\/2015\/10\/05\/steigende-mieten-in-den-top-7\/","og_site_name":"Value AG the valuation group","article_published_time":"2015-10-05T09:30:05+00:00","article_modified_time":"2023-07-17T06:25:52+00:00","og_image":[{"url":"https:\/\/www.value-marktdaten.de\/wp-content\/uploads\/2015\/10\/Mietpreisentwicklung_2015_Mai_bis_September_TOP7-300x117.png","type":"","width":"","height":""}],"author":"Sebastian Hein","twitter_card":"summary_large_image","twitter_creator":"@empiricaSysteme","twitter_site":"@empiricaSysteme","twitter_misc":{"Written by":"Sebastian Hein","Est. reading time":"1 minute"},"schema":{"@context":"https:\/\/schema.org","@graph":[{"@type":"Article","@id":"https:\/\/www.value-marktdaten.de\/en\/2015\/10\/05\/steigende-mieten-in-den-top-7\/#article","isPartOf":{"@id":"https:\/\/www.value-marktdaten.de\/en\/2015\/10\/05\/steigende-mieten-in-den-top-7\/"},"author":{"name":"Sebastian Hein","@id":"https:\/\/www.value-marktdaten.de\/en\/#\/schema\/person\/02906812716f6be89d34952959021b7a"},"headline":"Steigende Mieten in den TOP 7","datePublished":"2015-10-05T09:30:05+00:00","dateModified":"2023-07-17T06:25:52+00:00","mainEntityOfPage":{"@id":"https:\/\/www.value-marktdaten.de\/en\/2015\/10\/05\/steigende-mieten-in-den-top-7\/"},"wordCount":201,"publisher":{"@id":"https:\/\/www.value-marktdaten.de\/en\/#organization"},"image":{"@id":"https:\/\/www.value-marktdaten.de\/en\/2015\/10\/05\/steigende-mieten-in-den-top-7\/#primaryimage"},"thumbnailUrl":"https:\/\/www.value-marktdaten.de\/wp-content\/uploads\/2015\/10\/Mietpreisentwicklung_2015_Mai_bis_September_TOP7-300x117.png","keywords":["Immobilienmarkt Berlin","Immobilienmarkt D\u00fcsseldorf","Immobilienmarkt Frankfurt","Immobilienmarkt Hamburg","Immobilienmarkt M\u00fcnchen","Immobilienmarkt Stuttgart","Mietpreisbremse","Mietpreisentwicklung"],"articleSection":["Immobilienmarktanalyse","Immobilienmarktdaten","Wohnungsmarkt"],"inLanguage":"en-US"},{"@type":"WebPage","@id":"https:\/\/www.value-marktdaten.de\/en\/2015\/10\/05\/steigende-mieten-in-den-top-7\/","url":"https:\/\/www.value-marktdaten.de\/en\/2015\/10\/05\/steigende-mieten-in-den-top-7\/","name":"Steigende Mieten in den TOP 7 - Value AG the valuation group","isPartOf":{"@id":"https:\/\/www.value-marktdaten.de\/en\/#website"},"primaryImageOfPage":{"@id":"https:\/\/www.value-marktdaten.de\/en\/2015\/10\/05\/steigende-mieten-in-den-top-7\/#primaryimage"},"image":{"@id":"https:\/\/www.value-marktdaten.de\/en\/2015\/10\/05\/steigende-mieten-in-den-top-7\/#primaryimage"},"thumbnailUrl":"https:\/\/www.value-marktdaten.de\/wp-content\/uploads\/2015\/10\/Mietpreisentwicklung_2015_Mai_bis_September_TOP7-300x117.png","datePublished":"2015-10-05T09:30:05+00:00","dateModified":"2023-07-17T06:25:52+00:00","breadcrumb":{"@id":"https:\/\/www.value-marktdaten.de\/en\/2015\/10\/05\/steigende-mieten-in-den-top-7\/#breadcrumb"},"inLanguage":"en-US","potentialAction":[{"@type":"ReadAction","target":["https:\/\/www.value-marktdaten.de\/en\/2015\/10\/05\/steigende-mieten-in-den-top-7\/"]}]},{"@type":"ImageObject","inLanguage":"en-US","@id":"https:\/\/www.value-marktdaten.de\/en\/2015\/10\/05\/steigende-mieten-in-den-top-7\/#primaryimage","url":"https:\/\/www.value-marktdaten.de\/wp-content\/uploads\/2015\/10\/Mietpreisentwicklung_2015_Mai_bis_September_TOP7-300x117.png","contentUrl":"https:\/\/www.value-marktdaten.de\/wp-content\/uploads\/2015\/10\/Mietpreisentwicklung_2015_Mai_bis_September_TOP7-300x117.png"},{"@type":"BreadcrumbList","@id":"https:\/\/www.value-marktdaten.de\/en\/2015\/10\/05\/steigende-mieten-in-den-top-7\/#breadcrumb","itemListElement":[{"@type":"ListItem","position":1,"name":"Startseite","item":"https:\/\/www.value-marktdaten.de\/en\/"},{"@type":"ListItem","position":2,"name":"Steigende Mieten in den TOP 7"}]},{"@type":"WebSite","@id":"https:\/\/www.value-marktdaten.de\/en\/#website","url":"https:\/\/www.value-marktdaten.de\/en\/","name":"Value AG the valuation group","description":"Immobilienmarktdaten f\u00fcr Deutschland","publisher":{"@id":"https:\/\/www.value-marktdaten.de\/en\/#organization"},"potentialAction":[{"@type":"SearchAction","target":{"@type":"EntryPoint","urlTemplate":"https:\/\/www.value-marktdaten.de\/en\/?s={search_term_string}"},"query-input":{"@type":"PropertyValueSpecification","valueRequired":true,"valueName":"search_term_string"}}],"inLanguage":"en-US"},{"@type":"Organization","@id":"https:\/\/www.value-marktdaten.de\/en\/#organization","name":"Value AG the valuation group","url":"https:\/\/www.value-marktdaten.de\/en\/","logo":{"@type":"ImageObject","inLanguage":"en-US","@id":"https:\/\/www.value-marktdaten.de\/en\/#\/schema\/logo\/image\/","url":"","contentUrl":"","caption":"Value AG the valuation group"},"image":{"@id":"https:\/\/www.value-marktdaten.de\/en\/#\/schema\/logo\/image\/"},"sameAs":["https:\/\/x.com\/empiricaSysteme","https:\/\/www.linkedin.com\/company\/empirica-systeme-gmbh"]},{"@type":"Person","@id":"https:\/\/www.value-marktdaten.de\/en\/#\/schema\/person\/02906812716f6be89d34952959021b7a","name":"Sebastian Hein","image":{"@type":"ImageObject","inLanguage":"en-US","@id":"https:\/\/secure.gravatar.com\/avatar\/190c7e8b36fd4b4580e0d4223074c6f628e7f727dc0c703db0a1ad915ca40898?s=96&d=mm&r=g","url":"https:\/\/secure.gravatar.com\/avatar\/190c7e8b36fd4b4580e0d4223074c6f628e7f727dc0c703db0a1ad915ca40898?s=96&d=mm&r=g","contentUrl":"https:\/\/secure.gravatar.com\/avatar\/190c7e8b36fd4b4580e0d4223074c6f628e7f727dc0c703db0a1ad915ca40898?s=96&d=mm&r=g","caption":"Sebastian Hein"},"sameAs":["http:\/\/www.value-marktdaten.de"],"url":"https:\/\/www.value-marktdaten.de\/en\/author\/sebastian-hein\/"}]}},"_links":{"self":[{"href":"https:\/\/www.value-marktdaten.de\/en\/wp-json\/wp\/v2\/posts\/558","targetHints":{"allow":["GET"]}}],"collection":[{"href":"https:\/\/www.value-marktdaten.de\/en\/wp-json\/wp\/v2\/posts"}],"about":[{"href":"https:\/\/www.value-marktdaten.de\/en\/wp-json\/wp\/v2\/types\/post"}],"author":[{"embeddable":true,"href":"https:\/\/www.value-marktdaten.de\/en\/wp-json\/wp\/v2\/users\/2"}],"replies":[{"embeddable":true,"href":"https:\/\/www.value-marktdaten.de\/en\/wp-json\/wp\/v2\/comments?post=558"}],"version-history":[{"count":10,"href":"https:\/\/www.value-marktdaten.de\/en\/wp-json\/wp\/v2\/posts\/558\/revisions"}],"predecessor-version":[{"id":71439,"href":"https:\/\/www.value-marktdaten.de\/en\/wp-json\/wp\/v2\/posts\/558\/revisions\/71439"}],"wp:attachment":[{"href":"https:\/\/www.value-marktdaten.de\/en\/wp-json\/wp\/v2\/media?parent=558"}],"wp:term":[{"taxonomy":"category","embeddable":true,"href":"https:\/\/www.value-marktdaten.de\/en\/wp-json\/wp\/v2\/categories?post=558"},{"taxonomy":"post_tag","embeddable":true,"href":"https:\/\/www.value-marktdaten.de\/en\/wp-json\/wp\/v2\/tags?post=558"}],"curies":[{"name":"wp","href":"https:\/\/api.w.org\/{rel}","templated":true}]}}