{"id":5509,"date":"2018-07-10T22:54:22","date_gmt":"2018-07-10T20:54:22","guid":{"rendered":"https:\/\/www.empirica-systeme.de\/?p=5509"},"modified":"2021-04-20T22:34:41","modified_gmt":"2021-04-20T20:34:41","slug":"empirica-immobilienpreisindex-ii-2018","status":"publish","type":"post","link":"https:\/\/www.value-marktdaten.de\/en\/2018\/07\/10\/empirica-immobilienpreisindex-ii-2018\/","title":{"rendered":"empirica-Immobilienpreisindex II\/2018"},"content":{"rendered":"<p>Es geht weiter: Die Immobilienpreise und die Mieten kletterten auch im 2. Quartal 2018, wie der aktuelle Immobilienpreisindex von empirica verr\u00e4t. Seit Beginn der Zeitreihe im 1. Quartal 2004 sind die inserierten Kaufpreise f\u00fcr neue Eigentumswohnungen um 52,7% gestiegen, in den kreisfreien St\u00e4dten um 73,2%. In Landkreisen haben sie im selben Zeitraum um 41,1% zugelegt.<\/p>\n<figure id=\"attachment_5437\" aria-describedby=\"caption-attachment-5437\" style=\"width: 600px\" class=\"wp-caption aligncenter\"><img loading=\"lazy\" decoding=\"async\" class=\"wp-image-5437 size-full\" src=\"https:\/\/www.value-marktdaten.de\/wp-content\/uploads\/2018\/07\/2018-07-09-16_28_27-Immobilienpreisindex__Neubau_ETW_Q22018-1-e1531147091881.png\" alt=\"\" width=\"600\" height=\"211\" \/><figcaption id=\"caption-attachment-5437\" class=\"wp-caption-text\">empirica-Immobilienpreisindex: ETW, Neubau, 1.Q\u201804=100 (Quelle: empirica ag 2018)<\/figcaption><\/figure>\n<p>Wenn nichts Neues passiert, gibt es auch nichts Neues zu berichten. Solange man auch sucht, Wendepunkte sind nicht auffindbar &#8211; zumindest nicht in unseren Immobilienmarktdaten. Aber das ist ja auch keine schlechte Nachricht. Oder?<\/p>\n<p>Weitere Informationen zum empirica-Immobilienpreisindex erhalten Sie von\u00a0<a href=\"https:\/\/www.empirica-institut.de\/nachrichten\/\" target=\"_blank\" rel=\"noopener\">empirica.<\/a><\/p>\n<p>Bei Fragen zu unseren Immobilienmarktdaten kontaktieren Sie uns\u00a0<a href=\"https:\/\/www.value-marktdaten.de\/kontakt\/\" target=\"_blank\" rel=\"noopener\">hier<\/a><\/p>\n","protected":false},"excerpt":{"rendered":"<p>Es geht weiter: Die Immobilienpreise und die Mieten kletterten auch im 2. Quartal 2018, wie der aktuelle Immobilienpreisindex von empirica verr\u00e4t. Seit Beginn der Zeitreihe im 1. Quartal 2004 sind die inserierten Kaufpreise f\u00fcr neue Eigentumswohnungen um 52,7% gestiegen, in den kreisfreien St\u00e4dten um 73,2%. In Landkreisen haben sie im selben Zeitraum um 41,1% zugelegt.&hellip;<\/p>\n","protected":false},"author":2,"featured_media":0,"comment_status":"closed","ping_status":"closed","sticky":false,"template":"","format":"standard","meta":{"footnotes":""},"categories":[281,238,276,224],"tags":[305,284,287,306,221],"class_list":["post-5509","post","type-post","status-publish","format-standard","hentry","category-empirica-immobilienpreisindex-en","category-wohnungsmarkt-en","category-unsere-kunden-en","category-empirica-systeme-immobilienmarktdaten-en","tag-angebotspreisdaten-en","tag-empirica-en","tag-immobiliendaten-en","tag-immobilienzyklus-en","tag-angebotsmieten-en"],"yoast_head":"<!-- This site is optimized with the Yoast SEO plugin v27.5 - https:\/\/yoast.com\/product\/yoast-seo-wordpress\/ -->\n<title>empirica-Immobilienpreisindex II\/2018 - Value AG the valuation group<\/title>\n<meta name=\"robots\" content=\"index, follow, max-snippet:-1, max-image-preview:large, max-video-preview:-1\" \/>\n<link rel=\"canonical\" href=\"https:\/\/www.value-marktdaten.de\/en\/2018\/07\/10\/empirica-immobilienpreisindex-ii-2018\/\" \/>\n<meta property=\"og:locale\" content=\"en_US\" \/>\n<meta property=\"og:type\" content=\"article\" \/>\n<meta property=\"og:title\" content=\"empirica-Immobilienpreisindex II\/2018 - Value AG the valuation group\" \/>\n<meta property=\"og:description\" content=\"Es geht weiter: Die Immobilienpreise und die Mieten kletterten auch im 2. Quartal 2018, wie der aktuelle Immobilienpreisindex von empirica verr\u00e4t. Seit Beginn der Zeitreihe im 1. Quartal 2004 sind die inserierten Kaufpreise f\u00fcr neue Eigentumswohnungen um 52,7% gestiegen, in den kreisfreien St\u00e4dten um 73,2%. In Landkreisen haben sie im selben Zeitraum um 41,1% zugelegt.&hellip;\" \/>\n<meta property=\"og:url\" content=\"https:\/\/www.value-marktdaten.de\/en\/2018\/07\/10\/empirica-immobilienpreisindex-ii-2018\/\" \/>\n<meta property=\"og:site_name\" content=\"Value AG the valuation group\" \/>\n<meta property=\"article:published_time\" content=\"2018-07-10T20:54:22+00:00\" \/>\n<meta property=\"article:modified_time\" content=\"2021-04-20T20:34:41+00:00\" \/>\n<meta property=\"og:image\" content=\"https:\/\/www.value-marktdaten.de\/wp-content\/uploads\/2018\/07\/2018-07-09-16_28_27-Immobilienpreisindex__Neubau_ETW_Q22018-1-e1531147091881.png\" \/>\n<meta name=\"author\" content=\"Sebastian Hein\" \/>\n<meta name=\"twitter:card\" content=\"summary_large_image\" \/>\n<meta name=\"twitter:creator\" content=\"@empiricaSysteme\" \/>\n<meta name=\"twitter:site\" content=\"@empiricaSysteme\" \/>\n<meta name=\"twitter:label1\" content=\"Written by\" \/>\n\t<meta name=\"twitter:data1\" content=\"Sebastian Hein\" \/>\n\t<meta name=\"twitter:label2\" content=\"Est. reading time\" \/>\n\t<meta name=\"twitter:data2\" content=\"1 minute\" \/>\n<script type=\"application\/ld+json\" class=\"yoast-schema-graph\">{\"@context\":\"https:\\\/\\\/schema.org\",\"@graph\":[{\"@type\":\"Article\",\"@id\":\"https:\\\/\\\/www.value-marktdaten.de\\\/en\\\/2018\\\/07\\\/10\\\/empirica-immobilienpreisindex-ii-2018\\\/#article\",\"isPartOf\":{\"@id\":\"https:\\\/\\\/www.value-marktdaten.de\\\/en\\\/2018\\\/07\\\/10\\\/empirica-immobilienpreisindex-ii-2018\\\/\"},\"author\":{\"name\":\"Sebastian Hein\",\"@id\":\"https:\\\/\\\/www.value-marktdaten.de\\\/en\\\/#\\\/schema\\\/person\\\/02906812716f6be89d34952959021b7a\"},\"headline\":\"empirica-Immobilienpreisindex II\\\/2018\",\"datePublished\":\"2018-07-10T20:54:22+00:00\",\"dateModified\":\"2021-04-20T20:34:41+00:00\",\"mainEntityOfPage\":{\"@id\":\"https:\\\/\\\/www.value-marktdaten.de\\\/en\\\/2018\\\/07\\\/10\\\/empirica-immobilienpreisindex-ii-2018\\\/\"},\"wordCount\":118,\"publisher\":{\"@id\":\"https:\\\/\\\/www.value-marktdaten.de\\\/en\\\/#organization\"},\"image\":{\"@id\":\"https:\\\/\\\/www.value-marktdaten.de\\\/en\\\/2018\\\/07\\\/10\\\/empirica-immobilienpreisindex-ii-2018\\\/#primaryimage\"},\"thumbnailUrl\":\"https:\\\/\\\/www.value-marktdaten.de\\\/wp-content\\\/uploads\\\/2018\\\/07\\\/2018-07-09-16_28_27-Immobilienpreisindex__Neubau_ETW_Q22018-1-e1531147091881.png\",\"keywords\":[\"Angebotspreisdaten\",\"empirica\",\"Immobiliendaten\",\"Immobilienzyklus\",\"rental rates\"],\"articleSection\":[\"empirica-Property-Index\",\"Housing Market\",\"our customers\",\"Real Estate Market Data\"],\"inLanguage\":\"en-US\"},{\"@type\":\"WebPage\",\"@id\":\"https:\\\/\\\/www.value-marktdaten.de\\\/en\\\/2018\\\/07\\\/10\\\/empirica-immobilienpreisindex-ii-2018\\\/\",\"url\":\"https:\\\/\\\/www.value-marktdaten.de\\\/en\\\/2018\\\/07\\\/10\\\/empirica-immobilienpreisindex-ii-2018\\\/\",\"name\":\"empirica-Immobilienpreisindex II\\\/2018 - Value AG the valuation group\",\"isPartOf\":{\"@id\":\"https:\\\/\\\/www.value-marktdaten.de\\\/en\\\/#website\"},\"primaryImageOfPage\":{\"@id\":\"https:\\\/\\\/www.value-marktdaten.de\\\/en\\\/2018\\\/07\\\/10\\\/empirica-immobilienpreisindex-ii-2018\\\/#primaryimage\"},\"image\":{\"@id\":\"https:\\\/\\\/www.value-marktdaten.de\\\/en\\\/2018\\\/07\\\/10\\\/empirica-immobilienpreisindex-ii-2018\\\/#primaryimage\"},\"thumbnailUrl\":\"https:\\\/\\\/www.value-marktdaten.de\\\/wp-content\\\/uploads\\\/2018\\\/07\\\/2018-07-09-16_28_27-Immobilienpreisindex__Neubau_ETW_Q22018-1-e1531147091881.png\",\"datePublished\":\"2018-07-10T20:54:22+00:00\",\"dateModified\":\"2021-04-20T20:34:41+00:00\",\"breadcrumb\":{\"@id\":\"https:\\\/\\\/www.value-marktdaten.de\\\/en\\\/2018\\\/07\\\/10\\\/empirica-immobilienpreisindex-ii-2018\\\/#breadcrumb\"},\"inLanguage\":\"en-US\",\"potentialAction\":[{\"@type\":\"ReadAction\",\"target\":[\"https:\\\/\\\/www.value-marktdaten.de\\\/en\\\/2018\\\/07\\\/10\\\/empirica-immobilienpreisindex-ii-2018\\\/\"]}]},{\"@type\":\"ImageObject\",\"inLanguage\":\"en-US\",\"@id\":\"https:\\\/\\\/www.value-marktdaten.de\\\/en\\\/2018\\\/07\\\/10\\\/empirica-immobilienpreisindex-ii-2018\\\/#primaryimage\",\"url\":\"https:\\\/\\\/www.value-marktdaten.de\\\/wp-content\\\/uploads\\\/2018\\\/07\\\/2018-07-09-16_28_27-Immobilienpreisindex__Neubau_ETW_Q22018-1-e1531147091881.png\",\"contentUrl\":\"https:\\\/\\\/www.value-marktdaten.de\\\/wp-content\\\/uploads\\\/2018\\\/07\\\/2018-07-09-16_28_27-Immobilienpreisindex__Neubau_ETW_Q22018-1-e1531147091881.png\"},{\"@type\":\"BreadcrumbList\",\"@id\":\"https:\\\/\\\/www.value-marktdaten.de\\\/en\\\/2018\\\/07\\\/10\\\/empirica-immobilienpreisindex-ii-2018\\\/#breadcrumb\",\"itemListElement\":[{\"@type\":\"ListItem\",\"position\":1,\"name\":\"Startseite\",\"item\":\"https:\\\/\\\/www.value-marktdaten.de\\\/en\\\/\"},{\"@type\":\"ListItem\",\"position\":2,\"name\":\"empirica-Immobilienpreisindex II\\\/2018\"}]},{\"@type\":\"WebSite\",\"@id\":\"https:\\\/\\\/www.value-marktdaten.de\\\/en\\\/#website\",\"url\":\"https:\\\/\\\/www.value-marktdaten.de\\\/en\\\/\",\"name\":\"Value AG the valuation group\",\"description\":\"Immobilienmarktdaten f\u00fcr Deutschland\",\"publisher\":{\"@id\":\"https:\\\/\\\/www.value-marktdaten.de\\\/en\\\/#organization\"},\"potentialAction\":[{\"@type\":\"SearchAction\",\"target\":{\"@type\":\"EntryPoint\",\"urlTemplate\":\"https:\\\/\\\/www.value-marktdaten.de\\\/en\\\/?s={search_term_string}\"},\"query-input\":{\"@type\":\"PropertyValueSpecification\",\"valueRequired\":true,\"valueName\":\"search_term_string\"}}],\"inLanguage\":\"en-US\"},{\"@type\":\"Organization\",\"@id\":\"https:\\\/\\\/www.value-marktdaten.de\\\/en\\\/#organization\",\"name\":\"Value AG the valuation group\",\"url\":\"https:\\\/\\\/www.value-marktdaten.de\\\/en\\\/\",\"logo\":{\"@type\":\"ImageObject\",\"inLanguage\":\"en-US\",\"@id\":\"https:\\\/\\\/www.value-marktdaten.de\\\/en\\\/#\\\/schema\\\/logo\\\/image\\\/\",\"url\":\"\",\"contentUrl\":\"\",\"caption\":\"Value AG the valuation group\"},\"image\":{\"@id\":\"https:\\\/\\\/www.value-marktdaten.de\\\/en\\\/#\\\/schema\\\/logo\\\/image\\\/\"},\"sameAs\":[\"https:\\\/\\\/x.com\\\/empiricaSysteme\",\"https:\\\/\\\/www.linkedin.com\\\/company\\\/empirica-systeme-gmbh\"]},{\"@type\":\"Person\",\"@id\":\"https:\\\/\\\/www.value-marktdaten.de\\\/en\\\/#\\\/schema\\\/person\\\/02906812716f6be89d34952959021b7a\",\"name\":\"Sebastian Hein\",\"image\":{\"@type\":\"ImageObject\",\"inLanguage\":\"en-US\",\"@id\":\"https:\\\/\\\/secure.gravatar.com\\\/avatar\\\/190c7e8b36fd4b4580e0d4223074c6f628e7f727dc0c703db0a1ad915ca40898?s=96&d=mm&r=g\",\"url\":\"https:\\\/\\\/secure.gravatar.com\\\/avatar\\\/190c7e8b36fd4b4580e0d4223074c6f628e7f727dc0c703db0a1ad915ca40898?s=96&d=mm&r=g\",\"contentUrl\":\"https:\\\/\\\/secure.gravatar.com\\\/avatar\\\/190c7e8b36fd4b4580e0d4223074c6f628e7f727dc0c703db0a1ad915ca40898?s=96&d=mm&r=g\",\"caption\":\"Sebastian Hein\"},\"sameAs\":[\"http:\\\/\\\/www.value-marktdaten.de\"],\"url\":\"https:\\\/\\\/www.value-marktdaten.de\\\/en\\\/author\\\/sebastian-hein\\\/\"}]}<\/script>\n<!-- \/ Yoast SEO plugin. -->","yoast_head_json":{"title":"empirica-Immobilienpreisindex II\/2018 - Value AG the valuation group","robots":{"index":"index","follow":"follow","max-snippet":"max-snippet:-1","max-image-preview":"max-image-preview:large","max-video-preview":"max-video-preview:-1"},"canonical":"https:\/\/www.value-marktdaten.de\/en\/2018\/07\/10\/empirica-immobilienpreisindex-ii-2018\/","og_locale":"en_US","og_type":"article","og_title":"empirica-Immobilienpreisindex II\/2018 - Value AG the valuation group","og_description":"Es geht weiter: Die Immobilienpreise und die Mieten kletterten auch im 2. Quartal 2018, wie der aktuelle Immobilienpreisindex von empirica verr\u00e4t. Seit Beginn der Zeitreihe im 1. Quartal 2004 sind die inserierten Kaufpreise f\u00fcr neue Eigentumswohnungen um 52,7% gestiegen, in den kreisfreien St\u00e4dten um 73,2%. In Landkreisen haben sie im selben Zeitraum um 41,1% zugelegt.&hellip;","og_url":"https:\/\/www.value-marktdaten.de\/en\/2018\/07\/10\/empirica-immobilienpreisindex-ii-2018\/","og_site_name":"Value AG the valuation group","article_published_time":"2018-07-10T20:54:22+00:00","article_modified_time":"2021-04-20T20:34:41+00:00","og_image":[{"url":"https:\/\/www.value-marktdaten.de\/wp-content\/uploads\/2018\/07\/2018-07-09-16_28_27-Immobilienpreisindex__Neubau_ETW_Q22018-1-e1531147091881.png","type":"","width":"","height":""}],"author":"Sebastian Hein","twitter_card":"summary_large_image","twitter_creator":"@empiricaSysteme","twitter_site":"@empiricaSysteme","twitter_misc":{"Written by":"Sebastian Hein","Est. reading time":"1 minute"},"schema":{"@context":"https:\/\/schema.org","@graph":[{"@type":"Article","@id":"https:\/\/www.value-marktdaten.de\/en\/2018\/07\/10\/empirica-immobilienpreisindex-ii-2018\/#article","isPartOf":{"@id":"https:\/\/www.value-marktdaten.de\/en\/2018\/07\/10\/empirica-immobilienpreisindex-ii-2018\/"},"author":{"name":"Sebastian Hein","@id":"https:\/\/www.value-marktdaten.de\/en\/#\/schema\/person\/02906812716f6be89d34952959021b7a"},"headline":"empirica-Immobilienpreisindex II\/2018","datePublished":"2018-07-10T20:54:22+00:00","dateModified":"2021-04-20T20:34:41+00:00","mainEntityOfPage":{"@id":"https:\/\/www.value-marktdaten.de\/en\/2018\/07\/10\/empirica-immobilienpreisindex-ii-2018\/"},"wordCount":118,"publisher":{"@id":"https:\/\/www.value-marktdaten.de\/en\/#organization"},"image":{"@id":"https:\/\/www.value-marktdaten.de\/en\/2018\/07\/10\/empirica-immobilienpreisindex-ii-2018\/#primaryimage"},"thumbnailUrl":"https:\/\/www.value-marktdaten.de\/wp-content\/uploads\/2018\/07\/2018-07-09-16_28_27-Immobilienpreisindex__Neubau_ETW_Q22018-1-e1531147091881.png","keywords":["Angebotspreisdaten","empirica","Immobiliendaten","Immobilienzyklus","rental rates"],"articleSection":["empirica-Property-Index","Housing Market","our customers","Real Estate Market Data"],"inLanguage":"en-US"},{"@type":"WebPage","@id":"https:\/\/www.value-marktdaten.de\/en\/2018\/07\/10\/empirica-immobilienpreisindex-ii-2018\/","url":"https:\/\/www.value-marktdaten.de\/en\/2018\/07\/10\/empirica-immobilienpreisindex-ii-2018\/","name":"empirica-Immobilienpreisindex II\/2018 - Value AG the valuation group","isPartOf":{"@id":"https:\/\/www.value-marktdaten.de\/en\/#website"},"primaryImageOfPage":{"@id":"https:\/\/www.value-marktdaten.de\/en\/2018\/07\/10\/empirica-immobilienpreisindex-ii-2018\/#primaryimage"},"image":{"@id":"https:\/\/www.value-marktdaten.de\/en\/2018\/07\/10\/empirica-immobilienpreisindex-ii-2018\/#primaryimage"},"thumbnailUrl":"https:\/\/www.value-marktdaten.de\/wp-content\/uploads\/2018\/07\/2018-07-09-16_28_27-Immobilienpreisindex__Neubau_ETW_Q22018-1-e1531147091881.png","datePublished":"2018-07-10T20:54:22+00:00","dateModified":"2021-04-20T20:34:41+00:00","breadcrumb":{"@id":"https:\/\/www.value-marktdaten.de\/en\/2018\/07\/10\/empirica-immobilienpreisindex-ii-2018\/#breadcrumb"},"inLanguage":"en-US","potentialAction":[{"@type":"ReadAction","target":["https:\/\/www.value-marktdaten.de\/en\/2018\/07\/10\/empirica-immobilienpreisindex-ii-2018\/"]}]},{"@type":"ImageObject","inLanguage":"en-US","@id":"https:\/\/www.value-marktdaten.de\/en\/2018\/07\/10\/empirica-immobilienpreisindex-ii-2018\/#primaryimage","url":"https:\/\/www.value-marktdaten.de\/wp-content\/uploads\/2018\/07\/2018-07-09-16_28_27-Immobilienpreisindex__Neubau_ETW_Q22018-1-e1531147091881.png","contentUrl":"https:\/\/www.value-marktdaten.de\/wp-content\/uploads\/2018\/07\/2018-07-09-16_28_27-Immobilienpreisindex__Neubau_ETW_Q22018-1-e1531147091881.png"},{"@type":"BreadcrumbList","@id":"https:\/\/www.value-marktdaten.de\/en\/2018\/07\/10\/empirica-immobilienpreisindex-ii-2018\/#breadcrumb","itemListElement":[{"@type":"ListItem","position":1,"name":"Startseite","item":"https:\/\/www.value-marktdaten.de\/en\/"},{"@type":"ListItem","position":2,"name":"empirica-Immobilienpreisindex II\/2018"}]},{"@type":"WebSite","@id":"https:\/\/www.value-marktdaten.de\/en\/#website","url":"https:\/\/www.value-marktdaten.de\/en\/","name":"Value AG the valuation group","description":"Immobilienmarktdaten f\u00fcr Deutschland","publisher":{"@id":"https:\/\/www.value-marktdaten.de\/en\/#organization"},"potentialAction":[{"@type":"SearchAction","target":{"@type":"EntryPoint","urlTemplate":"https:\/\/www.value-marktdaten.de\/en\/?s={search_term_string}"},"query-input":{"@type":"PropertyValueSpecification","valueRequired":true,"valueName":"search_term_string"}}],"inLanguage":"en-US"},{"@type":"Organization","@id":"https:\/\/www.value-marktdaten.de\/en\/#organization","name":"Value AG the valuation group","url":"https:\/\/www.value-marktdaten.de\/en\/","logo":{"@type":"ImageObject","inLanguage":"en-US","@id":"https:\/\/www.value-marktdaten.de\/en\/#\/schema\/logo\/image\/","url":"","contentUrl":"","caption":"Value AG the valuation group"},"image":{"@id":"https:\/\/www.value-marktdaten.de\/en\/#\/schema\/logo\/image\/"},"sameAs":["https:\/\/x.com\/empiricaSysteme","https:\/\/www.linkedin.com\/company\/empirica-systeme-gmbh"]},{"@type":"Person","@id":"https:\/\/www.value-marktdaten.de\/en\/#\/schema\/person\/02906812716f6be89d34952959021b7a","name":"Sebastian Hein","image":{"@type":"ImageObject","inLanguage":"en-US","@id":"https:\/\/secure.gravatar.com\/avatar\/190c7e8b36fd4b4580e0d4223074c6f628e7f727dc0c703db0a1ad915ca40898?s=96&d=mm&r=g","url":"https:\/\/secure.gravatar.com\/avatar\/190c7e8b36fd4b4580e0d4223074c6f628e7f727dc0c703db0a1ad915ca40898?s=96&d=mm&r=g","contentUrl":"https:\/\/secure.gravatar.com\/avatar\/190c7e8b36fd4b4580e0d4223074c6f628e7f727dc0c703db0a1ad915ca40898?s=96&d=mm&r=g","caption":"Sebastian Hein"},"sameAs":["http:\/\/www.value-marktdaten.de"],"url":"https:\/\/www.value-marktdaten.de\/en\/author\/sebastian-hein\/"}]}},"_links":{"self":[{"href":"https:\/\/www.value-marktdaten.de\/en\/wp-json\/wp\/v2\/posts\/5509","targetHints":{"allow":["GET"]}}],"collection":[{"href":"https:\/\/www.value-marktdaten.de\/en\/wp-json\/wp\/v2\/posts"}],"about":[{"href":"https:\/\/www.value-marktdaten.de\/en\/wp-json\/wp\/v2\/types\/post"}],"author":[{"embeddable":true,"href":"https:\/\/www.value-marktdaten.de\/en\/wp-json\/wp\/v2\/users\/2"}],"replies":[{"embeddable":true,"href":"https:\/\/www.value-marktdaten.de\/en\/wp-json\/wp\/v2\/comments?post=5509"}],"version-history":[{"count":2,"href":"https:\/\/www.value-marktdaten.de\/en\/wp-json\/wp\/v2\/posts\/5509\/revisions"}],"predecessor-version":[{"id":5512,"href":"https:\/\/www.value-marktdaten.de\/en\/wp-json\/wp\/v2\/posts\/5509\/revisions\/5512"}],"wp:attachment":[{"href":"https:\/\/www.value-marktdaten.de\/en\/wp-json\/wp\/v2\/media?parent=5509"}],"wp:term":[{"taxonomy":"category","embeddable":true,"href":"https:\/\/www.value-marktdaten.de\/en\/wp-json\/wp\/v2\/categories?post=5509"},{"taxonomy":"post_tag","embeddable":true,"href":"https:\/\/www.value-marktdaten.de\/en\/wp-json\/wp\/v2\/tags?post=5509"}],"curies":[{"name":"wp","href":"https:\/\/api.w.org\/{rel}","templated":true}]}}