{"id":4905,"date":"2018-04-12T12:12:42","date_gmt":"2018-04-12T10:12:42","guid":{"rendered":"https:\/\/www.empirica-systeme.de\/?p=4905"},"modified":"2021-04-20T22:33:46","modified_gmt":"2021-04-20T20:33:46","slug":"empirica-immobilienpreisindex-i-2018","status":"publish","type":"post","link":"https:\/\/www.value-marktdaten.de\/en\/2018\/04\/12\/empirica-immobilienpreisindex-i-2018\/","title":{"rendered":"empirica-Immobilienpreisindex I\/2018"},"content":{"rendered":"<p>Neue Daten altes Bild. Ge\u00e4ndert hat sich an den Preis- und Mietentwicklungen nichts, aber auch das ist angesichts der aktuellen Diskussionen ja eine Meldung wert.\u00a0Der aktuelle Immobilienpreisindex der empirica liegt vor.<\/p>\n<figure id=\"attachment_4887\" aria-describedby=\"caption-attachment-4887\" style=\"width: 600px\" class=\"wp-caption alignnone\"><img loading=\"lazy\" decoding=\"async\" class=\"wp-image-4887 size-full\" style=\"font-family: inherit; font-style: inherit; font-weight: bold;\" src=\"https:\/\/www.value-marktdaten.de\/wp-content\/uploads\/2018\/04\/Immobilienpreisindex_Q12018-e1523454007596.png\" alt=\"\" width=\"600\" height=\"207\" \/><figcaption id=\"caption-attachment-4887\" class=\"wp-caption-text\">Zuwachs Kaufpreise ETW und Inflation 2004-2018, 1.Quartal, alle Baujahre (Quelle: empirica ag)<\/figcaption><\/figure>\n<p>Seit Beginn der Aufzeichnung sind die Preise in den Top-7 St\u00e4dten um\u00a0124% gestiegen, selbst nach Abzug der Inflation eine beachtliche Entwicklung.\u00a0Das ist nicht \u00fcberall so, in den Schrumpfungsregionen sind die Preise nach Abzug der Teuerung gesunken.<\/p>\n<figure id=\"attachment_4893\" aria-describedby=\"caption-attachment-4893\" style=\"width: 212px\" class=\"wp-caption alignleft\"><a href=\"https:\/\/www.value-marktdaten.de\/wp-content\/uploads\/2018\/04\/cbre_empirica_leerstandsindex-e1523454657829.jpg\"><img loading=\"lazy\" decoding=\"async\" class=\"wp-image-4893 size-medium\" src=\"https:\/\/www.value-marktdaten.de\/wp-content\/uploads\/2018\/04\/cbre_empirica_leerstandsindex-212x300.jpg\" alt=\"\" width=\"212\" height=\"300\" \/><\/a><figcaption id=\"caption-attachment-4893\" class=\"wp-caption-text\">CBRE-empirica-Leerstandsindex 2016 (Quelle: empirica 2018)<\/figcaption><\/figure>\n<p>Hier steigen auch die Leerst\u00e4nde wie der k\u00fcrzlich ver\u00f6ffentlichte <a href=\"https:\/\/www.empirica-institut.de\/nc\/nachrichten\/details\/nachricht\/cbre-empirica-leerstandsindex-zum-31122016\/\" target=\"_blank\" rel=\"noopener\">CBRE-empirica-Leerstandsindex<\/a> zeigt. In den Wachstumsregionen sind die Reserven dagegen aufgebraucht. Es ist nunmal eng geworden in den Metropolen, aber auch das ist nicht neu. Innerhalb des letzten Quartals f\u00e4llt aber eine Metropole besonders auf: In Frankfurt sind die Mediankaufpreise (kein Neubau) alleine von Januar bis M\u00e4rz um 6,1% gestiegen. Hier wird es wohl besonders eng.<\/p>\n<p>Von der Preis- und Mietentwicklung bleiben auch die Wohngemeinschaften nicht verschont, obwohl diese weniger h\u00e4ufig neu (sondern weiter) vermietet werden. Das zeigt der <a href=\"https:\/\/www.empirica-institut.de\/nc\/nachrichten\/details\/nachricht\/mieten-fuer-wohngemeinschaften-in-unistaedten-sommersemester-2018\/\" target=\"_blank\" rel=\"noopener\">WG-Mietenindex<\/a> von empirica der ebenfalls in dieser Woche ver\u00f6ffentlicht wurde: Demnach sind in den Hochschulstandorten insgesamt die Standardmieten bei 30% \u00fcber dem Niveau aus dem Sommersemester 2012.<\/p>\n<p>Die nachfolgende Karte zeigt die Medianpreise aller Landkreise f\u00fcrs erste Quartal.<\/p>\n<figure id=\"attachment_4897\" aria-describedby=\"caption-attachment-4897\" style=\"width: 600px\" class=\"wp-caption aligncenter\"><a href=\"https:\/\/www.value-marktdaten.de\/portfolio\/immobilienmarktdaten\/\/immobilienpreiskarten\/\"><img loading=\"lazy\" decoding=\"async\" class=\"wp-image-4897 size-full\" src=\"https:\/\/www.value-marktdaten.de\/wp-content\/uploads\/2018\/04\/Karte_Kreise_Kaufpreise_MedianQ12018-e1523455221299.png\" alt=\"\" width=\"600\" height=\"460\" \/><\/a><figcaption id=\"caption-attachment-4897\" class=\"wp-caption-text\">Mediankaufpreise Wohnungen Q1-2018 ohne Neubau (Quelle: empirica-systeme Marktdatenbank)<\/figcaption><\/figure>\n<p>Weitere Informationen zum empirica-Immobilienpreisindex erhalten Sie von <a href=\"https:\/\/www.empirica-institut.de\/nachrichten\/\" target=\"_blank\" rel=\"noopener\">empirica<\/a><\/p>\n<p>Bei Fragen zu unseren Immobilienmarktdaten kontaktieren Sie uns <a href=\"https:\/\/www.value-marktdaten.de\/kontakt\/\" target=\"_blank\" rel=\"noopener\">hier<\/a><\/p>\n<p>&nbsp;<\/p>\n","protected":false},"excerpt":{"rendered":"<p>Neue Daten altes Bild. Ge\u00e4ndert hat sich an den Preis- und Mietentwicklungen nichts, aber auch das ist angesichts der aktuellen Diskussionen ja eine Meldung wert.\u00a0Der aktuelle Immobilienpreisindex der empirica liegt vor. Seit Beginn der Aufzeichnung sind die Preise in den Top-7 St\u00e4dten um\u00a0124% gestiegen, selbst nach Abzug der Inflation eine beachtliche Entwicklung.\u00a0Das ist nicht \u00fcberall&hellip;<\/p>\n","protected":false},"author":2,"featured_media":0,"comment_status":"closed","ping_status":"closed","sticky":false,"template":"","format":"standard","meta":{"footnotes":""},"categories":[281,238,224,283],"tags":[329,284,295,285,229,282,231],"class_list":["post-4905","post","type-post","status-publish","format-standard","hentry","category-empirica-immobilienpreisindex-en","category-wohnungsmarkt-en","category-empirica-systeme-immobilienmarktdaten-en","category-immobilienmarktberichte-en","tag-cbre-en","tag-empirica-en","tag-immobilienpreisdaten-en","tag-immobilienpreisentwicklung-en","tag-studentenwohnen-en","tag-wg-mieten-en","tag-wohngemeinschaften-en"],"yoast_head":"<!-- This site is optimized with the Yoast SEO plugin v27.5 - https:\/\/yoast.com\/product\/yoast-seo-wordpress\/ -->\n<title>empirica-Immobilienpreisindex I\/2018 - Value AG the valuation group<\/title>\n<meta name=\"robots\" content=\"index, follow, max-snippet:-1, max-image-preview:large, max-video-preview:-1\" \/>\n<link rel=\"canonical\" href=\"https:\/\/www.value-marktdaten.de\/en\/2018\/04\/12\/empirica-immobilienpreisindex-i-2018\/\" \/>\n<meta property=\"og:locale\" content=\"en_US\" \/>\n<meta property=\"og:type\" content=\"article\" \/>\n<meta property=\"og:title\" content=\"empirica-Immobilienpreisindex I\/2018 - Value AG the valuation group\" \/>\n<meta property=\"og:description\" content=\"Neue Daten altes Bild. Ge\u00e4ndert hat sich an den Preis- und Mietentwicklungen nichts, aber auch das ist angesichts der aktuellen Diskussionen ja eine Meldung wert.\u00a0Der aktuelle Immobilienpreisindex der empirica liegt vor. Seit Beginn der Aufzeichnung sind die Preise in den Top-7 St\u00e4dten um\u00a0124% gestiegen, selbst nach Abzug der Inflation eine beachtliche Entwicklung.\u00a0Das ist nicht \u00fcberall&hellip;\" \/>\n<meta property=\"og:url\" content=\"https:\/\/www.value-marktdaten.de\/en\/2018\/04\/12\/empirica-immobilienpreisindex-i-2018\/\" \/>\n<meta property=\"og:site_name\" content=\"Value AG the valuation group\" \/>\n<meta property=\"article:published_time\" content=\"2018-04-12T10:12:42+00:00\" \/>\n<meta property=\"article:modified_time\" content=\"2021-04-20T20:33:46+00:00\" \/>\n<meta property=\"og:image\" content=\"https:\/\/www.value-marktdaten.de\/wp-content\/uploads\/2018\/04\/Immobilienpreisindex_Q12018-e1523454007596.png\" \/>\n<meta name=\"author\" content=\"Sebastian Hein\" \/>\n<meta name=\"twitter:card\" content=\"summary_large_image\" \/>\n<meta name=\"twitter:creator\" content=\"@empiricaSysteme\" \/>\n<meta name=\"twitter:site\" content=\"@empiricaSysteme\" \/>\n<meta name=\"twitter:label1\" content=\"Written by\" \/>\n\t<meta name=\"twitter:data1\" content=\"Sebastian Hein\" \/>\n\t<meta name=\"twitter:label2\" content=\"Est. reading time\" \/>\n\t<meta name=\"twitter:data2\" content=\"1 minute\" \/>\n<script type=\"application\/ld+json\" class=\"yoast-schema-graph\">{\"@context\":\"https:\\\/\\\/schema.org\",\"@graph\":[{\"@type\":\"Article\",\"@id\":\"https:\\\/\\\/www.value-marktdaten.de\\\/en\\\/2018\\\/04\\\/12\\\/empirica-immobilienpreisindex-i-2018\\\/#article\",\"isPartOf\":{\"@id\":\"https:\\\/\\\/www.value-marktdaten.de\\\/en\\\/2018\\\/04\\\/12\\\/empirica-immobilienpreisindex-i-2018\\\/\"},\"author\":{\"name\":\"Sebastian Hein\",\"@id\":\"https:\\\/\\\/www.value-marktdaten.de\\\/en\\\/#\\\/schema\\\/person\\\/02906812716f6be89d34952959021b7a\"},\"headline\":\"empirica-Immobilienpreisindex I\\\/2018\",\"datePublished\":\"2018-04-12T10:12:42+00:00\",\"dateModified\":\"2021-04-20T20:33:46+00:00\",\"mainEntityOfPage\":{\"@id\":\"https:\\\/\\\/www.value-marktdaten.de\\\/en\\\/2018\\\/04\\\/12\\\/empirica-immobilienpreisindex-i-2018\\\/\"},\"wordCount\":266,\"publisher\":{\"@id\":\"https:\\\/\\\/www.value-marktdaten.de\\\/en\\\/#organization\"},\"image\":{\"@id\":\"https:\\\/\\\/www.value-marktdaten.de\\\/en\\\/2018\\\/04\\\/12\\\/empirica-immobilienpreisindex-i-2018\\\/#primaryimage\"},\"thumbnailUrl\":\"https:\\\/\\\/www.value-marktdaten.de\\\/wp-content\\\/uploads\\\/2018\\\/04\\\/Immobilienpreisindex_Q12018-e1523454007596.png\",\"keywords\":[\"CBRE\",\"empirica\",\"Immobilienpreisdaten\",\"Immobilienpreisentwicklung\",\"Studentenwohnen\",\"WG-Mieten\",\"Wohngemeinschaften\"],\"articleSection\":[\"empirica-Property-Index\",\"Housing Market\",\"Real Estate Market Data\",\"Real Estate Market Report\"],\"inLanguage\":\"en-US\"},{\"@type\":\"WebPage\",\"@id\":\"https:\\\/\\\/www.value-marktdaten.de\\\/en\\\/2018\\\/04\\\/12\\\/empirica-immobilienpreisindex-i-2018\\\/\",\"url\":\"https:\\\/\\\/www.value-marktdaten.de\\\/en\\\/2018\\\/04\\\/12\\\/empirica-immobilienpreisindex-i-2018\\\/\",\"name\":\"empirica-Immobilienpreisindex I\\\/2018 - Value AG the valuation group\",\"isPartOf\":{\"@id\":\"https:\\\/\\\/www.value-marktdaten.de\\\/en\\\/#website\"},\"primaryImageOfPage\":{\"@id\":\"https:\\\/\\\/www.value-marktdaten.de\\\/en\\\/2018\\\/04\\\/12\\\/empirica-immobilienpreisindex-i-2018\\\/#primaryimage\"},\"image\":{\"@id\":\"https:\\\/\\\/www.value-marktdaten.de\\\/en\\\/2018\\\/04\\\/12\\\/empirica-immobilienpreisindex-i-2018\\\/#primaryimage\"},\"thumbnailUrl\":\"https:\\\/\\\/www.value-marktdaten.de\\\/wp-content\\\/uploads\\\/2018\\\/04\\\/Immobilienpreisindex_Q12018-e1523454007596.png\",\"datePublished\":\"2018-04-12T10:12:42+00:00\",\"dateModified\":\"2021-04-20T20:33:46+00:00\",\"breadcrumb\":{\"@id\":\"https:\\\/\\\/www.value-marktdaten.de\\\/en\\\/2018\\\/04\\\/12\\\/empirica-immobilienpreisindex-i-2018\\\/#breadcrumb\"},\"inLanguage\":\"en-US\",\"potentialAction\":[{\"@type\":\"ReadAction\",\"target\":[\"https:\\\/\\\/www.value-marktdaten.de\\\/en\\\/2018\\\/04\\\/12\\\/empirica-immobilienpreisindex-i-2018\\\/\"]}]},{\"@type\":\"ImageObject\",\"inLanguage\":\"en-US\",\"@id\":\"https:\\\/\\\/www.value-marktdaten.de\\\/en\\\/2018\\\/04\\\/12\\\/empirica-immobilienpreisindex-i-2018\\\/#primaryimage\",\"url\":\"https:\\\/\\\/www.value-marktdaten.de\\\/wp-content\\\/uploads\\\/2018\\\/04\\\/Immobilienpreisindex_Q12018-e1523454007596.png\",\"contentUrl\":\"https:\\\/\\\/www.value-marktdaten.de\\\/wp-content\\\/uploads\\\/2018\\\/04\\\/Immobilienpreisindex_Q12018-e1523454007596.png\"},{\"@type\":\"BreadcrumbList\",\"@id\":\"https:\\\/\\\/www.value-marktdaten.de\\\/en\\\/2018\\\/04\\\/12\\\/empirica-immobilienpreisindex-i-2018\\\/#breadcrumb\",\"itemListElement\":[{\"@type\":\"ListItem\",\"position\":1,\"name\":\"Startseite\",\"item\":\"https:\\\/\\\/www.value-marktdaten.de\\\/en\\\/\"},{\"@type\":\"ListItem\",\"position\":2,\"name\":\"empirica-Immobilienpreisindex I\\\/2018\"}]},{\"@type\":\"WebSite\",\"@id\":\"https:\\\/\\\/www.value-marktdaten.de\\\/en\\\/#website\",\"url\":\"https:\\\/\\\/www.value-marktdaten.de\\\/en\\\/\",\"name\":\"Value AG the valuation group\",\"description\":\"Immobilienmarktdaten f\u00fcr Deutschland\",\"publisher\":{\"@id\":\"https:\\\/\\\/www.value-marktdaten.de\\\/en\\\/#organization\"},\"potentialAction\":[{\"@type\":\"SearchAction\",\"target\":{\"@type\":\"EntryPoint\",\"urlTemplate\":\"https:\\\/\\\/www.value-marktdaten.de\\\/en\\\/?s={search_term_string}\"},\"query-input\":{\"@type\":\"PropertyValueSpecification\",\"valueRequired\":true,\"valueName\":\"search_term_string\"}}],\"inLanguage\":\"en-US\"},{\"@type\":\"Organization\",\"@id\":\"https:\\\/\\\/www.value-marktdaten.de\\\/en\\\/#organization\",\"name\":\"Value AG the valuation group\",\"url\":\"https:\\\/\\\/www.value-marktdaten.de\\\/en\\\/\",\"logo\":{\"@type\":\"ImageObject\",\"inLanguage\":\"en-US\",\"@id\":\"https:\\\/\\\/www.value-marktdaten.de\\\/en\\\/#\\\/schema\\\/logo\\\/image\\\/\",\"url\":\"\",\"contentUrl\":\"\",\"caption\":\"Value AG the valuation group\"},\"image\":{\"@id\":\"https:\\\/\\\/www.value-marktdaten.de\\\/en\\\/#\\\/schema\\\/logo\\\/image\\\/\"},\"sameAs\":[\"https:\\\/\\\/x.com\\\/empiricaSysteme\",\"https:\\\/\\\/www.linkedin.com\\\/company\\\/empirica-systeme-gmbh\"]},{\"@type\":\"Person\",\"@id\":\"https:\\\/\\\/www.value-marktdaten.de\\\/en\\\/#\\\/schema\\\/person\\\/02906812716f6be89d34952959021b7a\",\"name\":\"Sebastian Hein\",\"image\":{\"@type\":\"ImageObject\",\"inLanguage\":\"en-US\",\"@id\":\"https:\\\/\\\/secure.gravatar.com\\\/avatar\\\/190c7e8b36fd4b4580e0d4223074c6f628e7f727dc0c703db0a1ad915ca40898?s=96&d=mm&r=g\",\"url\":\"https:\\\/\\\/secure.gravatar.com\\\/avatar\\\/190c7e8b36fd4b4580e0d4223074c6f628e7f727dc0c703db0a1ad915ca40898?s=96&d=mm&r=g\",\"contentUrl\":\"https:\\\/\\\/secure.gravatar.com\\\/avatar\\\/190c7e8b36fd4b4580e0d4223074c6f628e7f727dc0c703db0a1ad915ca40898?s=96&d=mm&r=g\",\"caption\":\"Sebastian Hein\"},\"sameAs\":[\"http:\\\/\\\/www.value-marktdaten.de\"],\"url\":\"https:\\\/\\\/www.value-marktdaten.de\\\/en\\\/author\\\/sebastian-hein\\\/\"}]}<\/script>\n<!-- \/ Yoast SEO plugin. -->","yoast_head_json":{"title":"empirica-Immobilienpreisindex I\/2018 - Value AG the valuation group","robots":{"index":"index","follow":"follow","max-snippet":"max-snippet:-1","max-image-preview":"max-image-preview:large","max-video-preview":"max-video-preview:-1"},"canonical":"https:\/\/www.value-marktdaten.de\/en\/2018\/04\/12\/empirica-immobilienpreisindex-i-2018\/","og_locale":"en_US","og_type":"article","og_title":"empirica-Immobilienpreisindex I\/2018 - Value AG the valuation group","og_description":"Neue Daten altes Bild. Ge\u00e4ndert hat sich an den Preis- und Mietentwicklungen nichts, aber auch das ist angesichts der aktuellen Diskussionen ja eine Meldung wert.\u00a0Der aktuelle Immobilienpreisindex der empirica liegt vor. Seit Beginn der Aufzeichnung sind die Preise in den Top-7 St\u00e4dten um\u00a0124% gestiegen, selbst nach Abzug der Inflation eine beachtliche Entwicklung.\u00a0Das ist nicht \u00fcberall&hellip;","og_url":"https:\/\/www.value-marktdaten.de\/en\/2018\/04\/12\/empirica-immobilienpreisindex-i-2018\/","og_site_name":"Value AG the valuation group","article_published_time":"2018-04-12T10:12:42+00:00","article_modified_time":"2021-04-20T20:33:46+00:00","og_image":[{"url":"https:\/\/www.value-marktdaten.de\/wp-content\/uploads\/2018\/04\/Immobilienpreisindex_Q12018-e1523454007596.png","type":"","width":"","height":""}],"author":"Sebastian Hein","twitter_card":"summary_large_image","twitter_creator":"@empiricaSysteme","twitter_site":"@empiricaSysteme","twitter_misc":{"Written by":"Sebastian Hein","Est. reading time":"1 minute"},"schema":{"@context":"https:\/\/schema.org","@graph":[{"@type":"Article","@id":"https:\/\/www.value-marktdaten.de\/en\/2018\/04\/12\/empirica-immobilienpreisindex-i-2018\/#article","isPartOf":{"@id":"https:\/\/www.value-marktdaten.de\/en\/2018\/04\/12\/empirica-immobilienpreisindex-i-2018\/"},"author":{"name":"Sebastian Hein","@id":"https:\/\/www.value-marktdaten.de\/en\/#\/schema\/person\/02906812716f6be89d34952959021b7a"},"headline":"empirica-Immobilienpreisindex I\/2018","datePublished":"2018-04-12T10:12:42+00:00","dateModified":"2021-04-20T20:33:46+00:00","mainEntityOfPage":{"@id":"https:\/\/www.value-marktdaten.de\/en\/2018\/04\/12\/empirica-immobilienpreisindex-i-2018\/"},"wordCount":266,"publisher":{"@id":"https:\/\/www.value-marktdaten.de\/en\/#organization"},"image":{"@id":"https:\/\/www.value-marktdaten.de\/en\/2018\/04\/12\/empirica-immobilienpreisindex-i-2018\/#primaryimage"},"thumbnailUrl":"https:\/\/www.value-marktdaten.de\/wp-content\/uploads\/2018\/04\/Immobilienpreisindex_Q12018-e1523454007596.png","keywords":["CBRE","empirica","Immobilienpreisdaten","Immobilienpreisentwicklung","Studentenwohnen","WG-Mieten","Wohngemeinschaften"],"articleSection":["empirica-Property-Index","Housing Market","Real Estate Market Data","Real Estate Market Report"],"inLanguage":"en-US"},{"@type":"WebPage","@id":"https:\/\/www.value-marktdaten.de\/en\/2018\/04\/12\/empirica-immobilienpreisindex-i-2018\/","url":"https:\/\/www.value-marktdaten.de\/en\/2018\/04\/12\/empirica-immobilienpreisindex-i-2018\/","name":"empirica-Immobilienpreisindex I\/2018 - Value AG the valuation group","isPartOf":{"@id":"https:\/\/www.value-marktdaten.de\/en\/#website"},"primaryImageOfPage":{"@id":"https:\/\/www.value-marktdaten.de\/en\/2018\/04\/12\/empirica-immobilienpreisindex-i-2018\/#primaryimage"},"image":{"@id":"https:\/\/www.value-marktdaten.de\/en\/2018\/04\/12\/empirica-immobilienpreisindex-i-2018\/#primaryimage"},"thumbnailUrl":"https:\/\/www.value-marktdaten.de\/wp-content\/uploads\/2018\/04\/Immobilienpreisindex_Q12018-e1523454007596.png","datePublished":"2018-04-12T10:12:42+00:00","dateModified":"2021-04-20T20:33:46+00:00","breadcrumb":{"@id":"https:\/\/www.value-marktdaten.de\/en\/2018\/04\/12\/empirica-immobilienpreisindex-i-2018\/#breadcrumb"},"inLanguage":"en-US","potentialAction":[{"@type":"ReadAction","target":["https:\/\/www.value-marktdaten.de\/en\/2018\/04\/12\/empirica-immobilienpreisindex-i-2018\/"]}]},{"@type":"ImageObject","inLanguage":"en-US","@id":"https:\/\/www.value-marktdaten.de\/en\/2018\/04\/12\/empirica-immobilienpreisindex-i-2018\/#primaryimage","url":"https:\/\/www.value-marktdaten.de\/wp-content\/uploads\/2018\/04\/Immobilienpreisindex_Q12018-e1523454007596.png","contentUrl":"https:\/\/www.value-marktdaten.de\/wp-content\/uploads\/2018\/04\/Immobilienpreisindex_Q12018-e1523454007596.png"},{"@type":"BreadcrumbList","@id":"https:\/\/www.value-marktdaten.de\/en\/2018\/04\/12\/empirica-immobilienpreisindex-i-2018\/#breadcrumb","itemListElement":[{"@type":"ListItem","position":1,"name":"Startseite","item":"https:\/\/www.value-marktdaten.de\/en\/"},{"@type":"ListItem","position":2,"name":"empirica-Immobilienpreisindex I\/2018"}]},{"@type":"WebSite","@id":"https:\/\/www.value-marktdaten.de\/en\/#website","url":"https:\/\/www.value-marktdaten.de\/en\/","name":"Value AG the valuation group","description":"Immobilienmarktdaten f\u00fcr Deutschland","publisher":{"@id":"https:\/\/www.value-marktdaten.de\/en\/#organization"},"potentialAction":[{"@type":"SearchAction","target":{"@type":"EntryPoint","urlTemplate":"https:\/\/www.value-marktdaten.de\/en\/?s={search_term_string}"},"query-input":{"@type":"PropertyValueSpecification","valueRequired":true,"valueName":"search_term_string"}}],"inLanguage":"en-US"},{"@type":"Organization","@id":"https:\/\/www.value-marktdaten.de\/en\/#organization","name":"Value AG the valuation group","url":"https:\/\/www.value-marktdaten.de\/en\/","logo":{"@type":"ImageObject","inLanguage":"en-US","@id":"https:\/\/www.value-marktdaten.de\/en\/#\/schema\/logo\/image\/","url":"","contentUrl":"","caption":"Value AG the valuation group"},"image":{"@id":"https:\/\/www.value-marktdaten.de\/en\/#\/schema\/logo\/image\/"},"sameAs":["https:\/\/x.com\/empiricaSysteme","https:\/\/www.linkedin.com\/company\/empirica-systeme-gmbh"]},{"@type":"Person","@id":"https:\/\/www.value-marktdaten.de\/en\/#\/schema\/person\/02906812716f6be89d34952959021b7a","name":"Sebastian Hein","image":{"@type":"ImageObject","inLanguage":"en-US","@id":"https:\/\/secure.gravatar.com\/avatar\/190c7e8b36fd4b4580e0d4223074c6f628e7f727dc0c703db0a1ad915ca40898?s=96&d=mm&r=g","url":"https:\/\/secure.gravatar.com\/avatar\/190c7e8b36fd4b4580e0d4223074c6f628e7f727dc0c703db0a1ad915ca40898?s=96&d=mm&r=g","contentUrl":"https:\/\/secure.gravatar.com\/avatar\/190c7e8b36fd4b4580e0d4223074c6f628e7f727dc0c703db0a1ad915ca40898?s=96&d=mm&r=g","caption":"Sebastian Hein"},"sameAs":["http:\/\/www.value-marktdaten.de"],"url":"https:\/\/www.value-marktdaten.de\/en\/author\/sebastian-hein\/"}]}},"_links":{"self":[{"href":"https:\/\/www.value-marktdaten.de\/en\/wp-json\/wp\/v2\/posts\/4905","targetHints":{"allow":["GET"]}}],"collection":[{"href":"https:\/\/www.value-marktdaten.de\/en\/wp-json\/wp\/v2\/posts"}],"about":[{"href":"https:\/\/www.value-marktdaten.de\/en\/wp-json\/wp\/v2\/types\/post"}],"author":[{"embeddable":true,"href":"https:\/\/www.value-marktdaten.de\/en\/wp-json\/wp\/v2\/users\/2"}],"replies":[{"embeddable":true,"href":"https:\/\/www.value-marktdaten.de\/en\/wp-json\/wp\/v2\/comments?post=4905"}],"version-history":[{"count":2,"href":"https:\/\/www.value-marktdaten.de\/en\/wp-json\/wp\/v2\/posts\/4905\/revisions"}],"predecessor-version":[{"id":4933,"href":"https:\/\/www.value-marktdaten.de\/en\/wp-json\/wp\/v2\/posts\/4905\/revisions\/4933"}],"wp:attachment":[{"href":"https:\/\/www.value-marktdaten.de\/en\/wp-json\/wp\/v2\/media?parent=4905"}],"wp:term":[{"taxonomy":"category","embeddable":true,"href":"https:\/\/www.value-marktdaten.de\/en\/wp-json\/wp\/v2\/categories?post=4905"},{"taxonomy":"post_tag","embeddable":true,"href":"https:\/\/www.value-marktdaten.de\/en\/wp-json\/wp\/v2\/tags?post=4905"}],"curies":[{"name":"wp","href":"https:\/\/api.w.org\/{rel}","templated":true}]}}