{"id":4503,"date":"2017-10-09T16:12:33","date_gmt":"2017-10-09T14:12:33","guid":{"rendered":"https:\/\/www.empirica-systeme.de\/?p=4503\/"},"modified":"2021-04-20T22:52:27","modified_gmt":"2021-04-20T20:52:27","slug":"mieten-fuer-wohngemeinschaften-steigen-weiter","status":"publish","type":"post","link":"https:\/\/www.value-marktdaten.de\/en\/2017\/10\/09\/mieten-fuer-wohngemeinschaften-steigen-weiter\/","title":{"rendered":"Mieten f\u00fcr Wohngemeinschaften steigen weiter"},"content":{"rendered":"<figure id=\"attachment_4496\" aria-describedby=\"caption-attachment-4496\" style=\"width: 300px\" class=\"wp-caption alignleft\"><img loading=\"lazy\" decoding=\"async\" class=\"wp-image-4496 size-medium\" src=\"https:\/\/www.value-marktdaten.de\/wp-content\/uploads\/2017\/10\/Preisspiegel_WG_Mieten_Winter_2017-300x160.png\" alt=\"\" width=\"300\" height=\"160\" \/><figcaption id=\"caption-attachment-4496\" class=\"wp-caption-text\">Entwicklung der WG-Mieten in allen Hochschulstandorten (Quelle: empirica ag)<\/figcaption><\/figure>\n<p>Der aktuelle WG-Mietindex f\u00fcr das Wintersemester 2017 der empirica ag liegt vor.<\/p>\n<p>Auch dieses Semester m\u00fcssen Studenten wieder tiefer in die Tasche greifen. Wie alle, die derzeit umziehen.\u00a0<!--more Standardpreise f\u00fcr ein unm\u00f6bliertes WG-Zimmer--><\/p>\n<p>Zu Beginn des Wintersemesters 2017 ist der Standardpreis f\u00fcr ein unm\u00f6bliertes WG-Zimmer mit 550 EUR in M\u00fcnchen am h\u00f6chsten, gefolgt von Frankfurt a.M. (460 EUR) und Stuttgart (448 EUR). Die g\u00fcnstigsten Angebote gibt es derzeit in Chemnitz (205 EUR) sowie in Halle (230 EUR) und Magdeburg (250 EUR). In den Hochschulstandorten insgesamt liegt der Standardpreis zum aktuellen Semester bei 361 EUR und somit 26% \u00fcber dem Niveau aus dem Sommersemester 2012.<\/p>\n<p>Weitere Informationen zum aktuellen WG-Index unter <a href=\"https:\/\/www.empirica-institut.de\/nc\/nachrichten\/details\/nachricht\/mieten-fuer-wohngemeinschaften-in-unistaedten-wintersemester-2017\/\" target=\"_blank\" rel=\"noopener\">empirica ag<\/a>.<\/p>\n<p>Warum das WG-Segment im Kontext von Investitionsentscheidungen eine hohe Relevanz hat <a href=\"https:\/\/www.value-marktdaten.de\/2017\/03\/12\/analysing-student-housing-markets-through-evaluation-of-online-advertisements\/\">lesen Sie hier<\/a>.<\/p>\n","protected":false},"excerpt":{"rendered":"<p>Der aktuelle WG-Mietindex f\u00fcr das Wintersemester 2017 der empirica ag liegt vor. Auch dieses Semester m\u00fcssen Studenten wieder tiefer in die Tasche greifen. Wie alle, die derzeit umziehen.\u00a0<\/p>\n","protected":false},"author":2,"featured_media":0,"comment_status":"closed","ping_status":"closed","sticky":false,"template":"","format":"standard","meta":{"footnotes":""},"categories":[281,224],"tags":[228,229,282,231],"class_list":["post-4503","post","type-post","status-publish","format-standard","hentry","category-empirica-immobilienpreisindex-en","category-empirica-systeme-immobilienmarktdaten-en","tag-student-housing-data-germany-en","tag-studentenwohnen-en","tag-wg-mieten-en","tag-wohngemeinschaften-en"],"yoast_head":"<!-- This site is optimized with the Yoast SEO plugin v27.5 - https:\/\/yoast.com\/product\/yoast-seo-wordpress\/ -->\n<title>Mieten f\u00fcr Wohngemeinschaften steigen weiter - Value AG the valuation group<\/title>\n<meta name=\"robots\" content=\"index, follow, max-snippet:-1, max-image-preview:large, max-video-preview:-1\" \/>\n<link rel=\"canonical\" href=\"https:\/\/www.value-marktdaten.de\/en\/2017\/10\/09\/mieten-fuer-wohngemeinschaften-steigen-weiter\/\" \/>\n<meta property=\"og:locale\" content=\"en_US\" \/>\n<meta property=\"og:type\" content=\"article\" \/>\n<meta property=\"og:title\" content=\"Mieten f\u00fcr Wohngemeinschaften steigen weiter - Value AG the valuation group\" \/>\n<meta property=\"og:description\" content=\"Der aktuelle WG-Mietindex f\u00fcr das Wintersemester 2017 der empirica ag liegt vor. Auch dieses Semester m\u00fcssen Studenten wieder tiefer in die Tasche greifen. Wie alle, die derzeit umziehen.\u00a0\" \/>\n<meta property=\"og:url\" content=\"https:\/\/www.value-marktdaten.de\/en\/2017\/10\/09\/mieten-fuer-wohngemeinschaften-steigen-weiter\/\" \/>\n<meta property=\"og:site_name\" content=\"Value AG the valuation group\" \/>\n<meta property=\"article:published_time\" content=\"2017-10-09T14:12:33+00:00\" \/>\n<meta property=\"article:modified_time\" content=\"2021-04-20T20:52:27+00:00\" \/>\n<meta property=\"og:image\" content=\"https:\/\/www.value-marktdaten.de\/wp-content\/uploads\/2017\/10\/Preisspiegel_WG_Mieten_Winter_2017-300x160.png\" \/>\n<meta name=\"author\" content=\"Sebastian Hein\" \/>\n<meta name=\"twitter:card\" content=\"summary_large_image\" \/>\n<meta name=\"twitter:creator\" content=\"@empiricaSysteme\" \/>\n<meta name=\"twitter:site\" content=\"@empiricaSysteme\" \/>\n<meta name=\"twitter:label1\" content=\"Written by\" \/>\n\t<meta name=\"twitter:data1\" content=\"Sebastian Hein\" \/>\n\t<meta name=\"twitter:label2\" content=\"Est. reading time\" \/>\n\t<meta name=\"twitter:data2\" content=\"1 minute\" \/>\n<script type=\"application\/ld+json\" class=\"yoast-schema-graph\">{\"@context\":\"https:\\\/\\\/schema.org\",\"@graph\":[{\"@type\":\"Article\",\"@id\":\"https:\\\/\\\/www.value-marktdaten.de\\\/en\\\/2017\\\/10\\\/09\\\/mieten-fuer-wohngemeinschaften-steigen-weiter\\\/#article\",\"isPartOf\":{\"@id\":\"https:\\\/\\\/www.value-marktdaten.de\\\/en\\\/2017\\\/10\\\/09\\\/mieten-fuer-wohngemeinschaften-steigen-weiter\\\/\"},\"author\":{\"name\":\"Sebastian Hein\",\"@id\":\"https:\\\/\\\/www.value-marktdaten.de\\\/en\\\/#\\\/schema\\\/person\\\/02906812716f6be89d34952959021b7a\"},\"headline\":\"Mieten f\u00fcr Wohngemeinschaften steigen weiter\",\"datePublished\":\"2017-10-09T14:12:33+00:00\",\"dateModified\":\"2021-04-20T20:52:27+00:00\",\"mainEntityOfPage\":{\"@id\":\"https:\\\/\\\/www.value-marktdaten.de\\\/en\\\/2017\\\/10\\\/09\\\/mieten-fuer-wohngemeinschaften-steigen-weiter\\\/\"},\"wordCount\":140,\"publisher\":{\"@id\":\"https:\\\/\\\/www.value-marktdaten.de\\\/en\\\/#organization\"},\"image\":{\"@id\":\"https:\\\/\\\/www.value-marktdaten.de\\\/en\\\/2017\\\/10\\\/09\\\/mieten-fuer-wohngemeinschaften-steigen-weiter\\\/#primaryimage\"},\"thumbnailUrl\":\"https:\\\/\\\/www.value-marktdaten.de\\\/wp-content\\\/uploads\\\/2017\\\/10\\\/Preisspiegel_WG_Mieten_Winter_2017-300x160.png\",\"keywords\":[\"student housing data Germany\",\"Studentenwohnen\",\"WG-Mieten\",\"Wohngemeinschaften\"],\"articleSection\":[\"empirica-Property-Index\",\"Real Estate Market Data\"],\"inLanguage\":\"en-US\"},{\"@type\":\"WebPage\",\"@id\":\"https:\\\/\\\/www.value-marktdaten.de\\\/en\\\/2017\\\/10\\\/09\\\/mieten-fuer-wohngemeinschaften-steigen-weiter\\\/\",\"url\":\"https:\\\/\\\/www.value-marktdaten.de\\\/en\\\/2017\\\/10\\\/09\\\/mieten-fuer-wohngemeinschaften-steigen-weiter\\\/\",\"name\":\"Mieten f\u00fcr Wohngemeinschaften steigen weiter - Value AG the valuation group\",\"isPartOf\":{\"@id\":\"https:\\\/\\\/www.value-marktdaten.de\\\/en\\\/#website\"},\"primaryImageOfPage\":{\"@id\":\"https:\\\/\\\/www.value-marktdaten.de\\\/en\\\/2017\\\/10\\\/09\\\/mieten-fuer-wohngemeinschaften-steigen-weiter\\\/#primaryimage\"},\"image\":{\"@id\":\"https:\\\/\\\/www.value-marktdaten.de\\\/en\\\/2017\\\/10\\\/09\\\/mieten-fuer-wohngemeinschaften-steigen-weiter\\\/#primaryimage\"},\"thumbnailUrl\":\"https:\\\/\\\/www.value-marktdaten.de\\\/wp-content\\\/uploads\\\/2017\\\/10\\\/Preisspiegel_WG_Mieten_Winter_2017-300x160.png\",\"datePublished\":\"2017-10-09T14:12:33+00:00\",\"dateModified\":\"2021-04-20T20:52:27+00:00\",\"breadcrumb\":{\"@id\":\"https:\\\/\\\/www.value-marktdaten.de\\\/en\\\/2017\\\/10\\\/09\\\/mieten-fuer-wohngemeinschaften-steigen-weiter\\\/#breadcrumb\"},\"inLanguage\":\"en-US\",\"potentialAction\":[{\"@type\":\"ReadAction\",\"target\":[\"https:\\\/\\\/www.value-marktdaten.de\\\/en\\\/2017\\\/10\\\/09\\\/mieten-fuer-wohngemeinschaften-steigen-weiter\\\/\"]}]},{\"@type\":\"ImageObject\",\"inLanguage\":\"en-US\",\"@id\":\"https:\\\/\\\/www.value-marktdaten.de\\\/en\\\/2017\\\/10\\\/09\\\/mieten-fuer-wohngemeinschaften-steigen-weiter\\\/#primaryimage\",\"url\":\"https:\\\/\\\/www.value-marktdaten.de\\\/wp-content\\\/uploads\\\/2017\\\/10\\\/Preisspiegel_WG_Mieten_Winter_2017-300x160.png\",\"contentUrl\":\"https:\\\/\\\/www.value-marktdaten.de\\\/wp-content\\\/uploads\\\/2017\\\/10\\\/Preisspiegel_WG_Mieten_Winter_2017-300x160.png\"},{\"@type\":\"BreadcrumbList\",\"@id\":\"https:\\\/\\\/www.value-marktdaten.de\\\/en\\\/2017\\\/10\\\/09\\\/mieten-fuer-wohngemeinschaften-steigen-weiter\\\/#breadcrumb\",\"itemListElement\":[{\"@type\":\"ListItem\",\"position\":1,\"name\":\"Startseite\",\"item\":\"https:\\\/\\\/www.value-marktdaten.de\\\/en\\\/\"},{\"@type\":\"ListItem\",\"position\":2,\"name\":\"Mieten f\u00fcr Wohngemeinschaften steigen weiter\"}]},{\"@type\":\"WebSite\",\"@id\":\"https:\\\/\\\/www.value-marktdaten.de\\\/en\\\/#website\",\"url\":\"https:\\\/\\\/www.value-marktdaten.de\\\/en\\\/\",\"name\":\"Value AG the valuation group\",\"description\":\"Immobilienmarktdaten f\u00fcr Deutschland\",\"publisher\":{\"@id\":\"https:\\\/\\\/www.value-marktdaten.de\\\/en\\\/#organization\"},\"potentialAction\":[{\"@type\":\"SearchAction\",\"target\":{\"@type\":\"EntryPoint\",\"urlTemplate\":\"https:\\\/\\\/www.value-marktdaten.de\\\/en\\\/?s={search_term_string}\"},\"query-input\":{\"@type\":\"PropertyValueSpecification\",\"valueRequired\":true,\"valueName\":\"search_term_string\"}}],\"inLanguage\":\"en-US\"},{\"@type\":\"Organization\",\"@id\":\"https:\\\/\\\/www.value-marktdaten.de\\\/en\\\/#organization\",\"name\":\"Value AG the valuation group\",\"url\":\"https:\\\/\\\/www.value-marktdaten.de\\\/en\\\/\",\"logo\":{\"@type\":\"ImageObject\",\"inLanguage\":\"en-US\",\"@id\":\"https:\\\/\\\/www.value-marktdaten.de\\\/en\\\/#\\\/schema\\\/logo\\\/image\\\/\",\"url\":\"\",\"contentUrl\":\"\",\"caption\":\"Value AG the valuation group\"},\"image\":{\"@id\":\"https:\\\/\\\/www.value-marktdaten.de\\\/en\\\/#\\\/schema\\\/logo\\\/image\\\/\"},\"sameAs\":[\"https:\\\/\\\/x.com\\\/empiricaSysteme\",\"https:\\\/\\\/www.linkedin.com\\\/company\\\/empirica-systeme-gmbh\"]},{\"@type\":\"Person\",\"@id\":\"https:\\\/\\\/www.value-marktdaten.de\\\/en\\\/#\\\/schema\\\/person\\\/02906812716f6be89d34952959021b7a\",\"name\":\"Sebastian Hein\",\"image\":{\"@type\":\"ImageObject\",\"inLanguage\":\"en-US\",\"@id\":\"https:\\\/\\\/secure.gravatar.com\\\/avatar\\\/190c7e8b36fd4b4580e0d4223074c6f628e7f727dc0c703db0a1ad915ca40898?s=96&d=mm&r=g\",\"url\":\"https:\\\/\\\/secure.gravatar.com\\\/avatar\\\/190c7e8b36fd4b4580e0d4223074c6f628e7f727dc0c703db0a1ad915ca40898?s=96&d=mm&r=g\",\"contentUrl\":\"https:\\\/\\\/secure.gravatar.com\\\/avatar\\\/190c7e8b36fd4b4580e0d4223074c6f628e7f727dc0c703db0a1ad915ca40898?s=96&d=mm&r=g\",\"caption\":\"Sebastian Hein\"},\"sameAs\":[\"http:\\\/\\\/www.value-marktdaten.de\"],\"url\":\"https:\\\/\\\/www.value-marktdaten.de\\\/en\\\/author\\\/sebastian-hein\\\/\"}]}<\/script>\n<!-- \/ Yoast SEO plugin. -->","yoast_head_json":{"title":"Mieten f\u00fcr Wohngemeinschaften steigen weiter - Value AG the valuation group","robots":{"index":"index","follow":"follow","max-snippet":"max-snippet:-1","max-image-preview":"max-image-preview:large","max-video-preview":"max-video-preview:-1"},"canonical":"https:\/\/www.value-marktdaten.de\/en\/2017\/10\/09\/mieten-fuer-wohngemeinschaften-steigen-weiter\/","og_locale":"en_US","og_type":"article","og_title":"Mieten f\u00fcr Wohngemeinschaften steigen weiter - Value AG the valuation group","og_description":"Der aktuelle WG-Mietindex f\u00fcr das Wintersemester 2017 der empirica ag liegt vor. Auch dieses Semester m\u00fcssen Studenten wieder tiefer in die Tasche greifen. Wie alle, die derzeit umziehen.\u00a0","og_url":"https:\/\/www.value-marktdaten.de\/en\/2017\/10\/09\/mieten-fuer-wohngemeinschaften-steigen-weiter\/","og_site_name":"Value AG the valuation group","article_published_time":"2017-10-09T14:12:33+00:00","article_modified_time":"2021-04-20T20:52:27+00:00","og_image":[{"url":"https:\/\/www.value-marktdaten.de\/wp-content\/uploads\/2017\/10\/Preisspiegel_WG_Mieten_Winter_2017-300x160.png","type":"","width":"","height":""}],"author":"Sebastian Hein","twitter_card":"summary_large_image","twitter_creator":"@empiricaSysteme","twitter_site":"@empiricaSysteme","twitter_misc":{"Written by":"Sebastian Hein","Est. reading time":"1 minute"},"schema":{"@context":"https:\/\/schema.org","@graph":[{"@type":"Article","@id":"https:\/\/www.value-marktdaten.de\/en\/2017\/10\/09\/mieten-fuer-wohngemeinschaften-steigen-weiter\/#article","isPartOf":{"@id":"https:\/\/www.value-marktdaten.de\/en\/2017\/10\/09\/mieten-fuer-wohngemeinschaften-steigen-weiter\/"},"author":{"name":"Sebastian Hein","@id":"https:\/\/www.value-marktdaten.de\/en\/#\/schema\/person\/02906812716f6be89d34952959021b7a"},"headline":"Mieten f\u00fcr Wohngemeinschaften steigen weiter","datePublished":"2017-10-09T14:12:33+00:00","dateModified":"2021-04-20T20:52:27+00:00","mainEntityOfPage":{"@id":"https:\/\/www.value-marktdaten.de\/en\/2017\/10\/09\/mieten-fuer-wohngemeinschaften-steigen-weiter\/"},"wordCount":140,"publisher":{"@id":"https:\/\/www.value-marktdaten.de\/en\/#organization"},"image":{"@id":"https:\/\/www.value-marktdaten.de\/en\/2017\/10\/09\/mieten-fuer-wohngemeinschaften-steigen-weiter\/#primaryimage"},"thumbnailUrl":"https:\/\/www.value-marktdaten.de\/wp-content\/uploads\/2017\/10\/Preisspiegel_WG_Mieten_Winter_2017-300x160.png","keywords":["student housing data Germany","Studentenwohnen","WG-Mieten","Wohngemeinschaften"],"articleSection":["empirica-Property-Index","Real Estate Market Data"],"inLanguage":"en-US"},{"@type":"WebPage","@id":"https:\/\/www.value-marktdaten.de\/en\/2017\/10\/09\/mieten-fuer-wohngemeinschaften-steigen-weiter\/","url":"https:\/\/www.value-marktdaten.de\/en\/2017\/10\/09\/mieten-fuer-wohngemeinschaften-steigen-weiter\/","name":"Mieten f\u00fcr Wohngemeinschaften steigen weiter - Value AG the valuation group","isPartOf":{"@id":"https:\/\/www.value-marktdaten.de\/en\/#website"},"primaryImageOfPage":{"@id":"https:\/\/www.value-marktdaten.de\/en\/2017\/10\/09\/mieten-fuer-wohngemeinschaften-steigen-weiter\/#primaryimage"},"image":{"@id":"https:\/\/www.value-marktdaten.de\/en\/2017\/10\/09\/mieten-fuer-wohngemeinschaften-steigen-weiter\/#primaryimage"},"thumbnailUrl":"https:\/\/www.value-marktdaten.de\/wp-content\/uploads\/2017\/10\/Preisspiegel_WG_Mieten_Winter_2017-300x160.png","datePublished":"2017-10-09T14:12:33+00:00","dateModified":"2021-04-20T20:52:27+00:00","breadcrumb":{"@id":"https:\/\/www.value-marktdaten.de\/en\/2017\/10\/09\/mieten-fuer-wohngemeinschaften-steigen-weiter\/#breadcrumb"},"inLanguage":"en-US","potentialAction":[{"@type":"ReadAction","target":["https:\/\/www.value-marktdaten.de\/en\/2017\/10\/09\/mieten-fuer-wohngemeinschaften-steigen-weiter\/"]}]},{"@type":"ImageObject","inLanguage":"en-US","@id":"https:\/\/www.value-marktdaten.de\/en\/2017\/10\/09\/mieten-fuer-wohngemeinschaften-steigen-weiter\/#primaryimage","url":"https:\/\/www.value-marktdaten.de\/wp-content\/uploads\/2017\/10\/Preisspiegel_WG_Mieten_Winter_2017-300x160.png","contentUrl":"https:\/\/www.value-marktdaten.de\/wp-content\/uploads\/2017\/10\/Preisspiegel_WG_Mieten_Winter_2017-300x160.png"},{"@type":"BreadcrumbList","@id":"https:\/\/www.value-marktdaten.de\/en\/2017\/10\/09\/mieten-fuer-wohngemeinschaften-steigen-weiter\/#breadcrumb","itemListElement":[{"@type":"ListItem","position":1,"name":"Startseite","item":"https:\/\/www.value-marktdaten.de\/en\/"},{"@type":"ListItem","position":2,"name":"Mieten f\u00fcr Wohngemeinschaften steigen weiter"}]},{"@type":"WebSite","@id":"https:\/\/www.value-marktdaten.de\/en\/#website","url":"https:\/\/www.value-marktdaten.de\/en\/","name":"Value AG the valuation group","description":"Immobilienmarktdaten f\u00fcr Deutschland","publisher":{"@id":"https:\/\/www.value-marktdaten.de\/en\/#organization"},"potentialAction":[{"@type":"SearchAction","target":{"@type":"EntryPoint","urlTemplate":"https:\/\/www.value-marktdaten.de\/en\/?s={search_term_string}"},"query-input":{"@type":"PropertyValueSpecification","valueRequired":true,"valueName":"search_term_string"}}],"inLanguage":"en-US"},{"@type":"Organization","@id":"https:\/\/www.value-marktdaten.de\/en\/#organization","name":"Value AG the valuation group","url":"https:\/\/www.value-marktdaten.de\/en\/","logo":{"@type":"ImageObject","inLanguage":"en-US","@id":"https:\/\/www.value-marktdaten.de\/en\/#\/schema\/logo\/image\/","url":"","contentUrl":"","caption":"Value AG the valuation group"},"image":{"@id":"https:\/\/www.value-marktdaten.de\/en\/#\/schema\/logo\/image\/"},"sameAs":["https:\/\/x.com\/empiricaSysteme","https:\/\/www.linkedin.com\/company\/empirica-systeme-gmbh"]},{"@type":"Person","@id":"https:\/\/www.value-marktdaten.de\/en\/#\/schema\/person\/02906812716f6be89d34952959021b7a","name":"Sebastian Hein","image":{"@type":"ImageObject","inLanguage":"en-US","@id":"https:\/\/secure.gravatar.com\/avatar\/190c7e8b36fd4b4580e0d4223074c6f628e7f727dc0c703db0a1ad915ca40898?s=96&d=mm&r=g","url":"https:\/\/secure.gravatar.com\/avatar\/190c7e8b36fd4b4580e0d4223074c6f628e7f727dc0c703db0a1ad915ca40898?s=96&d=mm&r=g","contentUrl":"https:\/\/secure.gravatar.com\/avatar\/190c7e8b36fd4b4580e0d4223074c6f628e7f727dc0c703db0a1ad915ca40898?s=96&d=mm&r=g","caption":"Sebastian Hein"},"sameAs":["http:\/\/www.value-marktdaten.de"],"url":"https:\/\/www.value-marktdaten.de\/en\/author\/sebastian-hein\/"}]}},"_links":{"self":[{"href":"https:\/\/www.value-marktdaten.de\/en\/wp-json\/wp\/v2\/posts\/4503","targetHints":{"allow":["GET"]}}],"collection":[{"href":"https:\/\/www.value-marktdaten.de\/en\/wp-json\/wp\/v2\/posts"}],"about":[{"href":"https:\/\/www.value-marktdaten.de\/en\/wp-json\/wp\/v2\/types\/post"}],"author":[{"embeddable":true,"href":"https:\/\/www.value-marktdaten.de\/en\/wp-json\/wp\/v2\/users\/2"}],"replies":[{"embeddable":true,"href":"https:\/\/www.value-marktdaten.de\/en\/wp-json\/wp\/v2\/comments?post=4503"}],"version-history":[{"count":7,"href":"https:\/\/www.value-marktdaten.de\/en\/wp-json\/wp\/v2\/posts\/4503\/revisions"}],"predecessor-version":[{"id":33409,"href":"https:\/\/www.value-marktdaten.de\/en\/wp-json\/wp\/v2\/posts\/4503\/revisions\/33409"}],"wp:attachment":[{"href":"https:\/\/www.value-marktdaten.de\/en\/wp-json\/wp\/v2\/media?parent=4503"}],"wp:term":[{"taxonomy":"category","embeddable":true,"href":"https:\/\/www.value-marktdaten.de\/en\/wp-json\/wp\/v2\/categories?post=4503"},{"taxonomy":"post_tag","embeddable":true,"href":"https:\/\/www.value-marktdaten.de\/en\/wp-json\/wp\/v2\/tags?post=4503"}],"curies":[{"name":"wp","href":"https:\/\/api.w.org\/{rel}","templated":true}]}}