{"id":4281,"date":"2017-07-27T10:11:04","date_gmt":"2017-07-27T08:11:04","guid":{"rendered":"https:\/\/www.empirica-systeme.de\/?p=4281\/"},"modified":"2021-04-20T22:52:00","modified_gmt":"2021-04-20T20:52:00","slug":"empirica-blasenindex-2017q2","status":"publish","type":"post","link":"https:\/\/www.value-marktdaten.de\/en\/2017\/07\/27\/empirica-blasenindex-2017q2\/","title":{"rendered":"empirica-Blasenindex 2017q2"},"content":{"rendered":"<p>Der aktuelle <a href=\"https:\/\/www.empirica-institut.de\/nc\/nachrichten\/details\/nachricht\/empirica-blasenindex-2017q2\/\" target=\"_blank\" rel=\"noopener\">empirica-Blasenindex f\u00fcr das 2. Quartal 2017<\/a> liegt vor und steigt im Gegensatz zum Vorquartal wieder an: Gegen\u00fcber dem 1. Quartal 2017 legt er um 0,03 Punkte zu. Vor allem die Einzelindices \u201eVervielf\u00e4ltiger\u201c und \u201ePreis-Einkommen\u201c (je +0,06) puschen den Gesamtindex weiter nach oben.<\/p>\n<figure id=\"attachment_4282\" aria-describedby=\"caption-attachment-4282\" style=\"width: 600px\" class=\"wp-caption aligncenter\"><img loading=\"lazy\" decoding=\"async\" class=\"wp-image-4282 size-full\" src=\"https:\/\/www.value-marktdaten.de\/wp-content\/uploads\/2017\/07\/Blasenindex__Q22017-e1501142442349.png\" alt=\"\" width=\"600\" height=\"272\" \/><figcaption id=\"caption-attachment-4282\" class=\"wp-caption-text\">empirica-Blasenindex: Gesamtindex &#8211; Regionstypen 1.Q\u201804=0% (Quelle: empirica ag)<\/figcaption><\/figure>\n<p>Wie wird es weiter gehen? Das Angebot steigt, aber es droht kein \u00dcberangebot, sondern nur eine Tendenz in Richtung \u201eausreichend\u201c. Die Nachfrage in den Schwarmst\u00e4dten w\u00e4chst langsamer (weniger Auslandszuzug, weniger Binnenzuzug), aber sie schrumpft nicht, es drohen keine Leerst\u00e4nde. In dieser Situation werden die Mieten kaum noch weitersteigen wie in den letzten Jahren, meldet empirica. So kann man leicht selbst ausrechnen, wann das Preiswachstum abflachen wird. Wir meinen ja, ab Anfang 2018 d\u00fcrfte es seitw\u00e4rts gehen. <a href=\"https:\/\/www.value-marktdaten.de\/en\/2016\/12\/06\/immobilienpreisentwicklung-wo-ist-das-ende-der-fahnenstange\/\">Warum lesen Sie hier.<\/a><\/p>\n<p>Weitere Informationen zum Index erhalten Sie unter <a href=\"https:\/\/www.empirica-institut.de\/nc\/nachrichten\/details\/nachricht\/empirica-blasenindex-2017q2\/\" target=\"_blank\" rel=\"noopener\">empirica.de<\/a><\/p>\n","protected":false},"excerpt":{"rendered":"<p>Der aktuelle empirica-Blasenindex f\u00fcr das 2. Quartal 2017 liegt vor und steigt im Gegensatz zum Vorquartal wieder an: Gegen\u00fcber dem 1. Quartal 2017 legt er um 0,03 Punkte zu. Vor allem die Einzelindices \u201eVervielf\u00e4ltiger\u201c und \u201ePreis-Einkommen\u201c (je +0,06) puschen den Gesamtindex weiter nach oben. Wie wird es weiter gehen? Das Angebot steigt, aber es droht&hellip;<\/p>\n","protected":false},"author":2,"featured_media":0,"comment_status":"closed","ping_status":"closed","sticky":false,"template":"","format":"standard","meta":{"footnotes":""},"categories":[85,89],"tags":[40,129,261,8,206],"class_list":["post-4281","post","type-post","status-publish","format-standard","hentry","category-empirica-immobilienpreisindex","category-empirica-systeme-immobilienmarktdaten","tag-immobilienblase","tag-immobilienmarktinformation","tag-immobilienmarktprognose","tag-immobilienpreisentwicklung","tag-rueckschlagpotential"],"yoast_head":"<!-- This site is optimized with the Yoast SEO plugin v27.5 - https:\/\/yoast.com\/product\/yoast-seo-wordpress\/ -->\n<title>empirica-Blasenindex 2017q2 - Value AG the valuation group<\/title>\n<meta name=\"robots\" content=\"index, follow, max-snippet:-1, max-image-preview:large, max-video-preview:-1\" \/>\n<link rel=\"canonical\" href=\"https:\/\/www.value-marktdaten.de\/en\/2017\/07\/27\/empirica-blasenindex-2017q2\/\" \/>\n<meta property=\"og:locale\" content=\"en_US\" \/>\n<meta property=\"og:type\" content=\"article\" \/>\n<meta property=\"og:title\" content=\"empirica-Blasenindex 2017q2 - Value AG the valuation group\" \/>\n<meta property=\"og:description\" content=\"Der aktuelle empirica-Blasenindex f\u00fcr das 2. Quartal 2017 liegt vor und steigt im Gegensatz zum Vorquartal wieder an: Gegen\u00fcber dem 1. Quartal 2017 legt er um 0,03 Punkte zu. Vor allem die Einzelindices \u201eVervielf\u00e4ltiger\u201c und \u201ePreis-Einkommen\u201c (je +0,06) puschen den Gesamtindex weiter nach oben. Wie wird es weiter gehen? Das Angebot steigt, aber es droht&hellip;\" \/>\n<meta property=\"og:url\" content=\"https:\/\/www.value-marktdaten.de\/en\/2017\/07\/27\/empirica-blasenindex-2017q2\/\" \/>\n<meta property=\"og:site_name\" content=\"Value AG the valuation group\" \/>\n<meta property=\"article:published_time\" content=\"2017-07-27T08:11:04+00:00\" \/>\n<meta property=\"article:modified_time\" content=\"2021-04-20T20:52:00+00:00\" \/>\n<meta property=\"og:image\" content=\"https:\/\/www.value-marktdaten.de\/wp-content\/uploads\/2017\/07\/Blasenindex__Q22017-e1501142442349.png\" \/>\n<meta name=\"author\" content=\"Sebastian Hein\" \/>\n<meta name=\"twitter:card\" content=\"summary_large_image\" \/>\n<meta name=\"twitter:creator\" content=\"@empiricaSysteme\" \/>\n<meta name=\"twitter:site\" content=\"@empiricaSysteme\" \/>\n<meta name=\"twitter:label1\" content=\"Written by\" \/>\n\t<meta name=\"twitter:data1\" content=\"Sebastian Hein\" \/>\n\t<meta name=\"twitter:label2\" content=\"Est. reading time\" \/>\n\t<meta name=\"twitter:data2\" content=\"1 minute\" \/>\n<script type=\"application\/ld+json\" class=\"yoast-schema-graph\">{\"@context\":\"https:\\\/\\\/schema.org\",\"@graph\":[{\"@type\":\"Article\",\"@id\":\"https:\\\/\\\/www.value-marktdaten.de\\\/en\\\/2017\\\/07\\\/27\\\/empirica-blasenindex-2017q2\\\/#article\",\"isPartOf\":{\"@id\":\"https:\\\/\\\/www.value-marktdaten.de\\\/en\\\/2017\\\/07\\\/27\\\/empirica-blasenindex-2017q2\\\/\"},\"author\":{\"name\":\"Sebastian Hein\",\"@id\":\"https:\\\/\\\/www.value-marktdaten.de\\\/en\\\/#\\\/schema\\\/person\\\/02906812716f6be89d34952959021b7a\"},\"headline\":\"empirica-Blasenindex 2017q2\",\"datePublished\":\"2017-07-27T08:11:04+00:00\",\"dateModified\":\"2021-04-20T20:52:00+00:00\",\"mainEntityOfPage\":{\"@id\":\"https:\\\/\\\/www.value-marktdaten.de\\\/en\\\/2017\\\/07\\\/27\\\/empirica-blasenindex-2017q2\\\/\"},\"wordCount\":151,\"publisher\":{\"@id\":\"https:\\\/\\\/www.value-marktdaten.de\\\/en\\\/#organization\"},\"image\":{\"@id\":\"https:\\\/\\\/www.value-marktdaten.de\\\/en\\\/2017\\\/07\\\/27\\\/empirica-blasenindex-2017q2\\\/#primaryimage\"},\"thumbnailUrl\":\"https:\\\/\\\/www.value-marktdaten.de\\\/wp-content\\\/uploads\\\/2017\\\/07\\\/Blasenindex__Q22017-e1501142442349.png\",\"keywords\":[\"Immobilienblase\",\"Immobilienmarktinformation\",\"Immobilienmarktprognose\",\"Immobilienpreisentwicklung\",\"R\u00fcckschlagpotential\"],\"articleSection\":[\"empirica-Immobilienpreisindex\",\"Immobilienmarktdaten\"],\"inLanguage\":\"en-US\"},{\"@type\":\"WebPage\",\"@id\":\"https:\\\/\\\/www.value-marktdaten.de\\\/en\\\/2017\\\/07\\\/27\\\/empirica-blasenindex-2017q2\\\/\",\"url\":\"https:\\\/\\\/www.value-marktdaten.de\\\/en\\\/2017\\\/07\\\/27\\\/empirica-blasenindex-2017q2\\\/\",\"name\":\"empirica-Blasenindex 2017q2 - Value AG the valuation group\",\"isPartOf\":{\"@id\":\"https:\\\/\\\/www.value-marktdaten.de\\\/en\\\/#website\"},\"primaryImageOfPage\":{\"@id\":\"https:\\\/\\\/www.value-marktdaten.de\\\/en\\\/2017\\\/07\\\/27\\\/empirica-blasenindex-2017q2\\\/#primaryimage\"},\"image\":{\"@id\":\"https:\\\/\\\/www.value-marktdaten.de\\\/en\\\/2017\\\/07\\\/27\\\/empirica-blasenindex-2017q2\\\/#primaryimage\"},\"thumbnailUrl\":\"https:\\\/\\\/www.value-marktdaten.de\\\/wp-content\\\/uploads\\\/2017\\\/07\\\/Blasenindex__Q22017-e1501142442349.png\",\"datePublished\":\"2017-07-27T08:11:04+00:00\",\"dateModified\":\"2021-04-20T20:52:00+00:00\",\"breadcrumb\":{\"@id\":\"https:\\\/\\\/www.value-marktdaten.de\\\/en\\\/2017\\\/07\\\/27\\\/empirica-blasenindex-2017q2\\\/#breadcrumb\"},\"inLanguage\":\"en-US\",\"potentialAction\":[{\"@type\":\"ReadAction\",\"target\":[\"https:\\\/\\\/www.value-marktdaten.de\\\/en\\\/2017\\\/07\\\/27\\\/empirica-blasenindex-2017q2\\\/\"]}]},{\"@type\":\"ImageObject\",\"inLanguage\":\"en-US\",\"@id\":\"https:\\\/\\\/www.value-marktdaten.de\\\/en\\\/2017\\\/07\\\/27\\\/empirica-blasenindex-2017q2\\\/#primaryimage\",\"url\":\"https:\\\/\\\/www.value-marktdaten.de\\\/wp-content\\\/uploads\\\/2017\\\/07\\\/Blasenindex__Q22017-e1501142442349.png\",\"contentUrl\":\"https:\\\/\\\/www.value-marktdaten.de\\\/wp-content\\\/uploads\\\/2017\\\/07\\\/Blasenindex__Q22017-e1501142442349.png\"},{\"@type\":\"BreadcrumbList\",\"@id\":\"https:\\\/\\\/www.value-marktdaten.de\\\/en\\\/2017\\\/07\\\/27\\\/empirica-blasenindex-2017q2\\\/#breadcrumb\",\"itemListElement\":[{\"@type\":\"ListItem\",\"position\":1,\"name\":\"Startseite\",\"item\":\"https:\\\/\\\/www.value-marktdaten.de\\\/en\\\/\"},{\"@type\":\"ListItem\",\"position\":2,\"name\":\"empirica-Blasenindex 2017q2\"}]},{\"@type\":\"WebSite\",\"@id\":\"https:\\\/\\\/www.value-marktdaten.de\\\/en\\\/#website\",\"url\":\"https:\\\/\\\/www.value-marktdaten.de\\\/en\\\/\",\"name\":\"Value AG the valuation group\",\"description\":\"Immobilienmarktdaten f\u00fcr Deutschland\",\"publisher\":{\"@id\":\"https:\\\/\\\/www.value-marktdaten.de\\\/en\\\/#organization\"},\"potentialAction\":[{\"@type\":\"SearchAction\",\"target\":{\"@type\":\"EntryPoint\",\"urlTemplate\":\"https:\\\/\\\/www.value-marktdaten.de\\\/en\\\/?s={search_term_string}\"},\"query-input\":{\"@type\":\"PropertyValueSpecification\",\"valueRequired\":true,\"valueName\":\"search_term_string\"}}],\"inLanguage\":\"en-US\"},{\"@type\":\"Organization\",\"@id\":\"https:\\\/\\\/www.value-marktdaten.de\\\/en\\\/#organization\",\"name\":\"Value AG the valuation group\",\"url\":\"https:\\\/\\\/www.value-marktdaten.de\\\/en\\\/\",\"logo\":{\"@type\":\"ImageObject\",\"inLanguage\":\"en-US\",\"@id\":\"https:\\\/\\\/www.value-marktdaten.de\\\/en\\\/#\\\/schema\\\/logo\\\/image\\\/\",\"url\":\"\",\"contentUrl\":\"\",\"caption\":\"Value AG the valuation group\"},\"image\":{\"@id\":\"https:\\\/\\\/www.value-marktdaten.de\\\/en\\\/#\\\/schema\\\/logo\\\/image\\\/\"},\"sameAs\":[\"https:\\\/\\\/x.com\\\/empiricaSysteme\",\"https:\\\/\\\/www.linkedin.com\\\/company\\\/empirica-systeme-gmbh\"]},{\"@type\":\"Person\",\"@id\":\"https:\\\/\\\/www.value-marktdaten.de\\\/en\\\/#\\\/schema\\\/person\\\/02906812716f6be89d34952959021b7a\",\"name\":\"Sebastian Hein\",\"image\":{\"@type\":\"ImageObject\",\"inLanguage\":\"en-US\",\"@id\":\"https:\\\/\\\/secure.gravatar.com\\\/avatar\\\/190c7e8b36fd4b4580e0d4223074c6f628e7f727dc0c703db0a1ad915ca40898?s=96&d=mm&r=g\",\"url\":\"https:\\\/\\\/secure.gravatar.com\\\/avatar\\\/190c7e8b36fd4b4580e0d4223074c6f628e7f727dc0c703db0a1ad915ca40898?s=96&d=mm&r=g\",\"contentUrl\":\"https:\\\/\\\/secure.gravatar.com\\\/avatar\\\/190c7e8b36fd4b4580e0d4223074c6f628e7f727dc0c703db0a1ad915ca40898?s=96&d=mm&r=g\",\"caption\":\"Sebastian Hein\"},\"sameAs\":[\"http:\\\/\\\/www.value-marktdaten.de\"],\"url\":\"https:\\\/\\\/www.value-marktdaten.de\\\/en\\\/author\\\/sebastian-hein\\\/\"}]}<\/script>\n<!-- \/ Yoast SEO plugin. -->","yoast_head_json":{"title":"empirica-Blasenindex 2017q2 - Value AG the valuation group","robots":{"index":"index","follow":"follow","max-snippet":"max-snippet:-1","max-image-preview":"max-image-preview:large","max-video-preview":"max-video-preview:-1"},"canonical":"https:\/\/www.value-marktdaten.de\/en\/2017\/07\/27\/empirica-blasenindex-2017q2\/","og_locale":"en_US","og_type":"article","og_title":"empirica-Blasenindex 2017q2 - Value AG the valuation group","og_description":"Der aktuelle empirica-Blasenindex f\u00fcr das 2. Quartal 2017 liegt vor und steigt im Gegensatz zum Vorquartal wieder an: Gegen\u00fcber dem 1. Quartal 2017 legt er um 0,03 Punkte zu. Vor allem die Einzelindices \u201eVervielf\u00e4ltiger\u201c und \u201ePreis-Einkommen\u201c (je +0,06) puschen den Gesamtindex weiter nach oben. Wie wird es weiter gehen? Das Angebot steigt, aber es droht&hellip;","og_url":"https:\/\/www.value-marktdaten.de\/en\/2017\/07\/27\/empirica-blasenindex-2017q2\/","og_site_name":"Value AG the valuation group","article_published_time":"2017-07-27T08:11:04+00:00","article_modified_time":"2021-04-20T20:52:00+00:00","og_image":[{"url":"https:\/\/www.value-marktdaten.de\/wp-content\/uploads\/2017\/07\/Blasenindex__Q22017-e1501142442349.png","type":"","width":"","height":""}],"author":"Sebastian Hein","twitter_card":"summary_large_image","twitter_creator":"@empiricaSysteme","twitter_site":"@empiricaSysteme","twitter_misc":{"Written by":"Sebastian Hein","Est. reading time":"1 minute"},"schema":{"@context":"https:\/\/schema.org","@graph":[{"@type":"Article","@id":"https:\/\/www.value-marktdaten.de\/en\/2017\/07\/27\/empirica-blasenindex-2017q2\/#article","isPartOf":{"@id":"https:\/\/www.value-marktdaten.de\/en\/2017\/07\/27\/empirica-blasenindex-2017q2\/"},"author":{"name":"Sebastian Hein","@id":"https:\/\/www.value-marktdaten.de\/en\/#\/schema\/person\/02906812716f6be89d34952959021b7a"},"headline":"empirica-Blasenindex 2017q2","datePublished":"2017-07-27T08:11:04+00:00","dateModified":"2021-04-20T20:52:00+00:00","mainEntityOfPage":{"@id":"https:\/\/www.value-marktdaten.de\/en\/2017\/07\/27\/empirica-blasenindex-2017q2\/"},"wordCount":151,"publisher":{"@id":"https:\/\/www.value-marktdaten.de\/en\/#organization"},"image":{"@id":"https:\/\/www.value-marktdaten.de\/en\/2017\/07\/27\/empirica-blasenindex-2017q2\/#primaryimage"},"thumbnailUrl":"https:\/\/www.value-marktdaten.de\/wp-content\/uploads\/2017\/07\/Blasenindex__Q22017-e1501142442349.png","keywords":["Immobilienblase","Immobilienmarktinformation","Immobilienmarktprognose","Immobilienpreisentwicklung","R\u00fcckschlagpotential"],"articleSection":["empirica-Immobilienpreisindex","Immobilienmarktdaten"],"inLanguage":"en-US"},{"@type":"WebPage","@id":"https:\/\/www.value-marktdaten.de\/en\/2017\/07\/27\/empirica-blasenindex-2017q2\/","url":"https:\/\/www.value-marktdaten.de\/en\/2017\/07\/27\/empirica-blasenindex-2017q2\/","name":"empirica-Blasenindex 2017q2 - Value AG the valuation group","isPartOf":{"@id":"https:\/\/www.value-marktdaten.de\/en\/#website"},"primaryImageOfPage":{"@id":"https:\/\/www.value-marktdaten.de\/en\/2017\/07\/27\/empirica-blasenindex-2017q2\/#primaryimage"},"image":{"@id":"https:\/\/www.value-marktdaten.de\/en\/2017\/07\/27\/empirica-blasenindex-2017q2\/#primaryimage"},"thumbnailUrl":"https:\/\/www.value-marktdaten.de\/wp-content\/uploads\/2017\/07\/Blasenindex__Q22017-e1501142442349.png","datePublished":"2017-07-27T08:11:04+00:00","dateModified":"2021-04-20T20:52:00+00:00","breadcrumb":{"@id":"https:\/\/www.value-marktdaten.de\/en\/2017\/07\/27\/empirica-blasenindex-2017q2\/#breadcrumb"},"inLanguage":"en-US","potentialAction":[{"@type":"ReadAction","target":["https:\/\/www.value-marktdaten.de\/en\/2017\/07\/27\/empirica-blasenindex-2017q2\/"]}]},{"@type":"ImageObject","inLanguage":"en-US","@id":"https:\/\/www.value-marktdaten.de\/en\/2017\/07\/27\/empirica-blasenindex-2017q2\/#primaryimage","url":"https:\/\/www.value-marktdaten.de\/wp-content\/uploads\/2017\/07\/Blasenindex__Q22017-e1501142442349.png","contentUrl":"https:\/\/www.value-marktdaten.de\/wp-content\/uploads\/2017\/07\/Blasenindex__Q22017-e1501142442349.png"},{"@type":"BreadcrumbList","@id":"https:\/\/www.value-marktdaten.de\/en\/2017\/07\/27\/empirica-blasenindex-2017q2\/#breadcrumb","itemListElement":[{"@type":"ListItem","position":1,"name":"Startseite","item":"https:\/\/www.value-marktdaten.de\/en\/"},{"@type":"ListItem","position":2,"name":"empirica-Blasenindex 2017q2"}]},{"@type":"WebSite","@id":"https:\/\/www.value-marktdaten.de\/en\/#website","url":"https:\/\/www.value-marktdaten.de\/en\/","name":"Value AG the valuation group","description":"Immobilienmarktdaten f\u00fcr Deutschland","publisher":{"@id":"https:\/\/www.value-marktdaten.de\/en\/#organization"},"potentialAction":[{"@type":"SearchAction","target":{"@type":"EntryPoint","urlTemplate":"https:\/\/www.value-marktdaten.de\/en\/?s={search_term_string}"},"query-input":{"@type":"PropertyValueSpecification","valueRequired":true,"valueName":"search_term_string"}}],"inLanguage":"en-US"},{"@type":"Organization","@id":"https:\/\/www.value-marktdaten.de\/en\/#organization","name":"Value AG the valuation group","url":"https:\/\/www.value-marktdaten.de\/en\/","logo":{"@type":"ImageObject","inLanguage":"en-US","@id":"https:\/\/www.value-marktdaten.de\/en\/#\/schema\/logo\/image\/","url":"","contentUrl":"","caption":"Value AG the valuation group"},"image":{"@id":"https:\/\/www.value-marktdaten.de\/en\/#\/schema\/logo\/image\/"},"sameAs":["https:\/\/x.com\/empiricaSysteme","https:\/\/www.linkedin.com\/company\/empirica-systeme-gmbh"]},{"@type":"Person","@id":"https:\/\/www.value-marktdaten.de\/en\/#\/schema\/person\/02906812716f6be89d34952959021b7a","name":"Sebastian Hein","image":{"@type":"ImageObject","inLanguage":"en-US","@id":"https:\/\/secure.gravatar.com\/avatar\/190c7e8b36fd4b4580e0d4223074c6f628e7f727dc0c703db0a1ad915ca40898?s=96&d=mm&r=g","url":"https:\/\/secure.gravatar.com\/avatar\/190c7e8b36fd4b4580e0d4223074c6f628e7f727dc0c703db0a1ad915ca40898?s=96&d=mm&r=g","contentUrl":"https:\/\/secure.gravatar.com\/avatar\/190c7e8b36fd4b4580e0d4223074c6f628e7f727dc0c703db0a1ad915ca40898?s=96&d=mm&r=g","caption":"Sebastian Hein"},"sameAs":["http:\/\/www.value-marktdaten.de"],"url":"https:\/\/www.value-marktdaten.de\/en\/author\/sebastian-hein\/"}]}},"_links":{"self":[{"href":"https:\/\/www.value-marktdaten.de\/en\/wp-json\/wp\/v2\/posts\/4281","targetHints":{"allow":["GET"]}}],"collection":[{"href":"https:\/\/www.value-marktdaten.de\/en\/wp-json\/wp\/v2\/posts"}],"about":[{"href":"https:\/\/www.value-marktdaten.de\/en\/wp-json\/wp\/v2\/types\/post"}],"author":[{"embeddable":true,"href":"https:\/\/www.value-marktdaten.de\/en\/wp-json\/wp\/v2\/users\/2"}],"replies":[{"embeddable":true,"href":"https:\/\/www.value-marktdaten.de\/en\/wp-json\/wp\/v2\/comments?post=4281"}],"version-history":[{"count":4,"href":"https:\/\/www.value-marktdaten.de\/en\/wp-json\/wp\/v2\/posts\/4281\/revisions"}],"predecessor-version":[{"id":33389,"href":"https:\/\/www.value-marktdaten.de\/en\/wp-json\/wp\/v2\/posts\/4281\/revisions\/33389"}],"wp:attachment":[{"href":"https:\/\/www.value-marktdaten.de\/en\/wp-json\/wp\/v2\/media?parent=4281"}],"wp:term":[{"taxonomy":"category","embeddable":true,"href":"https:\/\/www.value-marktdaten.de\/en\/wp-json\/wp\/v2\/categories?post=4281"},{"taxonomy":"post_tag","embeddable":true,"href":"https:\/\/www.value-marktdaten.de\/en\/wp-json\/wp\/v2\/tags?post=4281"}],"curies":[{"name":"wp","href":"https:\/\/api.w.org\/{rel}","templated":true}]}}