{"id":4166,"date":"2017-07-12T10:29:08","date_gmt":"2017-07-12T08:29:08","guid":{"rendered":"https:\/\/www.empirica-systeme.de\/?p=4166\/"},"modified":"2021-04-20T22:51:54","modified_gmt":"2021-04-20T20:51:54","slug":"empirica-immobilienpreisindex-ii2017","status":"publish","type":"post","link":"https:\/\/www.value-marktdaten.de\/en\/2017\/07\/12\/empirica-immobilienpreisindex-ii2017\/","title":{"rendered":"empirica-Immobilienpreisindex II\/2017"},"content":{"rendered":"<p>Auch im 2. Quartal 2017 steigen die Immobilienpreise in Deutschland weiter an, zeigt der aktuelle Immobilienpreisindex der <a href=\"https:\/\/www.empirica-institut.de\" target=\"_blank\" rel=\"noopener\">empirica ag<\/a>. Im Durchschnitt aller Baujahre legen die Indices von Miet- und Eigentumswohnungen sowie von Ein- oder Zweifamilienh\u00e4usern weiter zu. Der Index f\u00fcr Eigentumswohnungen ist mit einem Zuwachs von 2,2% gegen\u00fcber dem letzten Quartal am st\u00e4rksten angestiegen.\u00a0In den Top-7 M\u00e4rkten liegt der Index nun \u00fcber 200. Die Preise sind also doppelt so hoch wie Anfang 2004 (=100) bzw. Anfang 2012. Da fragt man sich schon: &#8220;<a href=\"https:\/\/www.value-marktdaten.de\/en\/2016\/12\/06\/immobilienpreisentwicklung-wo-ist-das-ende-der-fahnenstange\/\" target=\"_blank\" rel=\"noopener\">wo ist das Ende der Fahnenstange?<\/a>&#8221;<\/p>\n<figure id=\"attachment_4170\" aria-describedby=\"caption-attachment-4170\" style=\"width: 600px\" class=\"wp-caption aligncenter\"><img loading=\"lazy\" decoding=\"async\" class=\"wp-image-4170 size-full\" src=\"https:\/\/www.value-marktdaten.de\/wp-content\/uploads\/2017\/07\/Immobilienpreisindex_bQ22017-1-e1499783914179.png\" alt=\"\" width=\"600\" height=\"210\" \/><figcaption id=\"caption-attachment-4170\" class=\"wp-caption-text\">Immobilienpreise und Mieten &#8211; Indexwerte alle Baujahre Q1\/2004=100 (Quelle: empirica ag).<\/figcaption><\/figure>\n<p>Der Index f\u00fcr Ein- und Zweifamilienh\u00e4usern hat sich um 1,0% erh\u00f6ht.<!--more Auch die Mietpreise ziehen weiter an--> Auch die Mietpreise ziehen weiter an, mit einem Wachstum von 0,8% gegen\u00fcber dem letzten Quartal wiederum etwas schw\u00e4cher als ETW und EZFH. Die Indices neugebauter Wohnungen bzw. EZFH erklimmen ebenfalls neue H\u00f6chstwerte.<\/p>\n<p>Im 2. Quartal 2017 liegen die Preise neugebauter Mietwohnungen 0,6% \u00fcber dem Niveau des letzten Quartals. Der Anstieg f\u00fcr neugebaute EZFH liegt mit 1,2% weit dar\u00fcber. F\u00fcr ETW f\u00e4llt der Zuwachs mit 2,0% auch im Teilmarkt der neugebauten Wohnungen am st\u00e4rksten aus.<\/p>\n<p>Informationen zum Preisindex und dem Ranking sowie ein Bestellformular f\u00fcr Immobilienpreisdaten und Mietpreise auf Kreisebene erhalten Sie bei der <a href=\"https:\/\/www.empirica-institut.de\/nc\/nachrichten\/details\/nachricht\/empirica-immobilienpreisindex-ii2017\/\" target=\"_blank\" rel=\"noopener\">empirica ag<\/a>.<\/p>\n","protected":false},"excerpt":{"rendered":"<p>Auch im 2. Quartal 2017 steigen die Immobilienpreise in Deutschland weiter an, zeigt der aktuelle Immobilienpreisindex der empirica ag. Im Durchschnitt aller Baujahre legen die Indices von Miet- und Eigentumswohnungen sowie von Ein- oder Zweifamilienh\u00e4usern weiter zu. Der Index f\u00fcr Eigentumswohnungen ist mit einem Zuwachs von 2,2% gegen\u00fcber dem letzten Quartal am st\u00e4rksten angestiegen.\u00a0In den&hellip;<\/p>\n","protected":false},"author":2,"featured_media":0,"comment_status":"closed","ping_status":"closed","sticky":false,"template":"","format":"standard","meta":{"footnotes":""},"categories":[85,89,106],"tags":[40,8,190,9],"class_list":["post-4166","post","type-post","status-publish","format-standard","hentry","category-empirica-immobilienpreisindex","category-empirica-systeme-immobilienmarktdaten","category-unsere-kunden","tag-immobilienblase","tag-immobilienpreisentwicklung","tag-kaufpreisentwicklung","tag-mietpreisentwicklung"],"yoast_head":"<!-- This site is optimized with the Yoast SEO plugin v27.5 - https:\/\/yoast.com\/product\/yoast-seo-wordpress\/ -->\n<title>empirica-Immobilienpreisindex II\/2017 - Value AG the valuation group<\/title>\n<meta name=\"robots\" content=\"index, follow, max-snippet:-1, max-image-preview:large, max-video-preview:-1\" \/>\n<link rel=\"canonical\" href=\"https:\/\/www.value-marktdaten.de\/en\/2017\/07\/12\/empirica-immobilienpreisindex-ii2017\/\" \/>\n<meta property=\"og:locale\" content=\"en_US\" \/>\n<meta property=\"og:type\" content=\"article\" \/>\n<meta property=\"og:title\" content=\"empirica-Immobilienpreisindex II\/2017 - Value AG the valuation group\" \/>\n<meta property=\"og:description\" content=\"Auch im 2. Quartal 2017 steigen die Immobilienpreise in Deutschland weiter an, zeigt der aktuelle Immobilienpreisindex der empirica ag. Im Durchschnitt aller Baujahre legen die Indices von Miet- und Eigentumswohnungen sowie von Ein- oder Zweifamilienh\u00e4usern weiter zu. Der Index f\u00fcr Eigentumswohnungen ist mit einem Zuwachs von 2,2% gegen\u00fcber dem letzten Quartal am st\u00e4rksten angestiegen.\u00a0In den&hellip;\" \/>\n<meta property=\"og:url\" content=\"https:\/\/www.value-marktdaten.de\/en\/2017\/07\/12\/empirica-immobilienpreisindex-ii2017\/\" \/>\n<meta property=\"og:site_name\" content=\"Value AG the valuation group\" \/>\n<meta property=\"article:published_time\" content=\"2017-07-12T08:29:08+00:00\" \/>\n<meta property=\"article:modified_time\" content=\"2021-04-20T20:51:54+00:00\" \/>\n<meta property=\"og:image\" content=\"https:\/\/www.value-marktdaten.de\/wp-content\/uploads\/2017\/07\/Immobilienpreisindex_bQ22017-1-e1499783914179.png\" \/>\n<meta name=\"author\" content=\"Sebastian Hein\" \/>\n<meta name=\"twitter:card\" content=\"summary_large_image\" \/>\n<meta name=\"twitter:creator\" content=\"@empiricaSysteme\" \/>\n<meta name=\"twitter:site\" content=\"@empiricaSysteme\" \/>\n<meta name=\"twitter:label1\" content=\"Written by\" \/>\n\t<meta name=\"twitter:data1\" content=\"Sebastian Hein\" \/>\n\t<meta name=\"twitter:label2\" content=\"Est. reading time\" \/>\n\t<meta name=\"twitter:data2\" content=\"1 minute\" \/>\n<script type=\"application\/ld+json\" class=\"yoast-schema-graph\">{\"@context\":\"https:\\\/\\\/schema.org\",\"@graph\":[{\"@type\":\"Article\",\"@id\":\"https:\\\/\\\/www.value-marktdaten.de\\\/en\\\/2017\\\/07\\\/12\\\/empirica-immobilienpreisindex-ii2017\\\/#article\",\"isPartOf\":{\"@id\":\"https:\\\/\\\/www.value-marktdaten.de\\\/en\\\/2017\\\/07\\\/12\\\/empirica-immobilienpreisindex-ii2017\\\/\"},\"author\":{\"name\":\"Sebastian Hein\",\"@id\":\"https:\\\/\\\/www.value-marktdaten.de\\\/en\\\/#\\\/schema\\\/person\\\/02906812716f6be89d34952959021b7a\"},\"headline\":\"empirica-Immobilienpreisindex II\\\/2017\",\"datePublished\":\"2017-07-12T08:29:08+00:00\",\"dateModified\":\"2021-04-20T20:51:54+00:00\",\"mainEntityOfPage\":{\"@id\":\"https:\\\/\\\/www.value-marktdaten.de\\\/en\\\/2017\\\/07\\\/12\\\/empirica-immobilienpreisindex-ii2017\\\/\"},\"wordCount\":218,\"publisher\":{\"@id\":\"https:\\\/\\\/www.value-marktdaten.de\\\/en\\\/#organization\"},\"image\":{\"@id\":\"https:\\\/\\\/www.value-marktdaten.de\\\/en\\\/2017\\\/07\\\/12\\\/empirica-immobilienpreisindex-ii2017\\\/#primaryimage\"},\"thumbnailUrl\":\"https:\\\/\\\/www.value-marktdaten.de\\\/wp-content\\\/uploads\\\/2017\\\/07\\\/Immobilienpreisindex_bQ22017-1-e1499783914179.png\",\"keywords\":[\"Immobilienblase\",\"Immobilienpreisentwicklung\",\"Kaufpreisentwicklung\",\"Mietpreisentwicklung\"],\"articleSection\":[\"empirica-Immobilienpreisindex\",\"Immobilienmarktdaten\",\"unsere Kunden\"],\"inLanguage\":\"en-US\"},{\"@type\":\"WebPage\",\"@id\":\"https:\\\/\\\/www.value-marktdaten.de\\\/en\\\/2017\\\/07\\\/12\\\/empirica-immobilienpreisindex-ii2017\\\/\",\"url\":\"https:\\\/\\\/www.value-marktdaten.de\\\/en\\\/2017\\\/07\\\/12\\\/empirica-immobilienpreisindex-ii2017\\\/\",\"name\":\"empirica-Immobilienpreisindex II\\\/2017 - Value AG the valuation group\",\"isPartOf\":{\"@id\":\"https:\\\/\\\/www.value-marktdaten.de\\\/en\\\/#website\"},\"primaryImageOfPage\":{\"@id\":\"https:\\\/\\\/www.value-marktdaten.de\\\/en\\\/2017\\\/07\\\/12\\\/empirica-immobilienpreisindex-ii2017\\\/#primaryimage\"},\"image\":{\"@id\":\"https:\\\/\\\/www.value-marktdaten.de\\\/en\\\/2017\\\/07\\\/12\\\/empirica-immobilienpreisindex-ii2017\\\/#primaryimage\"},\"thumbnailUrl\":\"https:\\\/\\\/www.value-marktdaten.de\\\/wp-content\\\/uploads\\\/2017\\\/07\\\/Immobilienpreisindex_bQ22017-1-e1499783914179.png\",\"datePublished\":\"2017-07-12T08:29:08+00:00\",\"dateModified\":\"2021-04-20T20:51:54+00:00\",\"breadcrumb\":{\"@id\":\"https:\\\/\\\/www.value-marktdaten.de\\\/en\\\/2017\\\/07\\\/12\\\/empirica-immobilienpreisindex-ii2017\\\/#breadcrumb\"},\"inLanguage\":\"en-US\",\"potentialAction\":[{\"@type\":\"ReadAction\",\"target\":[\"https:\\\/\\\/www.value-marktdaten.de\\\/en\\\/2017\\\/07\\\/12\\\/empirica-immobilienpreisindex-ii2017\\\/\"]}]},{\"@type\":\"ImageObject\",\"inLanguage\":\"en-US\",\"@id\":\"https:\\\/\\\/www.value-marktdaten.de\\\/en\\\/2017\\\/07\\\/12\\\/empirica-immobilienpreisindex-ii2017\\\/#primaryimage\",\"url\":\"https:\\\/\\\/www.value-marktdaten.de\\\/wp-content\\\/uploads\\\/2017\\\/07\\\/Immobilienpreisindex_bQ22017-1-e1499783914179.png\",\"contentUrl\":\"https:\\\/\\\/www.value-marktdaten.de\\\/wp-content\\\/uploads\\\/2017\\\/07\\\/Immobilienpreisindex_bQ22017-1-e1499783914179.png\"},{\"@type\":\"BreadcrumbList\",\"@id\":\"https:\\\/\\\/www.value-marktdaten.de\\\/en\\\/2017\\\/07\\\/12\\\/empirica-immobilienpreisindex-ii2017\\\/#breadcrumb\",\"itemListElement\":[{\"@type\":\"ListItem\",\"position\":1,\"name\":\"Startseite\",\"item\":\"https:\\\/\\\/www.value-marktdaten.de\\\/en\\\/\"},{\"@type\":\"ListItem\",\"position\":2,\"name\":\"empirica-Immobilienpreisindex II\\\/2017\"}]},{\"@type\":\"WebSite\",\"@id\":\"https:\\\/\\\/www.value-marktdaten.de\\\/en\\\/#website\",\"url\":\"https:\\\/\\\/www.value-marktdaten.de\\\/en\\\/\",\"name\":\"Value AG the valuation group\",\"description\":\"Immobilienmarktdaten f\u00fcr Deutschland\",\"publisher\":{\"@id\":\"https:\\\/\\\/www.value-marktdaten.de\\\/en\\\/#organization\"},\"potentialAction\":[{\"@type\":\"SearchAction\",\"target\":{\"@type\":\"EntryPoint\",\"urlTemplate\":\"https:\\\/\\\/www.value-marktdaten.de\\\/en\\\/?s={search_term_string}\"},\"query-input\":{\"@type\":\"PropertyValueSpecification\",\"valueRequired\":true,\"valueName\":\"search_term_string\"}}],\"inLanguage\":\"en-US\"},{\"@type\":\"Organization\",\"@id\":\"https:\\\/\\\/www.value-marktdaten.de\\\/en\\\/#organization\",\"name\":\"Value AG the valuation group\",\"url\":\"https:\\\/\\\/www.value-marktdaten.de\\\/en\\\/\",\"logo\":{\"@type\":\"ImageObject\",\"inLanguage\":\"en-US\",\"@id\":\"https:\\\/\\\/www.value-marktdaten.de\\\/en\\\/#\\\/schema\\\/logo\\\/image\\\/\",\"url\":\"\",\"contentUrl\":\"\",\"caption\":\"Value AG the valuation group\"},\"image\":{\"@id\":\"https:\\\/\\\/www.value-marktdaten.de\\\/en\\\/#\\\/schema\\\/logo\\\/image\\\/\"},\"sameAs\":[\"https:\\\/\\\/x.com\\\/empiricaSysteme\",\"https:\\\/\\\/www.linkedin.com\\\/company\\\/empirica-systeme-gmbh\"]},{\"@type\":\"Person\",\"@id\":\"https:\\\/\\\/www.value-marktdaten.de\\\/en\\\/#\\\/schema\\\/person\\\/02906812716f6be89d34952959021b7a\",\"name\":\"Sebastian Hein\",\"image\":{\"@type\":\"ImageObject\",\"inLanguage\":\"en-US\",\"@id\":\"https:\\\/\\\/secure.gravatar.com\\\/avatar\\\/190c7e8b36fd4b4580e0d4223074c6f628e7f727dc0c703db0a1ad915ca40898?s=96&d=mm&r=g\",\"url\":\"https:\\\/\\\/secure.gravatar.com\\\/avatar\\\/190c7e8b36fd4b4580e0d4223074c6f628e7f727dc0c703db0a1ad915ca40898?s=96&d=mm&r=g\",\"contentUrl\":\"https:\\\/\\\/secure.gravatar.com\\\/avatar\\\/190c7e8b36fd4b4580e0d4223074c6f628e7f727dc0c703db0a1ad915ca40898?s=96&d=mm&r=g\",\"caption\":\"Sebastian Hein\"},\"sameAs\":[\"http:\\\/\\\/www.value-marktdaten.de\"],\"url\":\"https:\\\/\\\/www.value-marktdaten.de\\\/en\\\/author\\\/sebastian-hein\\\/\"}]}<\/script>\n<!-- \/ Yoast SEO plugin. -->","yoast_head_json":{"title":"empirica-Immobilienpreisindex II\/2017 - Value AG the valuation group","robots":{"index":"index","follow":"follow","max-snippet":"max-snippet:-1","max-image-preview":"max-image-preview:large","max-video-preview":"max-video-preview:-1"},"canonical":"https:\/\/www.value-marktdaten.de\/en\/2017\/07\/12\/empirica-immobilienpreisindex-ii2017\/","og_locale":"en_US","og_type":"article","og_title":"empirica-Immobilienpreisindex II\/2017 - Value AG the valuation group","og_description":"Auch im 2. Quartal 2017 steigen die Immobilienpreise in Deutschland weiter an, zeigt der aktuelle Immobilienpreisindex der empirica ag. Im Durchschnitt aller Baujahre legen die Indices von Miet- und Eigentumswohnungen sowie von Ein- oder Zweifamilienh\u00e4usern weiter zu. Der Index f\u00fcr Eigentumswohnungen ist mit einem Zuwachs von 2,2% gegen\u00fcber dem letzten Quartal am st\u00e4rksten angestiegen.\u00a0In den&hellip;","og_url":"https:\/\/www.value-marktdaten.de\/en\/2017\/07\/12\/empirica-immobilienpreisindex-ii2017\/","og_site_name":"Value AG the valuation group","article_published_time":"2017-07-12T08:29:08+00:00","article_modified_time":"2021-04-20T20:51:54+00:00","og_image":[{"url":"https:\/\/www.value-marktdaten.de\/wp-content\/uploads\/2017\/07\/Immobilienpreisindex_bQ22017-1-e1499783914179.png","type":"","width":"","height":""}],"author":"Sebastian Hein","twitter_card":"summary_large_image","twitter_creator":"@empiricaSysteme","twitter_site":"@empiricaSysteme","twitter_misc":{"Written by":"Sebastian Hein","Est. reading time":"1 minute"},"schema":{"@context":"https:\/\/schema.org","@graph":[{"@type":"Article","@id":"https:\/\/www.value-marktdaten.de\/en\/2017\/07\/12\/empirica-immobilienpreisindex-ii2017\/#article","isPartOf":{"@id":"https:\/\/www.value-marktdaten.de\/en\/2017\/07\/12\/empirica-immobilienpreisindex-ii2017\/"},"author":{"name":"Sebastian Hein","@id":"https:\/\/www.value-marktdaten.de\/en\/#\/schema\/person\/02906812716f6be89d34952959021b7a"},"headline":"empirica-Immobilienpreisindex II\/2017","datePublished":"2017-07-12T08:29:08+00:00","dateModified":"2021-04-20T20:51:54+00:00","mainEntityOfPage":{"@id":"https:\/\/www.value-marktdaten.de\/en\/2017\/07\/12\/empirica-immobilienpreisindex-ii2017\/"},"wordCount":218,"publisher":{"@id":"https:\/\/www.value-marktdaten.de\/en\/#organization"},"image":{"@id":"https:\/\/www.value-marktdaten.de\/en\/2017\/07\/12\/empirica-immobilienpreisindex-ii2017\/#primaryimage"},"thumbnailUrl":"https:\/\/www.value-marktdaten.de\/wp-content\/uploads\/2017\/07\/Immobilienpreisindex_bQ22017-1-e1499783914179.png","keywords":["Immobilienblase","Immobilienpreisentwicklung","Kaufpreisentwicklung","Mietpreisentwicklung"],"articleSection":["empirica-Immobilienpreisindex","Immobilienmarktdaten","unsere Kunden"],"inLanguage":"en-US"},{"@type":"WebPage","@id":"https:\/\/www.value-marktdaten.de\/en\/2017\/07\/12\/empirica-immobilienpreisindex-ii2017\/","url":"https:\/\/www.value-marktdaten.de\/en\/2017\/07\/12\/empirica-immobilienpreisindex-ii2017\/","name":"empirica-Immobilienpreisindex II\/2017 - Value AG the valuation group","isPartOf":{"@id":"https:\/\/www.value-marktdaten.de\/en\/#website"},"primaryImageOfPage":{"@id":"https:\/\/www.value-marktdaten.de\/en\/2017\/07\/12\/empirica-immobilienpreisindex-ii2017\/#primaryimage"},"image":{"@id":"https:\/\/www.value-marktdaten.de\/en\/2017\/07\/12\/empirica-immobilienpreisindex-ii2017\/#primaryimage"},"thumbnailUrl":"https:\/\/www.value-marktdaten.de\/wp-content\/uploads\/2017\/07\/Immobilienpreisindex_bQ22017-1-e1499783914179.png","datePublished":"2017-07-12T08:29:08+00:00","dateModified":"2021-04-20T20:51:54+00:00","breadcrumb":{"@id":"https:\/\/www.value-marktdaten.de\/en\/2017\/07\/12\/empirica-immobilienpreisindex-ii2017\/#breadcrumb"},"inLanguage":"en-US","potentialAction":[{"@type":"ReadAction","target":["https:\/\/www.value-marktdaten.de\/en\/2017\/07\/12\/empirica-immobilienpreisindex-ii2017\/"]}]},{"@type":"ImageObject","inLanguage":"en-US","@id":"https:\/\/www.value-marktdaten.de\/en\/2017\/07\/12\/empirica-immobilienpreisindex-ii2017\/#primaryimage","url":"https:\/\/www.value-marktdaten.de\/wp-content\/uploads\/2017\/07\/Immobilienpreisindex_bQ22017-1-e1499783914179.png","contentUrl":"https:\/\/www.value-marktdaten.de\/wp-content\/uploads\/2017\/07\/Immobilienpreisindex_bQ22017-1-e1499783914179.png"},{"@type":"BreadcrumbList","@id":"https:\/\/www.value-marktdaten.de\/en\/2017\/07\/12\/empirica-immobilienpreisindex-ii2017\/#breadcrumb","itemListElement":[{"@type":"ListItem","position":1,"name":"Startseite","item":"https:\/\/www.value-marktdaten.de\/en\/"},{"@type":"ListItem","position":2,"name":"empirica-Immobilienpreisindex II\/2017"}]},{"@type":"WebSite","@id":"https:\/\/www.value-marktdaten.de\/en\/#website","url":"https:\/\/www.value-marktdaten.de\/en\/","name":"Value AG the valuation group","description":"Immobilienmarktdaten f\u00fcr Deutschland","publisher":{"@id":"https:\/\/www.value-marktdaten.de\/en\/#organization"},"potentialAction":[{"@type":"SearchAction","target":{"@type":"EntryPoint","urlTemplate":"https:\/\/www.value-marktdaten.de\/en\/?s={search_term_string}"},"query-input":{"@type":"PropertyValueSpecification","valueRequired":true,"valueName":"search_term_string"}}],"inLanguage":"en-US"},{"@type":"Organization","@id":"https:\/\/www.value-marktdaten.de\/en\/#organization","name":"Value AG the valuation group","url":"https:\/\/www.value-marktdaten.de\/en\/","logo":{"@type":"ImageObject","inLanguage":"en-US","@id":"https:\/\/www.value-marktdaten.de\/en\/#\/schema\/logo\/image\/","url":"","contentUrl":"","caption":"Value AG the valuation group"},"image":{"@id":"https:\/\/www.value-marktdaten.de\/en\/#\/schema\/logo\/image\/"},"sameAs":["https:\/\/x.com\/empiricaSysteme","https:\/\/www.linkedin.com\/company\/empirica-systeme-gmbh"]},{"@type":"Person","@id":"https:\/\/www.value-marktdaten.de\/en\/#\/schema\/person\/02906812716f6be89d34952959021b7a","name":"Sebastian Hein","image":{"@type":"ImageObject","inLanguage":"en-US","@id":"https:\/\/secure.gravatar.com\/avatar\/190c7e8b36fd4b4580e0d4223074c6f628e7f727dc0c703db0a1ad915ca40898?s=96&d=mm&r=g","url":"https:\/\/secure.gravatar.com\/avatar\/190c7e8b36fd4b4580e0d4223074c6f628e7f727dc0c703db0a1ad915ca40898?s=96&d=mm&r=g","contentUrl":"https:\/\/secure.gravatar.com\/avatar\/190c7e8b36fd4b4580e0d4223074c6f628e7f727dc0c703db0a1ad915ca40898?s=96&d=mm&r=g","caption":"Sebastian Hein"},"sameAs":["http:\/\/www.value-marktdaten.de"],"url":"https:\/\/www.value-marktdaten.de\/en\/author\/sebastian-hein\/"}]}},"_links":{"self":[{"href":"https:\/\/www.value-marktdaten.de\/en\/wp-json\/wp\/v2\/posts\/4166","targetHints":{"allow":["GET"]}}],"collection":[{"href":"https:\/\/www.value-marktdaten.de\/en\/wp-json\/wp\/v2\/posts"}],"about":[{"href":"https:\/\/www.value-marktdaten.de\/en\/wp-json\/wp\/v2\/types\/post"}],"author":[{"embeddable":true,"href":"https:\/\/www.value-marktdaten.de\/en\/wp-json\/wp\/v2\/users\/2"}],"replies":[{"embeddable":true,"href":"https:\/\/www.value-marktdaten.de\/en\/wp-json\/wp\/v2\/comments?post=4166"}],"version-history":[{"count":11,"href":"https:\/\/www.value-marktdaten.de\/en\/wp-json\/wp\/v2\/posts\/4166\/revisions"}],"predecessor-version":[{"id":33390,"href":"https:\/\/www.value-marktdaten.de\/en\/wp-json\/wp\/v2\/posts\/4166\/revisions\/33390"}],"wp:attachment":[{"href":"https:\/\/www.value-marktdaten.de\/en\/wp-json\/wp\/v2\/media?parent=4166"}],"wp:term":[{"taxonomy":"category","embeddable":true,"href":"https:\/\/www.value-marktdaten.de\/en\/wp-json\/wp\/v2\/categories?post=4166"},{"taxonomy":"post_tag","embeddable":true,"href":"https:\/\/www.value-marktdaten.de\/en\/wp-json\/wp\/v2\/tags?post=4166"}],"curies":[{"name":"wp","href":"https:\/\/api.w.org\/{rel}","templated":true}]}}