{"id":3281,"date":"2016-11-03T10:31:17","date_gmt":"2016-11-03T09:31:17","guid":{"rendered":"https:\/\/www.empirica-systeme.de\/?p=3281"},"modified":"2021-04-20T23:05:29","modified_gmt":"2021-04-20T21:05:29","slug":"empirica-blasenindex-2016q3","status":"publish","type":"post","link":"https:\/\/www.value-marktdaten.de\/en\/2016\/11\/03\/empirica-blasenindex-2016q3\/","title":{"rendered":"empirica-Blasenindex 2016q3: Preise steigen weiter, Schuldenquote nicht"},"content":{"rendered":"<p>Der empirica-Blasenindex f\u00fcr das 3.Quartal 2016 liegt vor und steigt gegen\u00fcber dem 2. Quartal nur leicht um 0,01 Punkte. Der Einzelindex \u201ePreis-Einkommen\u201c puscht (+0,04), w\u00e4hrend \u201eVervielf\u00e4ltiger\u201c (+0,01), \u201eFertigstellungen\u201c (-0,01) und \u201eBaukredite\u201c (+\/-0) stagnieren. Eine \u00fcberm\u00e4\u00dfige Verschuldung ist also nicht in Sicht, die Preise steigen wegen fehlender (Neubau-)Angebote, hei\u00dft es in der Pressemeldung von <a href=\"https:\/\/www.empirica-institut.de\/\" target=\"_blank\" rel=\"noopener noreferrer\">empirica<\/a>: Durch die neuen Regulierungspl\u00e4ne sehen die Forscher aber das\u00a0Risiko einer Kredit&shy;klemme aufziehen, sofern die Ma\u00dfnahmen nicht mit der k\u00fcrzlich ohnehin versch\u00e4rften Kreditvergabe koordiniert werden.<\/p>\n<p>Schaut man sich den Index genauer an, stellt man schnell fest, dass auf bundesweiter Ebene allein der Einzelindex\u00a0Bau&shy;fertig&shy;stellungen f\u00fcr ein moderates Niveau des Gesamt&shy;index sorgt. Vervielf\u00e4ltiger und Preis-Einkommensrelation liegen ebenso wie die Kredit&shy;vergabe bundesweit schon \u00fcber dem blasen&shy;freien Referenzwert aus 2004. In den deutschen Wachstums&shy;regionen liegt der Gesamtindex mittlerweile bei 20% \u00fcber dem Referenzwert aus 2004.<\/p>\n<figure id=\"attachment_3283\" aria-describedby=\"caption-attachment-3283\" style=\"width: 600px\" class=\"wp-caption aligncenter\"><img loading=\"lazy\" decoding=\"async\" class=\"wp-image-3283 size-full\" src=\"https:\/\/www.value-marktdaten.de\/wp-content\/uploads\/2016\/11\/empirica-BlasenindexQ32016-e1478163296177.png\" alt=\"empirica-blasenindexq32016\" width=\"600\" height=\"270\" \/><figcaption id=\"caption-attachment-3283\" class=\"wp-caption-text\">empirica-Blasenindex Q3-2016 (Quelle: empirica-ag)<\/figcaption><\/figure>\n<p><!--Immobilienblase in den Gro\u00dfst\u00e4dten?-->Auch in den Top 7 M\u00e4rkten\u00a0(Hamburg, K\u00f6ln, Frankfurt, Stuttgart, D\u00fcsseldorf und M\u00fcnchen) stehen die Ampeln der Einzel&shy;indizes Vervielf\u00e4ltiger und Preis-Einkommen auf rot. Auch hier scheint allein die lange aufgestaute Zur\u00fcck&shy;haltung bei den Bau&shy;fertig&shy;stellungen daf\u00fcr zu sorgen, das von einer klassischen Blase nicht die Rede sein kann.<\/p>\n<figure id=\"attachment_3284\" aria-describedby=\"caption-attachment-3284\" style=\"width: 600px\" class=\"wp-caption aligncenter\"><img loading=\"lazy\" decoding=\"async\" class=\"wp-image-3284 size-full\" src=\"https:\/\/www.value-marktdaten.de\/wp-content\/uploads\/2016\/11\/Blasenindex_Q32016_Warnstufen.pdf-Adobe-Reader-e1478163559613.png\" alt=\"blasenindex_q32016_warnstufen-pdf-adobe-reader\" width=\"600\" height=\"299\" \/><figcaption id=\"caption-attachment-3284\" class=\"wp-caption-text\">empirica-Blasenindex Q3-2016: Warnstufen in Gro\u00dfst\u00e4dten (Quelle: empirica ag)<\/figcaption><\/figure>\n<p>Datenbasis des empirica-Blasenindex sind unter anderem Immobilienmarktdaten der empirica-systeme. Weitere Informationen erhalten Sie hier, unter <a href=\"https:\/\/www.empirica-institut.de\/nc\/nachrichten\/details\/nachricht\/empirica-blasenindex-2016q3\/\" target=\"_blank\" rel=\"noopener noreferrer\">empirica.de<\/a>.<\/p>\n","protected":false},"excerpt":{"rendered":"<p>Der empirica-Blasenindex f\u00fcr das 3.Quartal 2016 liegt vor und steigt gegen\u00fcber dem 2. Quartal nur leicht um 0,01 Punkte. Der Einzelindex \u201ePreis-Einkommen\u201c puscht (+0,04), w\u00e4hrend \u201eVervielf\u00e4ltiger\u201c (+0,01), \u201eFertigstellungen\u201c (-0,01) und \u201eBaukredite\u201c (+\/-0) stagnieren. Eine \u00fcberm\u00e4\u00dfige Verschuldung ist also nicht in Sicht, die Preise steigen wegen fehlender (Neubau-)Angebote, hei\u00dft es in der Pressemeldung von empirica: Durch&hellip;<\/p>\n","protected":false},"author":2,"featured_media":0,"comment_status":"closed","ping_status":"open","sticky":false,"template":"","format":"standard","meta":{"footnotes":""},"categories":[85,106,87],"tags":[165,40,8,91],"class_list":["post-3281","post","type-post","status-publish","format-standard","hentry","category-empirica-immobilienpreisindex","category-unsere-kunden","category-wohnungsmarkt","tag-empirica-blasenindex","tag-immobilienblase","tag-immobilienpreisentwicklung","tag-top-standorte"],"yoast_head":"<!-- This site is optimized with the Yoast SEO plugin v27.5 - https:\/\/yoast.com\/product\/yoast-seo-wordpress\/ -->\n<title>empirica-Blasenindex 2016q3: Preise steigen weiter, Schuldenquote nicht - Value AG the valuation group<\/title>\n<meta name=\"robots\" content=\"index, follow, max-snippet:-1, max-image-preview:large, max-video-preview:-1\" \/>\n<link rel=\"canonical\" href=\"https:\/\/www.value-marktdaten.de\/en\/2016\/11\/03\/empirica-blasenindex-2016q3\/\" \/>\n<meta property=\"og:locale\" content=\"en_US\" \/>\n<meta property=\"og:type\" content=\"article\" \/>\n<meta property=\"og:title\" content=\"empirica-Blasenindex 2016q3: Preise steigen weiter, Schuldenquote nicht - Value AG the valuation group\" \/>\n<meta property=\"og:description\" content=\"Der empirica-Blasenindex f\u00fcr das 3.Quartal 2016 liegt vor und steigt gegen\u00fcber dem 2. Quartal nur leicht um 0,01 Punkte. Der Einzelindex \u201ePreis-Einkommen\u201c puscht (+0,04), w\u00e4hrend \u201eVervielf\u00e4ltiger\u201c (+0,01), \u201eFertigstellungen\u201c (-0,01) und \u201eBaukredite\u201c (+\/-0) stagnieren. Eine \u00fcberm\u00e4\u00dfige Verschuldung ist also nicht in Sicht, die Preise steigen wegen fehlender (Neubau-)Angebote, hei\u00dft es in der Pressemeldung von empirica: Durch&hellip;\" \/>\n<meta property=\"og:url\" content=\"https:\/\/www.value-marktdaten.de\/en\/2016\/11\/03\/empirica-blasenindex-2016q3\/\" \/>\n<meta property=\"og:site_name\" content=\"Value AG the valuation group\" \/>\n<meta property=\"article:published_time\" content=\"2016-11-03T09:31:17+00:00\" \/>\n<meta property=\"article:modified_time\" content=\"2021-04-20T21:05:29+00:00\" \/>\n<meta property=\"og:image\" content=\"https:\/\/www.value-marktdaten.de\/wp-content\/uploads\/2016\/11\/empirica-BlasenindexQ32016-e1478163296177.png\" \/>\n<meta name=\"author\" content=\"Sebastian Hein\" \/>\n<meta name=\"twitter:card\" content=\"summary_large_image\" \/>\n<meta name=\"twitter:creator\" content=\"@empiricaSysteme\" \/>\n<meta name=\"twitter:site\" content=\"@empiricaSysteme\" \/>\n<meta name=\"twitter:label1\" content=\"Written by\" \/>\n\t<meta name=\"twitter:data1\" content=\"Sebastian Hein\" \/>\n\t<meta name=\"twitter:label2\" content=\"Est. reading time\" \/>\n\t<meta name=\"twitter:data2\" content=\"1 minute\" \/>\n<script type=\"application\/ld+json\" class=\"yoast-schema-graph\">{\"@context\":\"https:\\\/\\\/schema.org\",\"@graph\":[{\"@type\":\"Article\",\"@id\":\"https:\\\/\\\/www.value-marktdaten.de\\\/en\\\/2016\\\/11\\\/03\\\/empirica-blasenindex-2016q3\\\/#article\",\"isPartOf\":{\"@id\":\"https:\\\/\\\/www.value-marktdaten.de\\\/en\\\/2016\\\/11\\\/03\\\/empirica-blasenindex-2016q3\\\/\"},\"author\":{\"name\":\"Sebastian Hein\",\"@id\":\"https:\\\/\\\/www.value-marktdaten.de\\\/en\\\/#\\\/schema\\\/person\\\/02906812716f6be89d34952959021b7a\"},\"headline\":\"empirica-Blasenindex 2016q3: Preise steigen weiter, Schuldenquote nicht\",\"datePublished\":\"2016-11-03T09:31:17+00:00\",\"dateModified\":\"2021-04-20T21:05:29+00:00\",\"mainEntityOfPage\":{\"@id\":\"https:\\\/\\\/www.value-marktdaten.de\\\/en\\\/2016\\\/11\\\/03\\\/empirica-blasenindex-2016q3\\\/\"},\"wordCount\":270,\"publisher\":{\"@id\":\"https:\\\/\\\/www.value-marktdaten.de\\\/en\\\/#organization\"},\"image\":{\"@id\":\"https:\\\/\\\/www.value-marktdaten.de\\\/en\\\/2016\\\/11\\\/03\\\/empirica-blasenindex-2016q3\\\/#primaryimage\"},\"thumbnailUrl\":\"https:\\\/\\\/www.value-marktdaten.de\\\/wp-content\\\/uploads\\\/2016\\\/11\\\/empirica-BlasenindexQ32016-e1478163296177.png\",\"keywords\":[\"empirica-Blasenindex\",\"Immobilienblase\",\"Immobilienpreisentwicklung\",\"Top-Standorte\"],\"articleSection\":[\"empirica-Immobilienpreisindex\",\"unsere Kunden\",\"Wohnungsmarkt\"],\"inLanguage\":\"en-US\"},{\"@type\":\"WebPage\",\"@id\":\"https:\\\/\\\/www.value-marktdaten.de\\\/en\\\/2016\\\/11\\\/03\\\/empirica-blasenindex-2016q3\\\/\",\"url\":\"https:\\\/\\\/www.value-marktdaten.de\\\/en\\\/2016\\\/11\\\/03\\\/empirica-blasenindex-2016q3\\\/\",\"name\":\"empirica-Blasenindex 2016q3: Preise steigen weiter, Schuldenquote nicht - Value AG the valuation group\",\"isPartOf\":{\"@id\":\"https:\\\/\\\/www.value-marktdaten.de\\\/en\\\/#website\"},\"primaryImageOfPage\":{\"@id\":\"https:\\\/\\\/www.value-marktdaten.de\\\/en\\\/2016\\\/11\\\/03\\\/empirica-blasenindex-2016q3\\\/#primaryimage\"},\"image\":{\"@id\":\"https:\\\/\\\/www.value-marktdaten.de\\\/en\\\/2016\\\/11\\\/03\\\/empirica-blasenindex-2016q3\\\/#primaryimage\"},\"thumbnailUrl\":\"https:\\\/\\\/www.value-marktdaten.de\\\/wp-content\\\/uploads\\\/2016\\\/11\\\/empirica-BlasenindexQ32016-e1478163296177.png\",\"datePublished\":\"2016-11-03T09:31:17+00:00\",\"dateModified\":\"2021-04-20T21:05:29+00:00\",\"breadcrumb\":{\"@id\":\"https:\\\/\\\/www.value-marktdaten.de\\\/en\\\/2016\\\/11\\\/03\\\/empirica-blasenindex-2016q3\\\/#breadcrumb\"},\"inLanguage\":\"en-US\",\"potentialAction\":[{\"@type\":\"ReadAction\",\"target\":[\"https:\\\/\\\/www.value-marktdaten.de\\\/en\\\/2016\\\/11\\\/03\\\/empirica-blasenindex-2016q3\\\/\"]}]},{\"@type\":\"ImageObject\",\"inLanguage\":\"en-US\",\"@id\":\"https:\\\/\\\/www.value-marktdaten.de\\\/en\\\/2016\\\/11\\\/03\\\/empirica-blasenindex-2016q3\\\/#primaryimage\",\"url\":\"https:\\\/\\\/www.value-marktdaten.de\\\/wp-content\\\/uploads\\\/2016\\\/11\\\/empirica-BlasenindexQ32016-e1478163296177.png\",\"contentUrl\":\"https:\\\/\\\/www.value-marktdaten.de\\\/wp-content\\\/uploads\\\/2016\\\/11\\\/empirica-BlasenindexQ32016-e1478163296177.png\"},{\"@type\":\"BreadcrumbList\",\"@id\":\"https:\\\/\\\/www.value-marktdaten.de\\\/en\\\/2016\\\/11\\\/03\\\/empirica-blasenindex-2016q3\\\/#breadcrumb\",\"itemListElement\":[{\"@type\":\"ListItem\",\"position\":1,\"name\":\"Startseite\",\"item\":\"https:\\\/\\\/www.value-marktdaten.de\\\/en\\\/\"},{\"@type\":\"ListItem\",\"position\":2,\"name\":\"empirica-Blasenindex 2016q3: Preise steigen weiter, Schuldenquote nicht\"}]},{\"@type\":\"WebSite\",\"@id\":\"https:\\\/\\\/www.value-marktdaten.de\\\/en\\\/#website\",\"url\":\"https:\\\/\\\/www.value-marktdaten.de\\\/en\\\/\",\"name\":\"Value AG the valuation group\",\"description\":\"Immobilienmarktdaten f\u00fcr Deutschland\",\"publisher\":{\"@id\":\"https:\\\/\\\/www.value-marktdaten.de\\\/en\\\/#organization\"},\"potentialAction\":[{\"@type\":\"SearchAction\",\"target\":{\"@type\":\"EntryPoint\",\"urlTemplate\":\"https:\\\/\\\/www.value-marktdaten.de\\\/en\\\/?s={search_term_string}\"},\"query-input\":{\"@type\":\"PropertyValueSpecification\",\"valueRequired\":true,\"valueName\":\"search_term_string\"}}],\"inLanguage\":\"en-US\"},{\"@type\":\"Organization\",\"@id\":\"https:\\\/\\\/www.value-marktdaten.de\\\/en\\\/#organization\",\"name\":\"Value AG the valuation group\",\"url\":\"https:\\\/\\\/www.value-marktdaten.de\\\/en\\\/\",\"logo\":{\"@type\":\"ImageObject\",\"inLanguage\":\"en-US\",\"@id\":\"https:\\\/\\\/www.value-marktdaten.de\\\/en\\\/#\\\/schema\\\/logo\\\/image\\\/\",\"url\":\"\",\"contentUrl\":\"\",\"caption\":\"Value AG the valuation group\"},\"image\":{\"@id\":\"https:\\\/\\\/www.value-marktdaten.de\\\/en\\\/#\\\/schema\\\/logo\\\/image\\\/\"},\"sameAs\":[\"https:\\\/\\\/x.com\\\/empiricaSysteme\",\"https:\\\/\\\/www.linkedin.com\\\/company\\\/empirica-systeme-gmbh\"]},{\"@type\":\"Person\",\"@id\":\"https:\\\/\\\/www.value-marktdaten.de\\\/en\\\/#\\\/schema\\\/person\\\/02906812716f6be89d34952959021b7a\",\"name\":\"Sebastian Hein\",\"image\":{\"@type\":\"ImageObject\",\"inLanguage\":\"en-US\",\"@id\":\"https:\\\/\\\/secure.gravatar.com\\\/avatar\\\/190c7e8b36fd4b4580e0d4223074c6f628e7f727dc0c703db0a1ad915ca40898?s=96&d=mm&r=g\",\"url\":\"https:\\\/\\\/secure.gravatar.com\\\/avatar\\\/190c7e8b36fd4b4580e0d4223074c6f628e7f727dc0c703db0a1ad915ca40898?s=96&d=mm&r=g\",\"contentUrl\":\"https:\\\/\\\/secure.gravatar.com\\\/avatar\\\/190c7e8b36fd4b4580e0d4223074c6f628e7f727dc0c703db0a1ad915ca40898?s=96&d=mm&r=g\",\"caption\":\"Sebastian Hein\"},\"sameAs\":[\"http:\\\/\\\/www.value-marktdaten.de\"],\"url\":\"https:\\\/\\\/www.value-marktdaten.de\\\/en\\\/author\\\/sebastian-hein\\\/\"}]}<\/script>\n<!-- \/ Yoast SEO plugin. -->","yoast_head_json":{"title":"empirica-Blasenindex 2016q3: Preise steigen weiter, Schuldenquote nicht - Value AG the valuation group","robots":{"index":"index","follow":"follow","max-snippet":"max-snippet:-1","max-image-preview":"max-image-preview:large","max-video-preview":"max-video-preview:-1"},"canonical":"https:\/\/www.value-marktdaten.de\/en\/2016\/11\/03\/empirica-blasenindex-2016q3\/","og_locale":"en_US","og_type":"article","og_title":"empirica-Blasenindex 2016q3: Preise steigen weiter, Schuldenquote nicht - Value AG the valuation group","og_description":"Der empirica-Blasenindex f\u00fcr das 3.Quartal 2016 liegt vor und steigt gegen\u00fcber dem 2. Quartal nur leicht um 0,01 Punkte. Der Einzelindex \u201ePreis-Einkommen\u201c puscht (+0,04), w\u00e4hrend \u201eVervielf\u00e4ltiger\u201c (+0,01), \u201eFertigstellungen\u201c (-0,01) und \u201eBaukredite\u201c (+\/-0) stagnieren. Eine \u00fcberm\u00e4\u00dfige Verschuldung ist also nicht in Sicht, die Preise steigen wegen fehlender (Neubau-)Angebote, hei\u00dft es in der Pressemeldung von empirica: Durch&hellip;","og_url":"https:\/\/www.value-marktdaten.de\/en\/2016\/11\/03\/empirica-blasenindex-2016q3\/","og_site_name":"Value AG the valuation group","article_published_time":"2016-11-03T09:31:17+00:00","article_modified_time":"2021-04-20T21:05:29+00:00","og_image":[{"url":"https:\/\/www.value-marktdaten.de\/wp-content\/uploads\/2016\/11\/empirica-BlasenindexQ32016-e1478163296177.png","type":"","width":"","height":""}],"author":"Sebastian Hein","twitter_card":"summary_large_image","twitter_creator":"@empiricaSysteme","twitter_site":"@empiricaSysteme","twitter_misc":{"Written by":"Sebastian Hein","Est. reading time":"1 minute"},"schema":{"@context":"https:\/\/schema.org","@graph":[{"@type":"Article","@id":"https:\/\/www.value-marktdaten.de\/en\/2016\/11\/03\/empirica-blasenindex-2016q3\/#article","isPartOf":{"@id":"https:\/\/www.value-marktdaten.de\/en\/2016\/11\/03\/empirica-blasenindex-2016q3\/"},"author":{"name":"Sebastian Hein","@id":"https:\/\/www.value-marktdaten.de\/en\/#\/schema\/person\/02906812716f6be89d34952959021b7a"},"headline":"empirica-Blasenindex 2016q3: Preise steigen weiter, Schuldenquote nicht","datePublished":"2016-11-03T09:31:17+00:00","dateModified":"2021-04-20T21:05:29+00:00","mainEntityOfPage":{"@id":"https:\/\/www.value-marktdaten.de\/en\/2016\/11\/03\/empirica-blasenindex-2016q3\/"},"wordCount":270,"publisher":{"@id":"https:\/\/www.value-marktdaten.de\/en\/#organization"},"image":{"@id":"https:\/\/www.value-marktdaten.de\/en\/2016\/11\/03\/empirica-blasenindex-2016q3\/#primaryimage"},"thumbnailUrl":"https:\/\/www.value-marktdaten.de\/wp-content\/uploads\/2016\/11\/empirica-BlasenindexQ32016-e1478163296177.png","keywords":["empirica-Blasenindex","Immobilienblase","Immobilienpreisentwicklung","Top-Standorte"],"articleSection":["empirica-Immobilienpreisindex","unsere Kunden","Wohnungsmarkt"],"inLanguage":"en-US"},{"@type":"WebPage","@id":"https:\/\/www.value-marktdaten.de\/en\/2016\/11\/03\/empirica-blasenindex-2016q3\/","url":"https:\/\/www.value-marktdaten.de\/en\/2016\/11\/03\/empirica-blasenindex-2016q3\/","name":"empirica-Blasenindex 2016q3: Preise steigen weiter, Schuldenquote nicht - Value AG the valuation group","isPartOf":{"@id":"https:\/\/www.value-marktdaten.de\/en\/#website"},"primaryImageOfPage":{"@id":"https:\/\/www.value-marktdaten.de\/en\/2016\/11\/03\/empirica-blasenindex-2016q3\/#primaryimage"},"image":{"@id":"https:\/\/www.value-marktdaten.de\/en\/2016\/11\/03\/empirica-blasenindex-2016q3\/#primaryimage"},"thumbnailUrl":"https:\/\/www.value-marktdaten.de\/wp-content\/uploads\/2016\/11\/empirica-BlasenindexQ32016-e1478163296177.png","datePublished":"2016-11-03T09:31:17+00:00","dateModified":"2021-04-20T21:05:29+00:00","breadcrumb":{"@id":"https:\/\/www.value-marktdaten.de\/en\/2016\/11\/03\/empirica-blasenindex-2016q3\/#breadcrumb"},"inLanguage":"en-US","potentialAction":[{"@type":"ReadAction","target":["https:\/\/www.value-marktdaten.de\/en\/2016\/11\/03\/empirica-blasenindex-2016q3\/"]}]},{"@type":"ImageObject","inLanguage":"en-US","@id":"https:\/\/www.value-marktdaten.de\/en\/2016\/11\/03\/empirica-blasenindex-2016q3\/#primaryimage","url":"https:\/\/www.value-marktdaten.de\/wp-content\/uploads\/2016\/11\/empirica-BlasenindexQ32016-e1478163296177.png","contentUrl":"https:\/\/www.value-marktdaten.de\/wp-content\/uploads\/2016\/11\/empirica-BlasenindexQ32016-e1478163296177.png"},{"@type":"BreadcrumbList","@id":"https:\/\/www.value-marktdaten.de\/en\/2016\/11\/03\/empirica-blasenindex-2016q3\/#breadcrumb","itemListElement":[{"@type":"ListItem","position":1,"name":"Startseite","item":"https:\/\/www.value-marktdaten.de\/en\/"},{"@type":"ListItem","position":2,"name":"empirica-Blasenindex 2016q3: Preise steigen weiter, Schuldenquote nicht"}]},{"@type":"WebSite","@id":"https:\/\/www.value-marktdaten.de\/en\/#website","url":"https:\/\/www.value-marktdaten.de\/en\/","name":"Value AG the valuation group","description":"Immobilienmarktdaten f\u00fcr Deutschland","publisher":{"@id":"https:\/\/www.value-marktdaten.de\/en\/#organization"},"potentialAction":[{"@type":"SearchAction","target":{"@type":"EntryPoint","urlTemplate":"https:\/\/www.value-marktdaten.de\/en\/?s={search_term_string}"},"query-input":{"@type":"PropertyValueSpecification","valueRequired":true,"valueName":"search_term_string"}}],"inLanguage":"en-US"},{"@type":"Organization","@id":"https:\/\/www.value-marktdaten.de\/en\/#organization","name":"Value AG the valuation group","url":"https:\/\/www.value-marktdaten.de\/en\/","logo":{"@type":"ImageObject","inLanguage":"en-US","@id":"https:\/\/www.value-marktdaten.de\/en\/#\/schema\/logo\/image\/","url":"","contentUrl":"","caption":"Value AG the valuation group"},"image":{"@id":"https:\/\/www.value-marktdaten.de\/en\/#\/schema\/logo\/image\/"},"sameAs":["https:\/\/x.com\/empiricaSysteme","https:\/\/www.linkedin.com\/company\/empirica-systeme-gmbh"]},{"@type":"Person","@id":"https:\/\/www.value-marktdaten.de\/en\/#\/schema\/person\/02906812716f6be89d34952959021b7a","name":"Sebastian Hein","image":{"@type":"ImageObject","inLanguage":"en-US","@id":"https:\/\/secure.gravatar.com\/avatar\/190c7e8b36fd4b4580e0d4223074c6f628e7f727dc0c703db0a1ad915ca40898?s=96&d=mm&r=g","url":"https:\/\/secure.gravatar.com\/avatar\/190c7e8b36fd4b4580e0d4223074c6f628e7f727dc0c703db0a1ad915ca40898?s=96&d=mm&r=g","contentUrl":"https:\/\/secure.gravatar.com\/avatar\/190c7e8b36fd4b4580e0d4223074c6f628e7f727dc0c703db0a1ad915ca40898?s=96&d=mm&r=g","caption":"Sebastian Hein"},"sameAs":["http:\/\/www.value-marktdaten.de"],"url":"https:\/\/www.value-marktdaten.de\/en\/author\/sebastian-hein\/"}]}},"_links":{"self":[{"href":"https:\/\/www.value-marktdaten.de\/en\/wp-json\/wp\/v2\/posts\/3281","targetHints":{"allow":["GET"]}}],"collection":[{"href":"https:\/\/www.value-marktdaten.de\/en\/wp-json\/wp\/v2\/posts"}],"about":[{"href":"https:\/\/www.value-marktdaten.de\/en\/wp-json\/wp\/v2\/types\/post"}],"author":[{"embeddable":true,"href":"https:\/\/www.value-marktdaten.de\/en\/wp-json\/wp\/v2\/users\/2"}],"replies":[{"embeddable":true,"href":"https:\/\/www.value-marktdaten.de\/en\/wp-json\/wp\/v2\/comments?post=3281"}],"version-history":[{"count":13,"href":"https:\/\/www.value-marktdaten.de\/en\/wp-json\/wp\/v2\/posts\/3281\/revisions"}],"predecessor-version":[{"id":33540,"href":"https:\/\/www.value-marktdaten.de\/en\/wp-json\/wp\/v2\/posts\/3281\/revisions\/33540"}],"wp:attachment":[{"href":"https:\/\/www.value-marktdaten.de\/en\/wp-json\/wp\/v2\/media?parent=3281"}],"wp:term":[{"taxonomy":"category","embeddable":true,"href":"https:\/\/www.value-marktdaten.de\/en\/wp-json\/wp\/v2\/categories?post=3281"},{"taxonomy":"post_tag","embeddable":true,"href":"https:\/\/www.value-marktdaten.de\/en\/wp-json\/wp\/v2\/tags?post=3281"}],"curies":[{"name":"wp","href":"https:\/\/api.w.org\/{rel}","templated":true}]}}