{"id":3149,"date":"2016-10-06T20:52:25","date_gmt":"2016-10-06T18:52:25","guid":{"rendered":"https:\/\/www.empirica-systeme.de\/?p=3149"},"modified":"2021-04-20T23:05:24","modified_gmt":"2021-04-20T21:05:24","slug":"wg-mieten-wintersemester-2016","status":"publish","type":"post","link":"https:\/\/www.value-marktdaten.de\/en\/2016\/10\/06\/wg-mieten-wintersemester-2016\/","title":{"rendered":"WG-Mieten Wintersemester 2016"},"content":{"rendered":"<p>Auf Basis von mehr als 100 Tsd. Mietinseraten f\u00fcr WG-Zimmer erstellt <a href=\"https:\/\/www.empirica-institut.de\" target=\"_blank\" rel=\"noopener\">empirica<\/a> regelm\u00e4\u00dfig eine \u00dcbersicht, die jeweils zum Semesterbeginn Auskunft \u00fcber die Mietpreise in auf dem studentischen Wohnungsmarkt liefert. Zu Beginn des Wintersemesters 2016\u00a0ist der Standardpreis f\u00fcr ein unm\u00f6bliertes WG-Zimmer mit 503 EUR in\u00a0M\u00fcnchen am h\u00f6chsten, gefolgt von\u00a0Stuttgart (440 EUR) und Frankfurt\u00a0a.M. (425 EUR). Die g\u00fcnstigsten Angebote\u00a0gibt es in Greifswald, Halle und\u00a0Magdeburg (je 250 EUR) und in\u00a0Chemnitz (220 EUR).\u00a0In den Hochschulstandorten insgesamt\u00a0liegt der Standardpreis zum aktuellen\u00a0Semester bei 345 EUR und\u00a0somit 23% \u00fcber dem Niveau aus dem\u00a0Sommersemester 2012.<\/p>\n<figure id=\"attachment_3181\" aria-describedby=\"caption-attachment-3181\" style=\"width: 600px\" class=\"wp-caption aligncenter\"><a href=\"https:\/\/www.value-marktdaten.de\/wp-content\/uploads\/2016\/10\/WG-Mieten-Wintersemester2016-e1475760700853.png\"><img loading=\"lazy\" decoding=\"async\" class=\"wp-image-3181 size-full\" src=\"https:\/\/www.value-marktdaten.de\/wp-content\/uploads\/2016\/10\/WG-Mieten-Wintersemester2016-e1475760700853.png\" alt=\"wg-mieten-wintersemester2016\" width=\"600\" height=\"251\" \/><\/a><figcaption id=\"caption-attachment-3181\" class=\"wp-caption-text\">WG-Mieten Wintersemester 2016 (Quelle: empirica ag)<\/figcaption><\/figure>\n<p><!--more Mehr \u00fcber aktuelle WG Mieten lesen--><\/p>\n<p>Wohngemeinschaften unterscheiden sich preislich erheblich von herk\u00f6mmlichen Wohnungsangeboten. Die Mieten je m\u00b2 Wohnfl\u00e4che liegen deutlich \u00fcber denen von \u201enormalen\u201c Wohnungen: Das liegt daran, das sich die inserierte Fl\u00e4che auf das Zimmer bezieht, in der angegebenen Miete aber auch die Gemeinschaftsfl\u00e4chen (K\u00fcche, Flur, Bad, evtl. auch Wohnzimmer) enthalten sind. Daher ist es wichtig, diese Angebote aus der \u00fcblichen Marktbeobachtung auszuschlie\u00dfen. Lesen Sie dazu unseren Beitrag \u00fcber &#8220;<a href=\"https:\/\/www.value-marktdaten.de\/en\/2016\/02\/24\/marktmieten-und-mischmaschmarktmieten\/\">Marktmieten und Mischmaschmarktmieten<\/a>&#8221;<\/p>\n<p>F\u00fcr Kunden der empircia-systeme Marktdatenbank erledigen wir dies standardm\u00e4\u00dfig. Unsere Markt\u00addatenbank bietet somit nicht nur eine vielseitige Datenbasis f\u00fcr die Analyse der studentischen Wohnungs\u00adm\u00e4rkte, sondern auch eine hohe Aussagekraft zur Beobachtung und Ableitung der herk\u00f6mmlichen Marktmieten.<\/p>\n<p>Weitere Informationen erhalten Sie unter <a href=\"https:\/\/www.empirica-institut.de\/fileadmin\/Redaktion\/Publikationen_Referenzen\/PDFs\/Preisspiegel_WG_Mieten_Winter_2016.pdf\" target=\"_blank\" rel=\"noopener\">empirica-institut.de<\/a><\/p>\n","protected":false},"excerpt":{"rendered":"<p>Auf Basis von mehr als 100 Tsd. Mietinseraten f\u00fcr WG-Zimmer erstellt empirica regelm\u00e4\u00dfig eine \u00dcbersicht, die jeweils zum Semesterbeginn Auskunft \u00fcber die Mietpreise in auf dem studentischen Wohnungsmarkt liefert. Zu Beginn des Wintersemesters 2016\u00a0ist der Standardpreis f\u00fcr ein unm\u00f6bliertes WG-Zimmer mit 503 EUR in\u00a0M\u00fcnchen am h\u00f6chsten, gefolgt von\u00a0Stuttgart (440 EUR) und Frankfurt\u00a0a.M. (425 EUR). Die&hellip;<\/p>\n","protected":false},"author":2,"featured_media":0,"comment_status":"closed","ping_status":"open","sticky":false,"template":"","format":"standard","meta":{"footnotes":""},"categories":[85,106,87],"tags":[133,140,208,214,41,42],"class_list":["post-3149","post","type-post","status-publish","format-standard","hentry","category-empirica-immobilienpreisindex","category-unsere-kunden","category-wohnungsmarkt","tag-marktmieten","tag-mietwohnungsmarkt","tag-rental-rates-for-student-housing","tag-student-housing-data-germany","tag-studentenwohnen","tag-wg-mieten"],"yoast_head":"<!-- This site is optimized with the Yoast SEO plugin v27.5 - https:\/\/yoast.com\/product\/yoast-seo-wordpress\/ -->\n<title>WG-Mieten Wintersemester 2016 - Value AG the valuation group<\/title>\n<meta name=\"robots\" content=\"index, follow, max-snippet:-1, max-image-preview:large, max-video-preview:-1\" \/>\n<link rel=\"canonical\" href=\"https:\/\/www.value-marktdaten.de\/en\/2016\/10\/06\/wg-mieten-wintersemester-2016\/\" \/>\n<meta property=\"og:locale\" content=\"en_US\" \/>\n<meta property=\"og:type\" content=\"article\" \/>\n<meta property=\"og:title\" content=\"WG-Mieten Wintersemester 2016 - Value AG the valuation group\" \/>\n<meta property=\"og:description\" content=\"Auf Basis von mehr als 100 Tsd. Mietinseraten f\u00fcr WG-Zimmer erstellt empirica regelm\u00e4\u00dfig eine \u00dcbersicht, die jeweils zum Semesterbeginn Auskunft \u00fcber die Mietpreise in auf dem studentischen Wohnungsmarkt liefert. Zu Beginn des Wintersemesters 2016\u00a0ist der Standardpreis f\u00fcr ein unm\u00f6bliertes WG-Zimmer mit 503 EUR in\u00a0M\u00fcnchen am h\u00f6chsten, gefolgt von\u00a0Stuttgart (440 EUR) und Frankfurt\u00a0a.M. (425 EUR). Die&hellip;\" \/>\n<meta property=\"og:url\" content=\"https:\/\/www.value-marktdaten.de\/en\/2016\/10\/06\/wg-mieten-wintersemester-2016\/\" \/>\n<meta property=\"og:site_name\" content=\"Value AG the valuation group\" \/>\n<meta property=\"article:published_time\" content=\"2016-10-06T18:52:25+00:00\" \/>\n<meta property=\"article:modified_time\" content=\"2021-04-20T21:05:24+00:00\" \/>\n<meta property=\"og:image\" content=\"https:\/\/www.value-marktdaten.de\/wp-content\/uploads\/2016\/10\/WG-Mieten-Wintersemester2016-e1475760700853.png\" \/>\n<meta name=\"author\" content=\"Sebastian Hein\" \/>\n<meta name=\"twitter:card\" content=\"summary_large_image\" \/>\n<meta name=\"twitter:creator\" content=\"@empiricaSysteme\" \/>\n<meta name=\"twitter:site\" content=\"@empiricaSysteme\" \/>\n<meta name=\"twitter:label1\" content=\"Written by\" \/>\n\t<meta name=\"twitter:data1\" content=\"Sebastian Hein\" \/>\n\t<meta name=\"twitter:label2\" content=\"Est. reading time\" \/>\n\t<meta name=\"twitter:data2\" content=\"1 minute\" \/>\n<script type=\"application\/ld+json\" class=\"yoast-schema-graph\">{\"@context\":\"https:\\\/\\\/schema.org\",\"@graph\":[{\"@type\":\"Article\",\"@id\":\"https:\\\/\\\/www.value-marktdaten.de\\\/en\\\/2016\\\/10\\\/06\\\/wg-mieten-wintersemester-2016\\\/#article\",\"isPartOf\":{\"@id\":\"https:\\\/\\\/www.value-marktdaten.de\\\/en\\\/2016\\\/10\\\/06\\\/wg-mieten-wintersemester-2016\\\/\"},\"author\":{\"name\":\"Sebastian Hein\",\"@id\":\"https:\\\/\\\/www.value-marktdaten.de\\\/en\\\/#\\\/schema\\\/person\\\/02906812716f6be89d34952959021b7a\"},\"headline\":\"WG-Mieten Wintersemester 2016\",\"datePublished\":\"2016-10-06T18:52:25+00:00\",\"dateModified\":\"2021-04-20T21:05:24+00:00\",\"mainEntityOfPage\":{\"@id\":\"https:\\\/\\\/www.value-marktdaten.de\\\/en\\\/2016\\\/10\\\/06\\\/wg-mieten-wintersemester-2016\\\/\"},\"wordCount\":235,\"publisher\":{\"@id\":\"https:\\\/\\\/www.value-marktdaten.de\\\/en\\\/#organization\"},\"image\":{\"@id\":\"https:\\\/\\\/www.value-marktdaten.de\\\/en\\\/2016\\\/10\\\/06\\\/wg-mieten-wintersemester-2016\\\/#primaryimage\"},\"thumbnailUrl\":\"https:\\\/\\\/www.value-marktdaten.de\\\/wp-content\\\/uploads\\\/2016\\\/10\\\/WG-Mieten-Wintersemester2016-e1475760700853.png\",\"keywords\":[\"Marktmieten\",\"Mietwohnungsmarkt\",\"rental rates for student housing\",\"student housing data Germany\",\"Studentenwohnen\",\"WG-Mieten\"],\"articleSection\":[\"empirica-Immobilienpreisindex\",\"unsere Kunden\",\"Wohnungsmarkt\"],\"inLanguage\":\"en-US\"},{\"@type\":\"WebPage\",\"@id\":\"https:\\\/\\\/www.value-marktdaten.de\\\/en\\\/2016\\\/10\\\/06\\\/wg-mieten-wintersemester-2016\\\/\",\"url\":\"https:\\\/\\\/www.value-marktdaten.de\\\/en\\\/2016\\\/10\\\/06\\\/wg-mieten-wintersemester-2016\\\/\",\"name\":\"WG-Mieten Wintersemester 2016 - Value AG the valuation group\",\"isPartOf\":{\"@id\":\"https:\\\/\\\/www.value-marktdaten.de\\\/en\\\/#website\"},\"primaryImageOfPage\":{\"@id\":\"https:\\\/\\\/www.value-marktdaten.de\\\/en\\\/2016\\\/10\\\/06\\\/wg-mieten-wintersemester-2016\\\/#primaryimage\"},\"image\":{\"@id\":\"https:\\\/\\\/www.value-marktdaten.de\\\/en\\\/2016\\\/10\\\/06\\\/wg-mieten-wintersemester-2016\\\/#primaryimage\"},\"thumbnailUrl\":\"https:\\\/\\\/www.value-marktdaten.de\\\/wp-content\\\/uploads\\\/2016\\\/10\\\/WG-Mieten-Wintersemester2016-e1475760700853.png\",\"datePublished\":\"2016-10-06T18:52:25+00:00\",\"dateModified\":\"2021-04-20T21:05:24+00:00\",\"breadcrumb\":{\"@id\":\"https:\\\/\\\/www.value-marktdaten.de\\\/en\\\/2016\\\/10\\\/06\\\/wg-mieten-wintersemester-2016\\\/#breadcrumb\"},\"inLanguage\":\"en-US\",\"potentialAction\":[{\"@type\":\"ReadAction\",\"target\":[\"https:\\\/\\\/www.value-marktdaten.de\\\/en\\\/2016\\\/10\\\/06\\\/wg-mieten-wintersemester-2016\\\/\"]}]},{\"@type\":\"ImageObject\",\"inLanguage\":\"en-US\",\"@id\":\"https:\\\/\\\/www.value-marktdaten.de\\\/en\\\/2016\\\/10\\\/06\\\/wg-mieten-wintersemester-2016\\\/#primaryimage\",\"url\":\"https:\\\/\\\/www.value-marktdaten.de\\\/wp-content\\\/uploads\\\/2016\\\/10\\\/WG-Mieten-Wintersemester2016-e1475760700853.png\",\"contentUrl\":\"https:\\\/\\\/www.value-marktdaten.de\\\/wp-content\\\/uploads\\\/2016\\\/10\\\/WG-Mieten-Wintersemester2016-e1475760700853.png\"},{\"@type\":\"BreadcrumbList\",\"@id\":\"https:\\\/\\\/www.value-marktdaten.de\\\/en\\\/2016\\\/10\\\/06\\\/wg-mieten-wintersemester-2016\\\/#breadcrumb\",\"itemListElement\":[{\"@type\":\"ListItem\",\"position\":1,\"name\":\"Startseite\",\"item\":\"https:\\\/\\\/www.value-marktdaten.de\\\/en\\\/\"},{\"@type\":\"ListItem\",\"position\":2,\"name\":\"WG-Mieten Wintersemester 2016\"}]},{\"@type\":\"WebSite\",\"@id\":\"https:\\\/\\\/www.value-marktdaten.de\\\/en\\\/#website\",\"url\":\"https:\\\/\\\/www.value-marktdaten.de\\\/en\\\/\",\"name\":\"Value AG the valuation group\",\"description\":\"Immobilienmarktdaten f\u00fcr Deutschland\",\"publisher\":{\"@id\":\"https:\\\/\\\/www.value-marktdaten.de\\\/en\\\/#organization\"},\"potentialAction\":[{\"@type\":\"SearchAction\",\"target\":{\"@type\":\"EntryPoint\",\"urlTemplate\":\"https:\\\/\\\/www.value-marktdaten.de\\\/en\\\/?s={search_term_string}\"},\"query-input\":{\"@type\":\"PropertyValueSpecification\",\"valueRequired\":true,\"valueName\":\"search_term_string\"}}],\"inLanguage\":\"en-US\"},{\"@type\":\"Organization\",\"@id\":\"https:\\\/\\\/www.value-marktdaten.de\\\/en\\\/#organization\",\"name\":\"Value AG the valuation group\",\"url\":\"https:\\\/\\\/www.value-marktdaten.de\\\/en\\\/\",\"logo\":{\"@type\":\"ImageObject\",\"inLanguage\":\"en-US\",\"@id\":\"https:\\\/\\\/www.value-marktdaten.de\\\/en\\\/#\\\/schema\\\/logo\\\/image\\\/\",\"url\":\"\",\"contentUrl\":\"\",\"caption\":\"Value AG the valuation group\"},\"image\":{\"@id\":\"https:\\\/\\\/www.value-marktdaten.de\\\/en\\\/#\\\/schema\\\/logo\\\/image\\\/\"},\"sameAs\":[\"https:\\\/\\\/x.com\\\/empiricaSysteme\",\"https:\\\/\\\/www.linkedin.com\\\/company\\\/empirica-systeme-gmbh\"]},{\"@type\":\"Person\",\"@id\":\"https:\\\/\\\/www.value-marktdaten.de\\\/en\\\/#\\\/schema\\\/person\\\/02906812716f6be89d34952959021b7a\",\"name\":\"Sebastian Hein\",\"image\":{\"@type\":\"ImageObject\",\"inLanguage\":\"en-US\",\"@id\":\"https:\\\/\\\/secure.gravatar.com\\\/avatar\\\/190c7e8b36fd4b4580e0d4223074c6f628e7f727dc0c703db0a1ad915ca40898?s=96&d=mm&r=g\",\"url\":\"https:\\\/\\\/secure.gravatar.com\\\/avatar\\\/190c7e8b36fd4b4580e0d4223074c6f628e7f727dc0c703db0a1ad915ca40898?s=96&d=mm&r=g\",\"contentUrl\":\"https:\\\/\\\/secure.gravatar.com\\\/avatar\\\/190c7e8b36fd4b4580e0d4223074c6f628e7f727dc0c703db0a1ad915ca40898?s=96&d=mm&r=g\",\"caption\":\"Sebastian Hein\"},\"sameAs\":[\"http:\\\/\\\/www.value-marktdaten.de\"],\"url\":\"https:\\\/\\\/www.value-marktdaten.de\\\/en\\\/author\\\/sebastian-hein\\\/\"}]}<\/script>\n<!-- \/ Yoast SEO plugin. -->","yoast_head_json":{"title":"WG-Mieten Wintersemester 2016 - Value AG the valuation group","robots":{"index":"index","follow":"follow","max-snippet":"max-snippet:-1","max-image-preview":"max-image-preview:large","max-video-preview":"max-video-preview:-1"},"canonical":"https:\/\/www.value-marktdaten.de\/en\/2016\/10\/06\/wg-mieten-wintersemester-2016\/","og_locale":"en_US","og_type":"article","og_title":"WG-Mieten Wintersemester 2016 - Value AG the valuation group","og_description":"Auf Basis von mehr als 100 Tsd. Mietinseraten f\u00fcr WG-Zimmer erstellt empirica regelm\u00e4\u00dfig eine \u00dcbersicht, die jeweils zum Semesterbeginn Auskunft \u00fcber die Mietpreise in auf dem studentischen Wohnungsmarkt liefert. Zu Beginn des Wintersemesters 2016\u00a0ist der Standardpreis f\u00fcr ein unm\u00f6bliertes WG-Zimmer mit 503 EUR in\u00a0M\u00fcnchen am h\u00f6chsten, gefolgt von\u00a0Stuttgart (440 EUR) und Frankfurt\u00a0a.M. (425 EUR). Die&hellip;","og_url":"https:\/\/www.value-marktdaten.de\/en\/2016\/10\/06\/wg-mieten-wintersemester-2016\/","og_site_name":"Value AG the valuation group","article_published_time":"2016-10-06T18:52:25+00:00","article_modified_time":"2021-04-20T21:05:24+00:00","og_image":[{"url":"https:\/\/www.value-marktdaten.de\/wp-content\/uploads\/2016\/10\/WG-Mieten-Wintersemester2016-e1475760700853.png","type":"","width":"","height":""}],"author":"Sebastian Hein","twitter_card":"summary_large_image","twitter_creator":"@empiricaSysteme","twitter_site":"@empiricaSysteme","twitter_misc":{"Written by":"Sebastian Hein","Est. reading time":"1 minute"},"schema":{"@context":"https:\/\/schema.org","@graph":[{"@type":"Article","@id":"https:\/\/www.value-marktdaten.de\/en\/2016\/10\/06\/wg-mieten-wintersemester-2016\/#article","isPartOf":{"@id":"https:\/\/www.value-marktdaten.de\/en\/2016\/10\/06\/wg-mieten-wintersemester-2016\/"},"author":{"name":"Sebastian Hein","@id":"https:\/\/www.value-marktdaten.de\/en\/#\/schema\/person\/02906812716f6be89d34952959021b7a"},"headline":"WG-Mieten Wintersemester 2016","datePublished":"2016-10-06T18:52:25+00:00","dateModified":"2021-04-20T21:05:24+00:00","mainEntityOfPage":{"@id":"https:\/\/www.value-marktdaten.de\/en\/2016\/10\/06\/wg-mieten-wintersemester-2016\/"},"wordCount":235,"publisher":{"@id":"https:\/\/www.value-marktdaten.de\/en\/#organization"},"image":{"@id":"https:\/\/www.value-marktdaten.de\/en\/2016\/10\/06\/wg-mieten-wintersemester-2016\/#primaryimage"},"thumbnailUrl":"https:\/\/www.value-marktdaten.de\/wp-content\/uploads\/2016\/10\/WG-Mieten-Wintersemester2016-e1475760700853.png","keywords":["Marktmieten","Mietwohnungsmarkt","rental rates for student housing","student housing data Germany","Studentenwohnen","WG-Mieten"],"articleSection":["empirica-Immobilienpreisindex","unsere Kunden","Wohnungsmarkt"],"inLanguage":"en-US"},{"@type":"WebPage","@id":"https:\/\/www.value-marktdaten.de\/en\/2016\/10\/06\/wg-mieten-wintersemester-2016\/","url":"https:\/\/www.value-marktdaten.de\/en\/2016\/10\/06\/wg-mieten-wintersemester-2016\/","name":"WG-Mieten Wintersemester 2016 - Value AG the valuation group","isPartOf":{"@id":"https:\/\/www.value-marktdaten.de\/en\/#website"},"primaryImageOfPage":{"@id":"https:\/\/www.value-marktdaten.de\/en\/2016\/10\/06\/wg-mieten-wintersemester-2016\/#primaryimage"},"image":{"@id":"https:\/\/www.value-marktdaten.de\/en\/2016\/10\/06\/wg-mieten-wintersemester-2016\/#primaryimage"},"thumbnailUrl":"https:\/\/www.value-marktdaten.de\/wp-content\/uploads\/2016\/10\/WG-Mieten-Wintersemester2016-e1475760700853.png","datePublished":"2016-10-06T18:52:25+00:00","dateModified":"2021-04-20T21:05:24+00:00","breadcrumb":{"@id":"https:\/\/www.value-marktdaten.de\/en\/2016\/10\/06\/wg-mieten-wintersemester-2016\/#breadcrumb"},"inLanguage":"en-US","potentialAction":[{"@type":"ReadAction","target":["https:\/\/www.value-marktdaten.de\/en\/2016\/10\/06\/wg-mieten-wintersemester-2016\/"]}]},{"@type":"ImageObject","inLanguage":"en-US","@id":"https:\/\/www.value-marktdaten.de\/en\/2016\/10\/06\/wg-mieten-wintersemester-2016\/#primaryimage","url":"https:\/\/www.value-marktdaten.de\/wp-content\/uploads\/2016\/10\/WG-Mieten-Wintersemester2016-e1475760700853.png","contentUrl":"https:\/\/www.value-marktdaten.de\/wp-content\/uploads\/2016\/10\/WG-Mieten-Wintersemester2016-e1475760700853.png"},{"@type":"BreadcrumbList","@id":"https:\/\/www.value-marktdaten.de\/en\/2016\/10\/06\/wg-mieten-wintersemester-2016\/#breadcrumb","itemListElement":[{"@type":"ListItem","position":1,"name":"Startseite","item":"https:\/\/www.value-marktdaten.de\/en\/"},{"@type":"ListItem","position":2,"name":"WG-Mieten Wintersemester 2016"}]},{"@type":"WebSite","@id":"https:\/\/www.value-marktdaten.de\/en\/#website","url":"https:\/\/www.value-marktdaten.de\/en\/","name":"Value AG the valuation group","description":"Immobilienmarktdaten f\u00fcr Deutschland","publisher":{"@id":"https:\/\/www.value-marktdaten.de\/en\/#organization"},"potentialAction":[{"@type":"SearchAction","target":{"@type":"EntryPoint","urlTemplate":"https:\/\/www.value-marktdaten.de\/en\/?s={search_term_string}"},"query-input":{"@type":"PropertyValueSpecification","valueRequired":true,"valueName":"search_term_string"}}],"inLanguage":"en-US"},{"@type":"Organization","@id":"https:\/\/www.value-marktdaten.de\/en\/#organization","name":"Value AG the valuation group","url":"https:\/\/www.value-marktdaten.de\/en\/","logo":{"@type":"ImageObject","inLanguage":"en-US","@id":"https:\/\/www.value-marktdaten.de\/en\/#\/schema\/logo\/image\/","url":"","contentUrl":"","caption":"Value AG the valuation group"},"image":{"@id":"https:\/\/www.value-marktdaten.de\/en\/#\/schema\/logo\/image\/"},"sameAs":["https:\/\/x.com\/empiricaSysteme","https:\/\/www.linkedin.com\/company\/empirica-systeme-gmbh"]},{"@type":"Person","@id":"https:\/\/www.value-marktdaten.de\/en\/#\/schema\/person\/02906812716f6be89d34952959021b7a","name":"Sebastian Hein","image":{"@type":"ImageObject","inLanguage":"en-US","@id":"https:\/\/secure.gravatar.com\/avatar\/190c7e8b36fd4b4580e0d4223074c6f628e7f727dc0c703db0a1ad915ca40898?s=96&d=mm&r=g","url":"https:\/\/secure.gravatar.com\/avatar\/190c7e8b36fd4b4580e0d4223074c6f628e7f727dc0c703db0a1ad915ca40898?s=96&d=mm&r=g","contentUrl":"https:\/\/secure.gravatar.com\/avatar\/190c7e8b36fd4b4580e0d4223074c6f628e7f727dc0c703db0a1ad915ca40898?s=96&d=mm&r=g","caption":"Sebastian Hein"},"sameAs":["http:\/\/www.value-marktdaten.de"],"url":"https:\/\/www.value-marktdaten.de\/en\/author\/sebastian-hein\/"}]}},"_links":{"self":[{"href":"https:\/\/www.value-marktdaten.de\/en\/wp-json\/wp\/v2\/posts\/3149","targetHints":{"allow":["GET"]}}],"collection":[{"href":"https:\/\/www.value-marktdaten.de\/en\/wp-json\/wp\/v2\/posts"}],"about":[{"href":"https:\/\/www.value-marktdaten.de\/en\/wp-json\/wp\/v2\/types\/post"}],"author":[{"embeddable":true,"href":"https:\/\/www.value-marktdaten.de\/en\/wp-json\/wp\/v2\/users\/2"}],"replies":[{"embeddable":true,"href":"https:\/\/www.value-marktdaten.de\/en\/wp-json\/wp\/v2\/comments?post=3149"}],"version-history":[{"count":12,"href":"https:\/\/www.value-marktdaten.de\/en\/wp-json\/wp\/v2\/posts\/3149\/revisions"}],"predecessor-version":[{"id":33536,"href":"https:\/\/www.value-marktdaten.de\/en\/wp-json\/wp\/v2\/posts\/3149\/revisions\/33536"}],"wp:attachment":[{"href":"https:\/\/www.value-marktdaten.de\/en\/wp-json\/wp\/v2\/media?parent=3149"}],"wp:term":[{"taxonomy":"category","embeddable":true,"href":"https:\/\/www.value-marktdaten.de\/en\/wp-json\/wp\/v2\/categories?post=3149"},{"taxonomy":"post_tag","embeddable":true,"href":"https:\/\/www.value-marktdaten.de\/en\/wp-json\/wp\/v2\/tags?post=3149"}],"curies":[{"name":"wp","href":"https:\/\/api.w.org\/{rel}","templated":true}]}}