{"id":2940,"date":"2016-05-07T17:11:59","date_gmt":"2016-05-07T15:11:59","guid":{"rendered":"https:\/\/www.empirica-systeme.de\/?p=2940"},"modified":"2021-04-20T23:05:11","modified_gmt":"2021-04-20T21:05:11","slug":"empirica-blasenindex-2016q1","status":"publish","type":"post","link":"https:\/\/www.value-marktdaten.de\/en\/2016\/05\/07\/empirica-blasenindex-2016q1\/","title":{"rendered":"empirica-Blasenindex 2016q1"},"content":{"rendered":"<p>Der <a href=\"https:\/\/www.empirica-institut.de\/fileadmin\/Redaktion\/Publikationen_Referenzen\/PDFs\/Blasenindex__Q12016.pdf\" target=\"_blank\" rel=\"noopener\">empirica-Blasenindex<\/a> steigt gegen\u00fcber dem Vorquartal um 0,04 Punkte, liegt aber weiterhin unter dem Ursprungsniveau des Referenzjahres 2004. Die Einzelindices \u201ePreis-Einkommen\u201c (+0,04) und \u201eVervielf\u00e4ltiger\u201c (+0,04) steigen proportional, \u201eWohnungsbaukredite\u201c (+0,09) \u00fcberproportional.<\/p>\n<p>Der Index \u201eWohnungsbaukredite\u201c liegt damit erstmals seit 2004 \u00fcber dem \u201egefahrlosen\u201c Referenzwert. Nach Berechnungen von vdpResearch flie\u00dfen jedoch fast zwei Drittel der Finanzierungen in Bestandsobjekte. Das ist einerseits beruhigend, weil so kein \u00dcberangebot finanziert wird. Andererseits ist es beunruhigend, das der Wohnungsbau im sechsten Jahr der Hausse noch immer der Nachfrage hinterherhinkt. So lautet die aktuelle Pressemeldung von empirica zum Index.<\/p>\n<figure id=\"attachment_2941\" aria-describedby=\"caption-attachment-2941\" style=\"width: 600px\" class=\"wp-caption aligncenter\"><a href=\"https:\/\/www.value-marktdaten.de\/wp-content\/uploads\/2016\/05\/empirica-Blasenindex2016q1-e1462633479819.png\"><img loading=\"lazy\" decoding=\"async\" class=\"wp-image-2941 size-full\" src=\"https:\/\/www.value-marktdaten.de\/wp-content\/uploads\/2016\/05\/empirica-Blasenindex2016q1-e1462633479819.png\" alt=\"empirica-Blasenindex Q1\/2016 nach Regionstypen (Quelle: empirica ag)\" width=\"600\" height=\"303\" \/><\/a><figcaption id=\"caption-attachment-2941\" class=\"wp-caption-text\">empirica-Blasenindex Q1\/2016 nach Regionstypen (Quelle: empirica ag)<\/figcaption><\/figure>\n<p><!--more-->Auch andere Akteure sehen ein steigendes Risiko, wie u.a. die <a href=\"https:\/\/www.faz.net\/aktuell\/wirtschaft\/immobilien\/immobilien-in-grossstaedten-werden-teurer-14219235.html\" target=\"_blank\" rel=\"noopener\">FAZ<\/a> berichtet. Eine unmittelbare Gefahr besteht aufgrund der verhaltenen Baufertigstellungen allerdings noch nicht. Gerade diese verhaltene Baut\u00e4tigkeit k\u00f6nnte in Verbindung mit dem Niedrigzins aber zu einer Preis\u00fcbertreibung auf den gefragten M\u00e4rkten und damit zu einem gesteigerten Risiko einer &#8220;Blase&#8221; beitragen.<\/p>\n<p>Mehr Informationen erhalten Sie unter <a href=\"https:\/\/www.empirica-institut.de\" target=\"_blank\" rel=\"noopener\">http:\/\/www.empirica-institut.de<\/a><\/p>\n","protected":false},"excerpt":{"rendered":"<p>Der empirica-Blasenindex steigt gegen\u00fcber dem Vorquartal um 0,04 Punkte, liegt aber weiterhin unter dem Ursprungsniveau des Referenzjahres 2004. Die Einzelindices \u201ePreis-Einkommen\u201c (+0,04) und \u201eVervielf\u00e4ltiger\u201c (+0,04) steigen proportional, \u201eWohnungsbaukredite\u201c (+0,09) \u00fcberproportional. Der Index \u201eWohnungsbaukredite\u201c liegt damit erstmals seit 2004 \u00fcber dem \u201egefahrlosen\u201c Referenzwert. Nach Berechnungen von vdpResearch flie\u00dfen jedoch fast zwei Drittel der Finanzierungen in Bestandsobjekte.&hellip;<\/p>\n","protected":false},"author":2,"featured_media":0,"comment_status":"closed","ping_status":"open","sticky":false,"template":"","format":"standard","meta":{"footnotes":""},"categories":[85],"tags":[165,162,40,166,8,91,168,4],"class_list":["post-2940","post","type-post","status-publish","format-standard","hentry","category-empirica-immobilienpreisindex","tag-empirica-blasenindex","tag-faz","tag-immobilienblase","tag-immobilienpreisblase","tag-immobilienpreisentwicklung","tag-top-standorte","tag-vdpresearch","tag-wohnungsmarkt"],"yoast_head":"<!-- This site is optimized with the Yoast SEO plugin v27.5 - https:\/\/yoast.com\/product\/yoast-seo-wordpress\/ -->\n<title>empirica-Blasenindex 2016q1 - Value AG the valuation group<\/title>\n<meta name=\"robots\" content=\"index, follow, max-snippet:-1, max-image-preview:large, max-video-preview:-1\" \/>\n<link rel=\"canonical\" href=\"https:\/\/www.value-marktdaten.de\/en\/2016\/05\/07\/empirica-blasenindex-2016q1\/\" \/>\n<meta property=\"og:locale\" content=\"en_US\" \/>\n<meta property=\"og:type\" content=\"article\" \/>\n<meta property=\"og:title\" content=\"empirica-Blasenindex 2016q1 - Value AG the valuation group\" \/>\n<meta property=\"og:description\" content=\"Der empirica-Blasenindex steigt gegen\u00fcber dem Vorquartal um 0,04 Punkte, liegt aber weiterhin unter dem Ursprungsniveau des Referenzjahres 2004. Die Einzelindices \u201ePreis-Einkommen\u201c (+0,04) und \u201eVervielf\u00e4ltiger\u201c (+0,04) steigen proportional, \u201eWohnungsbaukredite\u201c (+0,09) \u00fcberproportional. Der Index \u201eWohnungsbaukredite\u201c liegt damit erstmals seit 2004 \u00fcber dem \u201egefahrlosen\u201c Referenzwert. Nach Berechnungen von vdpResearch flie\u00dfen jedoch fast zwei Drittel der Finanzierungen in Bestandsobjekte.&hellip;\" \/>\n<meta property=\"og:url\" content=\"https:\/\/www.value-marktdaten.de\/en\/2016\/05\/07\/empirica-blasenindex-2016q1\/\" \/>\n<meta property=\"og:site_name\" content=\"Value AG the valuation group\" \/>\n<meta property=\"article:published_time\" content=\"2016-05-07T15:11:59+00:00\" \/>\n<meta property=\"article:modified_time\" content=\"2021-04-20T21:05:11+00:00\" \/>\n<meta property=\"og:image\" content=\"https:\/\/www.value-marktdaten.de\/wp-content\/uploads\/2016\/05\/empirica-Blasenindex2016q1-e1462633479819.png\" \/>\n<meta name=\"author\" content=\"Sebastian Hein\" \/>\n<meta name=\"twitter:card\" content=\"summary_large_image\" \/>\n<meta name=\"twitter:creator\" content=\"@empiricaSysteme\" \/>\n<meta name=\"twitter:site\" content=\"@empiricaSysteme\" \/>\n<meta name=\"twitter:label1\" content=\"Written by\" \/>\n\t<meta name=\"twitter:data1\" content=\"Sebastian Hein\" \/>\n\t<meta name=\"twitter:label2\" content=\"Est. reading time\" \/>\n\t<meta name=\"twitter:data2\" content=\"1 minute\" \/>\n<script type=\"application\/ld+json\" class=\"yoast-schema-graph\">{\"@context\":\"https:\\\/\\\/schema.org\",\"@graph\":[{\"@type\":\"Article\",\"@id\":\"https:\\\/\\\/www.value-marktdaten.de\\\/en\\\/2016\\\/05\\\/07\\\/empirica-blasenindex-2016q1\\\/#article\",\"isPartOf\":{\"@id\":\"https:\\\/\\\/www.value-marktdaten.de\\\/en\\\/2016\\\/05\\\/07\\\/empirica-blasenindex-2016q1\\\/\"},\"author\":{\"name\":\"Sebastian Hein\",\"@id\":\"https:\\\/\\\/www.value-marktdaten.de\\\/en\\\/#\\\/schema\\\/person\\\/02906812716f6be89d34952959021b7a\"},\"headline\":\"empirica-Blasenindex 2016q1\",\"datePublished\":\"2016-05-07T15:11:59+00:00\",\"dateModified\":\"2021-04-20T21:05:11+00:00\",\"mainEntityOfPage\":{\"@id\":\"https:\\\/\\\/www.value-marktdaten.de\\\/en\\\/2016\\\/05\\\/07\\\/empirica-blasenindex-2016q1\\\/\"},\"wordCount\":168,\"publisher\":{\"@id\":\"https:\\\/\\\/www.value-marktdaten.de\\\/en\\\/#organization\"},\"image\":{\"@id\":\"https:\\\/\\\/www.value-marktdaten.de\\\/en\\\/2016\\\/05\\\/07\\\/empirica-blasenindex-2016q1\\\/#primaryimage\"},\"thumbnailUrl\":\"https:\\\/\\\/www.value-marktdaten.de\\\/wp-content\\\/uploads\\\/2016\\\/05\\\/empirica-Blasenindex2016q1-e1462633479819.png\",\"keywords\":[\"empirica-Blasenindex\",\"FAZ\",\"Immobilienblase\",\"Immobilienpreisblase\",\"Immobilienpreisentwicklung\",\"Top-Standorte\",\"vdpResearch\",\"Wohnungsmarkt\"],\"articleSection\":[\"empirica-Immobilienpreisindex\"],\"inLanguage\":\"en-US\"},{\"@type\":\"WebPage\",\"@id\":\"https:\\\/\\\/www.value-marktdaten.de\\\/en\\\/2016\\\/05\\\/07\\\/empirica-blasenindex-2016q1\\\/\",\"url\":\"https:\\\/\\\/www.value-marktdaten.de\\\/en\\\/2016\\\/05\\\/07\\\/empirica-blasenindex-2016q1\\\/\",\"name\":\"empirica-Blasenindex 2016q1 - Value AG the valuation group\",\"isPartOf\":{\"@id\":\"https:\\\/\\\/www.value-marktdaten.de\\\/en\\\/#website\"},\"primaryImageOfPage\":{\"@id\":\"https:\\\/\\\/www.value-marktdaten.de\\\/en\\\/2016\\\/05\\\/07\\\/empirica-blasenindex-2016q1\\\/#primaryimage\"},\"image\":{\"@id\":\"https:\\\/\\\/www.value-marktdaten.de\\\/en\\\/2016\\\/05\\\/07\\\/empirica-blasenindex-2016q1\\\/#primaryimage\"},\"thumbnailUrl\":\"https:\\\/\\\/www.value-marktdaten.de\\\/wp-content\\\/uploads\\\/2016\\\/05\\\/empirica-Blasenindex2016q1-e1462633479819.png\",\"datePublished\":\"2016-05-07T15:11:59+00:00\",\"dateModified\":\"2021-04-20T21:05:11+00:00\",\"breadcrumb\":{\"@id\":\"https:\\\/\\\/www.value-marktdaten.de\\\/en\\\/2016\\\/05\\\/07\\\/empirica-blasenindex-2016q1\\\/#breadcrumb\"},\"inLanguage\":\"en-US\",\"potentialAction\":[{\"@type\":\"ReadAction\",\"target\":[\"https:\\\/\\\/www.value-marktdaten.de\\\/en\\\/2016\\\/05\\\/07\\\/empirica-blasenindex-2016q1\\\/\"]}]},{\"@type\":\"ImageObject\",\"inLanguage\":\"en-US\",\"@id\":\"https:\\\/\\\/www.value-marktdaten.de\\\/en\\\/2016\\\/05\\\/07\\\/empirica-blasenindex-2016q1\\\/#primaryimage\",\"url\":\"https:\\\/\\\/www.value-marktdaten.de\\\/wp-content\\\/uploads\\\/2016\\\/05\\\/empirica-Blasenindex2016q1-e1462633479819.png\",\"contentUrl\":\"https:\\\/\\\/www.value-marktdaten.de\\\/wp-content\\\/uploads\\\/2016\\\/05\\\/empirica-Blasenindex2016q1-e1462633479819.png\"},{\"@type\":\"BreadcrumbList\",\"@id\":\"https:\\\/\\\/www.value-marktdaten.de\\\/en\\\/2016\\\/05\\\/07\\\/empirica-blasenindex-2016q1\\\/#breadcrumb\",\"itemListElement\":[{\"@type\":\"ListItem\",\"position\":1,\"name\":\"Startseite\",\"item\":\"https:\\\/\\\/www.value-marktdaten.de\\\/en\\\/\"},{\"@type\":\"ListItem\",\"position\":2,\"name\":\"empirica-Blasenindex 2016q1\"}]},{\"@type\":\"WebSite\",\"@id\":\"https:\\\/\\\/www.value-marktdaten.de\\\/en\\\/#website\",\"url\":\"https:\\\/\\\/www.value-marktdaten.de\\\/en\\\/\",\"name\":\"Value AG the valuation group\",\"description\":\"Immobilienmarktdaten f\u00fcr Deutschland\",\"publisher\":{\"@id\":\"https:\\\/\\\/www.value-marktdaten.de\\\/en\\\/#organization\"},\"potentialAction\":[{\"@type\":\"SearchAction\",\"target\":{\"@type\":\"EntryPoint\",\"urlTemplate\":\"https:\\\/\\\/www.value-marktdaten.de\\\/en\\\/?s={search_term_string}\"},\"query-input\":{\"@type\":\"PropertyValueSpecification\",\"valueRequired\":true,\"valueName\":\"search_term_string\"}}],\"inLanguage\":\"en-US\"},{\"@type\":\"Organization\",\"@id\":\"https:\\\/\\\/www.value-marktdaten.de\\\/en\\\/#organization\",\"name\":\"Value AG the valuation group\",\"url\":\"https:\\\/\\\/www.value-marktdaten.de\\\/en\\\/\",\"logo\":{\"@type\":\"ImageObject\",\"inLanguage\":\"en-US\",\"@id\":\"https:\\\/\\\/www.value-marktdaten.de\\\/en\\\/#\\\/schema\\\/logo\\\/image\\\/\",\"url\":\"\",\"contentUrl\":\"\",\"caption\":\"Value AG the valuation group\"},\"image\":{\"@id\":\"https:\\\/\\\/www.value-marktdaten.de\\\/en\\\/#\\\/schema\\\/logo\\\/image\\\/\"},\"sameAs\":[\"https:\\\/\\\/x.com\\\/empiricaSysteme\",\"https:\\\/\\\/www.linkedin.com\\\/company\\\/empirica-systeme-gmbh\"]},{\"@type\":\"Person\",\"@id\":\"https:\\\/\\\/www.value-marktdaten.de\\\/en\\\/#\\\/schema\\\/person\\\/02906812716f6be89d34952959021b7a\",\"name\":\"Sebastian Hein\",\"image\":{\"@type\":\"ImageObject\",\"inLanguage\":\"en-US\",\"@id\":\"https:\\\/\\\/secure.gravatar.com\\\/avatar\\\/190c7e8b36fd4b4580e0d4223074c6f628e7f727dc0c703db0a1ad915ca40898?s=96&d=mm&r=g\",\"url\":\"https:\\\/\\\/secure.gravatar.com\\\/avatar\\\/190c7e8b36fd4b4580e0d4223074c6f628e7f727dc0c703db0a1ad915ca40898?s=96&d=mm&r=g\",\"contentUrl\":\"https:\\\/\\\/secure.gravatar.com\\\/avatar\\\/190c7e8b36fd4b4580e0d4223074c6f628e7f727dc0c703db0a1ad915ca40898?s=96&d=mm&r=g\",\"caption\":\"Sebastian Hein\"},\"sameAs\":[\"http:\\\/\\\/www.value-marktdaten.de\"],\"url\":\"https:\\\/\\\/www.value-marktdaten.de\\\/en\\\/author\\\/sebastian-hein\\\/\"}]}<\/script>\n<!-- \/ Yoast SEO plugin. -->","yoast_head_json":{"title":"empirica-Blasenindex 2016q1 - Value AG the valuation group","robots":{"index":"index","follow":"follow","max-snippet":"max-snippet:-1","max-image-preview":"max-image-preview:large","max-video-preview":"max-video-preview:-1"},"canonical":"https:\/\/www.value-marktdaten.de\/en\/2016\/05\/07\/empirica-blasenindex-2016q1\/","og_locale":"en_US","og_type":"article","og_title":"empirica-Blasenindex 2016q1 - Value AG the valuation group","og_description":"Der empirica-Blasenindex steigt gegen\u00fcber dem Vorquartal um 0,04 Punkte, liegt aber weiterhin unter dem Ursprungsniveau des Referenzjahres 2004. Die Einzelindices \u201ePreis-Einkommen\u201c (+0,04) und \u201eVervielf\u00e4ltiger\u201c (+0,04) steigen proportional, \u201eWohnungsbaukredite\u201c (+0,09) \u00fcberproportional. Der Index \u201eWohnungsbaukredite\u201c liegt damit erstmals seit 2004 \u00fcber dem \u201egefahrlosen\u201c Referenzwert. Nach Berechnungen von vdpResearch flie\u00dfen jedoch fast zwei Drittel der Finanzierungen in Bestandsobjekte.&hellip;","og_url":"https:\/\/www.value-marktdaten.de\/en\/2016\/05\/07\/empirica-blasenindex-2016q1\/","og_site_name":"Value AG the valuation group","article_published_time":"2016-05-07T15:11:59+00:00","article_modified_time":"2021-04-20T21:05:11+00:00","og_image":[{"url":"https:\/\/www.value-marktdaten.de\/wp-content\/uploads\/2016\/05\/empirica-Blasenindex2016q1-e1462633479819.png","type":"","width":"","height":""}],"author":"Sebastian Hein","twitter_card":"summary_large_image","twitter_creator":"@empiricaSysteme","twitter_site":"@empiricaSysteme","twitter_misc":{"Written by":"Sebastian Hein","Est. reading time":"1 minute"},"schema":{"@context":"https:\/\/schema.org","@graph":[{"@type":"Article","@id":"https:\/\/www.value-marktdaten.de\/en\/2016\/05\/07\/empirica-blasenindex-2016q1\/#article","isPartOf":{"@id":"https:\/\/www.value-marktdaten.de\/en\/2016\/05\/07\/empirica-blasenindex-2016q1\/"},"author":{"name":"Sebastian Hein","@id":"https:\/\/www.value-marktdaten.de\/en\/#\/schema\/person\/02906812716f6be89d34952959021b7a"},"headline":"empirica-Blasenindex 2016q1","datePublished":"2016-05-07T15:11:59+00:00","dateModified":"2021-04-20T21:05:11+00:00","mainEntityOfPage":{"@id":"https:\/\/www.value-marktdaten.de\/en\/2016\/05\/07\/empirica-blasenindex-2016q1\/"},"wordCount":168,"publisher":{"@id":"https:\/\/www.value-marktdaten.de\/en\/#organization"},"image":{"@id":"https:\/\/www.value-marktdaten.de\/en\/2016\/05\/07\/empirica-blasenindex-2016q1\/#primaryimage"},"thumbnailUrl":"https:\/\/www.value-marktdaten.de\/wp-content\/uploads\/2016\/05\/empirica-Blasenindex2016q1-e1462633479819.png","keywords":["empirica-Blasenindex","FAZ","Immobilienblase","Immobilienpreisblase","Immobilienpreisentwicklung","Top-Standorte","vdpResearch","Wohnungsmarkt"],"articleSection":["empirica-Immobilienpreisindex"],"inLanguage":"en-US"},{"@type":"WebPage","@id":"https:\/\/www.value-marktdaten.de\/en\/2016\/05\/07\/empirica-blasenindex-2016q1\/","url":"https:\/\/www.value-marktdaten.de\/en\/2016\/05\/07\/empirica-blasenindex-2016q1\/","name":"empirica-Blasenindex 2016q1 - Value AG the valuation group","isPartOf":{"@id":"https:\/\/www.value-marktdaten.de\/en\/#website"},"primaryImageOfPage":{"@id":"https:\/\/www.value-marktdaten.de\/en\/2016\/05\/07\/empirica-blasenindex-2016q1\/#primaryimage"},"image":{"@id":"https:\/\/www.value-marktdaten.de\/en\/2016\/05\/07\/empirica-blasenindex-2016q1\/#primaryimage"},"thumbnailUrl":"https:\/\/www.value-marktdaten.de\/wp-content\/uploads\/2016\/05\/empirica-Blasenindex2016q1-e1462633479819.png","datePublished":"2016-05-07T15:11:59+00:00","dateModified":"2021-04-20T21:05:11+00:00","breadcrumb":{"@id":"https:\/\/www.value-marktdaten.de\/en\/2016\/05\/07\/empirica-blasenindex-2016q1\/#breadcrumb"},"inLanguage":"en-US","potentialAction":[{"@type":"ReadAction","target":["https:\/\/www.value-marktdaten.de\/en\/2016\/05\/07\/empirica-blasenindex-2016q1\/"]}]},{"@type":"ImageObject","inLanguage":"en-US","@id":"https:\/\/www.value-marktdaten.de\/en\/2016\/05\/07\/empirica-blasenindex-2016q1\/#primaryimage","url":"https:\/\/www.value-marktdaten.de\/wp-content\/uploads\/2016\/05\/empirica-Blasenindex2016q1-e1462633479819.png","contentUrl":"https:\/\/www.value-marktdaten.de\/wp-content\/uploads\/2016\/05\/empirica-Blasenindex2016q1-e1462633479819.png"},{"@type":"BreadcrumbList","@id":"https:\/\/www.value-marktdaten.de\/en\/2016\/05\/07\/empirica-blasenindex-2016q1\/#breadcrumb","itemListElement":[{"@type":"ListItem","position":1,"name":"Startseite","item":"https:\/\/www.value-marktdaten.de\/en\/"},{"@type":"ListItem","position":2,"name":"empirica-Blasenindex 2016q1"}]},{"@type":"WebSite","@id":"https:\/\/www.value-marktdaten.de\/en\/#website","url":"https:\/\/www.value-marktdaten.de\/en\/","name":"Value AG the valuation group","description":"Immobilienmarktdaten f\u00fcr Deutschland","publisher":{"@id":"https:\/\/www.value-marktdaten.de\/en\/#organization"},"potentialAction":[{"@type":"SearchAction","target":{"@type":"EntryPoint","urlTemplate":"https:\/\/www.value-marktdaten.de\/en\/?s={search_term_string}"},"query-input":{"@type":"PropertyValueSpecification","valueRequired":true,"valueName":"search_term_string"}}],"inLanguage":"en-US"},{"@type":"Organization","@id":"https:\/\/www.value-marktdaten.de\/en\/#organization","name":"Value AG the valuation group","url":"https:\/\/www.value-marktdaten.de\/en\/","logo":{"@type":"ImageObject","inLanguage":"en-US","@id":"https:\/\/www.value-marktdaten.de\/en\/#\/schema\/logo\/image\/","url":"","contentUrl":"","caption":"Value AG the valuation group"},"image":{"@id":"https:\/\/www.value-marktdaten.de\/en\/#\/schema\/logo\/image\/"},"sameAs":["https:\/\/x.com\/empiricaSysteme","https:\/\/www.linkedin.com\/company\/empirica-systeme-gmbh"]},{"@type":"Person","@id":"https:\/\/www.value-marktdaten.de\/en\/#\/schema\/person\/02906812716f6be89d34952959021b7a","name":"Sebastian Hein","image":{"@type":"ImageObject","inLanguage":"en-US","@id":"https:\/\/secure.gravatar.com\/avatar\/190c7e8b36fd4b4580e0d4223074c6f628e7f727dc0c703db0a1ad915ca40898?s=96&d=mm&r=g","url":"https:\/\/secure.gravatar.com\/avatar\/190c7e8b36fd4b4580e0d4223074c6f628e7f727dc0c703db0a1ad915ca40898?s=96&d=mm&r=g","contentUrl":"https:\/\/secure.gravatar.com\/avatar\/190c7e8b36fd4b4580e0d4223074c6f628e7f727dc0c703db0a1ad915ca40898?s=96&d=mm&r=g","caption":"Sebastian Hein"},"sameAs":["http:\/\/www.value-marktdaten.de"],"url":"https:\/\/www.value-marktdaten.de\/en\/author\/sebastian-hein\/"}]}},"_links":{"self":[{"href":"https:\/\/www.value-marktdaten.de\/en\/wp-json\/wp\/v2\/posts\/2940","targetHints":{"allow":["GET"]}}],"collection":[{"href":"https:\/\/www.value-marktdaten.de\/en\/wp-json\/wp\/v2\/posts"}],"about":[{"href":"https:\/\/www.value-marktdaten.de\/en\/wp-json\/wp\/v2\/types\/post"}],"author":[{"embeddable":true,"href":"https:\/\/www.value-marktdaten.de\/en\/wp-json\/wp\/v2\/users\/2"}],"replies":[{"embeddable":true,"href":"https:\/\/www.value-marktdaten.de\/en\/wp-json\/wp\/v2\/comments?post=2940"}],"version-history":[{"count":9,"href":"https:\/\/www.value-marktdaten.de\/en\/wp-json\/wp\/v2\/posts\/2940\/revisions"}],"predecessor-version":[{"id":33527,"href":"https:\/\/www.value-marktdaten.de\/en\/wp-json\/wp\/v2\/posts\/2940\/revisions\/33527"}],"wp:attachment":[{"href":"https:\/\/www.value-marktdaten.de\/en\/wp-json\/wp\/v2\/media?parent=2940"}],"wp:term":[{"taxonomy":"category","embeddable":true,"href":"https:\/\/www.value-marktdaten.de\/en\/wp-json\/wp\/v2\/categories?post=2940"},{"taxonomy":"post_tag","embeddable":true,"href":"https:\/\/www.value-marktdaten.de\/en\/wp-json\/wp\/v2\/tags?post=2940"}],"curies":[{"name":"wp","href":"https:\/\/api.w.org\/{rel}","templated":true}]}}