{"id":2931,"date":"2016-04-27T17:00:58","date_gmt":"2016-04-27T15:00:58","guid":{"rendered":"https:\/\/www.empirica-systeme.de\/?p=2931"},"modified":"2018-08-01T10:45:37","modified_gmt":"2018-08-01T08:45:37","slug":"nai-apollo-bueromarkt-frankfurt-am-main-im-1-quartal-2016","status":"publish","type":"post","link":"https:\/\/www.value-marktdaten.de\/en\/2016\/04\/27\/nai-apollo-bueromarkt-frankfurt-am-main-im-1-quartal-2016\/","title":{"rendered":"NAIapollo: B\u00fcromarkt Frankfurt am Main im 1. Quartal 2016"},"content":{"rendered":"<p><span class=\"share-body\"><span class=\"commentary js-truncate-commentary\">Die NAI apollo Group pr\u00e4sentiert die Zahlen und Fakten f\u00fcr das 1. Quartal 2016 des B\u00fcromarktes Frankfurt am Main. &#8220;Der Frankfurter B\u00fcrofl\u00e4chenmarkt inklusive Eschborn und Offenbach-Kaiserlei ist fulminant in das Jahr 2016 gestartet. Insgesamt summiert sich der Fl\u00e4chenumsatz durch Vermietungen und Eigennutzer auf 119.700 m\u00b2, womit es das beste erste Quartalsergebnis seit dem Jahr 2012 ist. Nicht nur das Vorjahresquartal (Q1 2015: 87.600 m\u00b2) ist um mehr als ein Drittel, sondern auch der 5-Jahresdurchschnitt (2011-2015: 91.000 m\u00b2) mit einem Plus von \u00fcber 31 % deutlich \u00fcbertroffen worden&#8221;, hei\u00dft es in dem Bericht.<br \/>\n<\/span><\/span><\/p>\n<p>Weitere Informationen und den Report zum Download finden Sie unter <a href=\"https:\/\/www.nai-apollo.de\/de\/marktberichte\" target=\"_blank\">nai-apollo.de<\/a><\/p>\n","protected":false},"excerpt":{"rendered":"<p>Die NAI apollo Group pr\u00e4sentiert die Zahlen und Fakten f\u00fcr das 1. Quartal 2016 des B\u00fcromarktes Frankfurt am Main. &#8220;Der Frankfurter B\u00fcrofl\u00e4chenmarkt inklusive Eschborn und Offenbach-Kaiserlei ist fulminant in das Jahr 2016 gestartet. Insgesamt summiert sich der Fl\u00e4chenumsatz durch Vermietungen und Eigennutzer auf 119.700 m\u00b2, womit es das beste erste Quartalsergebnis seit dem Jahr 2012&hellip;<\/p>\n","protected":false},"author":2,"featured_media":0,"comment_status":"closed","ping_status":"open","sticky":false,"template":"","format":"standard","meta":{"footnotes":""},"categories":[88,89,106],"tags":[104,34,129,68],"class_list":["post-2931","post","type-post","status-publish","format-standard","hentry","category-gewerbeimmobilienmarkt","category-empirica-systeme-immobilienmarktdaten","category-unsere-kunden","tag-bueroimmobilienmarkt","tag-immobilienmarkt-frankfurt","tag-immobilienmarktinformation","tag-naiapollo"],"yoast_head":"<!-- This site is optimized with the Yoast SEO plugin v27.5 - https:\/\/yoast.com\/product\/yoast-seo-wordpress\/ -->\n<title>NAIapollo: B\u00fcromarkt Frankfurt am Main im 1. Quartal 2016 - Value AG the valuation group<\/title>\n<meta name=\"robots\" content=\"index, follow, max-snippet:-1, max-image-preview:large, max-video-preview:-1\" \/>\n<link rel=\"canonical\" href=\"https:\/\/www.value-marktdaten.de\/en\/2016\/04\/27\/nai-apollo-bueromarkt-frankfurt-am-main-im-1-quartal-2016\/\" \/>\n<meta property=\"og:locale\" content=\"en_US\" \/>\n<meta property=\"og:type\" content=\"article\" \/>\n<meta property=\"og:title\" content=\"NAIapollo: B\u00fcromarkt Frankfurt am Main im 1. Quartal 2016 - Value AG the valuation group\" \/>\n<meta property=\"og:description\" content=\"Die NAI apollo Group pr\u00e4sentiert die Zahlen und Fakten f\u00fcr das 1. Quartal 2016 des B\u00fcromarktes Frankfurt am Main. &#8220;Der Frankfurter B\u00fcrofl\u00e4chenmarkt inklusive Eschborn und Offenbach-Kaiserlei ist fulminant in das Jahr 2016 gestartet. Insgesamt summiert sich der Fl\u00e4chenumsatz durch Vermietungen und Eigennutzer auf 119.700 m\u00b2, womit es das beste erste Quartalsergebnis seit dem Jahr 2012&hellip;\" \/>\n<meta property=\"og:url\" content=\"https:\/\/www.value-marktdaten.de\/en\/2016\/04\/27\/nai-apollo-bueromarkt-frankfurt-am-main-im-1-quartal-2016\/\" \/>\n<meta property=\"og:site_name\" content=\"Value AG the valuation group\" \/>\n<meta property=\"article:published_time\" content=\"2016-04-27T15:00:58+00:00\" \/>\n<meta property=\"article:modified_time\" content=\"2018-08-01T08:45:37+00:00\" \/>\n<meta name=\"author\" content=\"Sebastian Hein\" \/>\n<meta name=\"twitter:card\" content=\"summary_large_image\" \/>\n<meta name=\"twitter:creator\" content=\"@empiricaSysteme\" \/>\n<meta name=\"twitter:site\" content=\"@empiricaSysteme\" \/>\n<meta name=\"twitter:label1\" content=\"Written by\" \/>\n\t<meta name=\"twitter:data1\" content=\"Sebastian Hein\" \/>\n\t<meta name=\"twitter:label2\" content=\"Est. reading time\" \/>\n\t<meta name=\"twitter:data2\" content=\"1 minute\" \/>\n<script type=\"application\/ld+json\" class=\"yoast-schema-graph\">{\"@context\":\"https:\\\/\\\/schema.org\",\"@graph\":[{\"@type\":\"Article\",\"@id\":\"https:\\\/\\\/www.value-marktdaten.de\\\/en\\\/2016\\\/04\\\/27\\\/nai-apollo-bueromarkt-frankfurt-am-main-im-1-quartal-2016\\\/#article\",\"isPartOf\":{\"@id\":\"https:\\\/\\\/www.value-marktdaten.de\\\/en\\\/2016\\\/04\\\/27\\\/nai-apollo-bueromarkt-frankfurt-am-main-im-1-quartal-2016\\\/\"},\"author\":{\"name\":\"Sebastian Hein\",\"@id\":\"https:\\\/\\\/www.value-marktdaten.de\\\/en\\\/#\\\/schema\\\/person\\\/02906812716f6be89d34952959021b7a\"},\"headline\":\"NAIapollo: B\u00fcromarkt Frankfurt am Main im 1. Quartal 2016\",\"datePublished\":\"2016-04-27T15:00:58+00:00\",\"dateModified\":\"2018-08-01T08:45:37+00:00\",\"mainEntityOfPage\":{\"@id\":\"https:\\\/\\\/www.value-marktdaten.de\\\/en\\\/2016\\\/04\\\/27\\\/nai-apollo-bueromarkt-frankfurt-am-main-im-1-quartal-2016\\\/\"},\"wordCount\":109,\"publisher\":{\"@id\":\"https:\\\/\\\/www.value-marktdaten.de\\\/en\\\/#organization\"},\"keywords\":[\"B\u00fcroimmobilienmarkt\",\"Immobilienmarkt Frankfurt\",\"Immobilienmarktinformation\",\"NAIapollo\"],\"articleSection\":[\"Gewerbeimmobilienmarkt\",\"Immobilienmarktdaten\",\"unsere Kunden\"],\"inLanguage\":\"en-US\"},{\"@type\":\"WebPage\",\"@id\":\"https:\\\/\\\/www.value-marktdaten.de\\\/en\\\/2016\\\/04\\\/27\\\/nai-apollo-bueromarkt-frankfurt-am-main-im-1-quartal-2016\\\/\",\"url\":\"https:\\\/\\\/www.value-marktdaten.de\\\/en\\\/2016\\\/04\\\/27\\\/nai-apollo-bueromarkt-frankfurt-am-main-im-1-quartal-2016\\\/\",\"name\":\"NAIapollo: B\u00fcromarkt Frankfurt am Main im 1. Quartal 2016 - Value AG the valuation group\",\"isPartOf\":{\"@id\":\"https:\\\/\\\/www.value-marktdaten.de\\\/en\\\/#website\"},\"datePublished\":\"2016-04-27T15:00:58+00:00\",\"dateModified\":\"2018-08-01T08:45:37+00:00\",\"breadcrumb\":{\"@id\":\"https:\\\/\\\/www.value-marktdaten.de\\\/en\\\/2016\\\/04\\\/27\\\/nai-apollo-bueromarkt-frankfurt-am-main-im-1-quartal-2016\\\/#breadcrumb\"},\"inLanguage\":\"en-US\",\"potentialAction\":[{\"@type\":\"ReadAction\",\"target\":[\"https:\\\/\\\/www.value-marktdaten.de\\\/en\\\/2016\\\/04\\\/27\\\/nai-apollo-bueromarkt-frankfurt-am-main-im-1-quartal-2016\\\/\"]}]},{\"@type\":\"BreadcrumbList\",\"@id\":\"https:\\\/\\\/www.value-marktdaten.de\\\/en\\\/2016\\\/04\\\/27\\\/nai-apollo-bueromarkt-frankfurt-am-main-im-1-quartal-2016\\\/#breadcrumb\",\"itemListElement\":[{\"@type\":\"ListItem\",\"position\":1,\"name\":\"Startseite\",\"item\":\"https:\\\/\\\/www.value-marktdaten.de\\\/en\\\/\"},{\"@type\":\"ListItem\",\"position\":2,\"name\":\"NAIapollo: B\u00fcromarkt Frankfurt am Main im 1. Quartal 2016\"}]},{\"@type\":\"WebSite\",\"@id\":\"https:\\\/\\\/www.value-marktdaten.de\\\/en\\\/#website\",\"url\":\"https:\\\/\\\/www.value-marktdaten.de\\\/en\\\/\",\"name\":\"Value AG the valuation group\",\"description\":\"Immobilienmarktdaten f\u00fcr Deutschland\",\"publisher\":{\"@id\":\"https:\\\/\\\/www.value-marktdaten.de\\\/en\\\/#organization\"},\"potentialAction\":[{\"@type\":\"SearchAction\",\"target\":{\"@type\":\"EntryPoint\",\"urlTemplate\":\"https:\\\/\\\/www.value-marktdaten.de\\\/en\\\/?s={search_term_string}\"},\"query-input\":{\"@type\":\"PropertyValueSpecification\",\"valueRequired\":true,\"valueName\":\"search_term_string\"}}],\"inLanguage\":\"en-US\"},{\"@type\":\"Organization\",\"@id\":\"https:\\\/\\\/www.value-marktdaten.de\\\/en\\\/#organization\",\"name\":\"Value AG the valuation group\",\"url\":\"https:\\\/\\\/www.value-marktdaten.de\\\/en\\\/\",\"logo\":{\"@type\":\"ImageObject\",\"inLanguage\":\"en-US\",\"@id\":\"https:\\\/\\\/www.value-marktdaten.de\\\/en\\\/#\\\/schema\\\/logo\\\/image\\\/\",\"url\":\"\",\"contentUrl\":\"\",\"caption\":\"Value AG the valuation group\"},\"image\":{\"@id\":\"https:\\\/\\\/www.value-marktdaten.de\\\/en\\\/#\\\/schema\\\/logo\\\/image\\\/\"},\"sameAs\":[\"https:\\\/\\\/x.com\\\/empiricaSysteme\",\"https:\\\/\\\/www.linkedin.com\\\/company\\\/empirica-systeme-gmbh\"]},{\"@type\":\"Person\",\"@id\":\"https:\\\/\\\/www.value-marktdaten.de\\\/en\\\/#\\\/schema\\\/person\\\/02906812716f6be89d34952959021b7a\",\"name\":\"Sebastian Hein\",\"image\":{\"@type\":\"ImageObject\",\"inLanguage\":\"en-US\",\"@id\":\"https:\\\/\\\/secure.gravatar.com\\\/avatar\\\/190c7e8b36fd4b4580e0d4223074c6f628e7f727dc0c703db0a1ad915ca40898?s=96&d=mm&r=g\",\"url\":\"https:\\\/\\\/secure.gravatar.com\\\/avatar\\\/190c7e8b36fd4b4580e0d4223074c6f628e7f727dc0c703db0a1ad915ca40898?s=96&d=mm&r=g\",\"contentUrl\":\"https:\\\/\\\/secure.gravatar.com\\\/avatar\\\/190c7e8b36fd4b4580e0d4223074c6f628e7f727dc0c703db0a1ad915ca40898?s=96&d=mm&r=g\",\"caption\":\"Sebastian Hein\"},\"sameAs\":[\"http:\\\/\\\/www.value-marktdaten.de\"],\"url\":\"https:\\\/\\\/www.value-marktdaten.de\\\/en\\\/author\\\/sebastian-hein\\\/\"}]}<\/script>\n<!-- \/ Yoast SEO plugin. -->","yoast_head_json":{"title":"NAIapollo: B\u00fcromarkt Frankfurt am Main im 1. Quartal 2016 - Value AG the valuation group","robots":{"index":"index","follow":"follow","max-snippet":"max-snippet:-1","max-image-preview":"max-image-preview:large","max-video-preview":"max-video-preview:-1"},"canonical":"https:\/\/www.value-marktdaten.de\/en\/2016\/04\/27\/nai-apollo-bueromarkt-frankfurt-am-main-im-1-quartal-2016\/","og_locale":"en_US","og_type":"article","og_title":"NAIapollo: B\u00fcromarkt Frankfurt am Main im 1. Quartal 2016 - Value AG the valuation group","og_description":"Die NAI apollo Group pr\u00e4sentiert die Zahlen und Fakten f\u00fcr das 1. Quartal 2016 des B\u00fcromarktes Frankfurt am Main. &#8220;Der Frankfurter B\u00fcrofl\u00e4chenmarkt inklusive Eschborn und Offenbach-Kaiserlei ist fulminant in das Jahr 2016 gestartet. Insgesamt summiert sich der Fl\u00e4chenumsatz durch Vermietungen und Eigennutzer auf 119.700 m\u00b2, womit es das beste erste Quartalsergebnis seit dem Jahr 2012&hellip;","og_url":"https:\/\/www.value-marktdaten.de\/en\/2016\/04\/27\/nai-apollo-bueromarkt-frankfurt-am-main-im-1-quartal-2016\/","og_site_name":"Value AG the valuation group","article_published_time":"2016-04-27T15:00:58+00:00","article_modified_time":"2018-08-01T08:45:37+00:00","author":"Sebastian Hein","twitter_card":"summary_large_image","twitter_creator":"@empiricaSysteme","twitter_site":"@empiricaSysteme","twitter_misc":{"Written by":"Sebastian Hein","Est. reading time":"1 minute"},"schema":{"@context":"https:\/\/schema.org","@graph":[{"@type":"Article","@id":"https:\/\/www.value-marktdaten.de\/en\/2016\/04\/27\/nai-apollo-bueromarkt-frankfurt-am-main-im-1-quartal-2016\/#article","isPartOf":{"@id":"https:\/\/www.value-marktdaten.de\/en\/2016\/04\/27\/nai-apollo-bueromarkt-frankfurt-am-main-im-1-quartal-2016\/"},"author":{"name":"Sebastian Hein","@id":"https:\/\/www.value-marktdaten.de\/en\/#\/schema\/person\/02906812716f6be89d34952959021b7a"},"headline":"NAIapollo: B\u00fcromarkt Frankfurt am Main im 1. Quartal 2016","datePublished":"2016-04-27T15:00:58+00:00","dateModified":"2018-08-01T08:45:37+00:00","mainEntityOfPage":{"@id":"https:\/\/www.value-marktdaten.de\/en\/2016\/04\/27\/nai-apollo-bueromarkt-frankfurt-am-main-im-1-quartal-2016\/"},"wordCount":109,"publisher":{"@id":"https:\/\/www.value-marktdaten.de\/en\/#organization"},"keywords":["B\u00fcroimmobilienmarkt","Immobilienmarkt Frankfurt","Immobilienmarktinformation","NAIapollo"],"articleSection":["Gewerbeimmobilienmarkt","Immobilienmarktdaten","unsere Kunden"],"inLanguage":"en-US"},{"@type":"WebPage","@id":"https:\/\/www.value-marktdaten.de\/en\/2016\/04\/27\/nai-apollo-bueromarkt-frankfurt-am-main-im-1-quartal-2016\/","url":"https:\/\/www.value-marktdaten.de\/en\/2016\/04\/27\/nai-apollo-bueromarkt-frankfurt-am-main-im-1-quartal-2016\/","name":"NAIapollo: B\u00fcromarkt Frankfurt am Main im 1. Quartal 2016 - Value AG the valuation group","isPartOf":{"@id":"https:\/\/www.value-marktdaten.de\/en\/#website"},"datePublished":"2016-04-27T15:00:58+00:00","dateModified":"2018-08-01T08:45:37+00:00","breadcrumb":{"@id":"https:\/\/www.value-marktdaten.de\/en\/2016\/04\/27\/nai-apollo-bueromarkt-frankfurt-am-main-im-1-quartal-2016\/#breadcrumb"},"inLanguage":"en-US","potentialAction":[{"@type":"ReadAction","target":["https:\/\/www.value-marktdaten.de\/en\/2016\/04\/27\/nai-apollo-bueromarkt-frankfurt-am-main-im-1-quartal-2016\/"]}]},{"@type":"BreadcrumbList","@id":"https:\/\/www.value-marktdaten.de\/en\/2016\/04\/27\/nai-apollo-bueromarkt-frankfurt-am-main-im-1-quartal-2016\/#breadcrumb","itemListElement":[{"@type":"ListItem","position":1,"name":"Startseite","item":"https:\/\/www.value-marktdaten.de\/en\/"},{"@type":"ListItem","position":2,"name":"NAIapollo: B\u00fcromarkt Frankfurt am Main im 1. Quartal 2016"}]},{"@type":"WebSite","@id":"https:\/\/www.value-marktdaten.de\/en\/#website","url":"https:\/\/www.value-marktdaten.de\/en\/","name":"Value AG the valuation group","description":"Immobilienmarktdaten f\u00fcr Deutschland","publisher":{"@id":"https:\/\/www.value-marktdaten.de\/en\/#organization"},"potentialAction":[{"@type":"SearchAction","target":{"@type":"EntryPoint","urlTemplate":"https:\/\/www.value-marktdaten.de\/en\/?s={search_term_string}"},"query-input":{"@type":"PropertyValueSpecification","valueRequired":true,"valueName":"search_term_string"}}],"inLanguage":"en-US"},{"@type":"Organization","@id":"https:\/\/www.value-marktdaten.de\/en\/#organization","name":"Value AG the valuation group","url":"https:\/\/www.value-marktdaten.de\/en\/","logo":{"@type":"ImageObject","inLanguage":"en-US","@id":"https:\/\/www.value-marktdaten.de\/en\/#\/schema\/logo\/image\/","url":"","contentUrl":"","caption":"Value AG the valuation group"},"image":{"@id":"https:\/\/www.value-marktdaten.de\/en\/#\/schema\/logo\/image\/"},"sameAs":["https:\/\/x.com\/empiricaSysteme","https:\/\/www.linkedin.com\/company\/empirica-systeme-gmbh"]},{"@type":"Person","@id":"https:\/\/www.value-marktdaten.de\/en\/#\/schema\/person\/02906812716f6be89d34952959021b7a","name":"Sebastian Hein","image":{"@type":"ImageObject","inLanguage":"en-US","@id":"https:\/\/secure.gravatar.com\/avatar\/190c7e8b36fd4b4580e0d4223074c6f628e7f727dc0c703db0a1ad915ca40898?s=96&d=mm&r=g","url":"https:\/\/secure.gravatar.com\/avatar\/190c7e8b36fd4b4580e0d4223074c6f628e7f727dc0c703db0a1ad915ca40898?s=96&d=mm&r=g","contentUrl":"https:\/\/secure.gravatar.com\/avatar\/190c7e8b36fd4b4580e0d4223074c6f628e7f727dc0c703db0a1ad915ca40898?s=96&d=mm&r=g","caption":"Sebastian Hein"},"sameAs":["http:\/\/www.value-marktdaten.de"],"url":"https:\/\/www.value-marktdaten.de\/en\/author\/sebastian-hein\/"}]}},"_links":{"self":[{"href":"https:\/\/www.value-marktdaten.de\/en\/wp-json\/wp\/v2\/posts\/2931","targetHints":{"allow":["GET"]}}],"collection":[{"href":"https:\/\/www.value-marktdaten.de\/en\/wp-json\/wp\/v2\/posts"}],"about":[{"href":"https:\/\/www.value-marktdaten.de\/en\/wp-json\/wp\/v2\/types\/post"}],"author":[{"embeddable":true,"href":"https:\/\/www.value-marktdaten.de\/en\/wp-json\/wp\/v2\/users\/2"}],"replies":[{"embeddable":true,"href":"https:\/\/www.value-marktdaten.de\/en\/wp-json\/wp\/v2\/comments?post=2931"}],"version-history":[{"count":4,"href":"https:\/\/www.value-marktdaten.de\/en\/wp-json\/wp\/v2\/posts\/2931\/revisions"}],"predecessor-version":[{"id":6367,"href":"https:\/\/www.value-marktdaten.de\/en\/wp-json\/wp\/v2\/posts\/2931\/revisions\/6367"}],"wp:attachment":[{"href":"https:\/\/www.value-marktdaten.de\/en\/wp-json\/wp\/v2\/media?parent=2931"}],"wp:term":[{"taxonomy":"category","embeddable":true,"href":"https:\/\/www.value-marktdaten.de\/en\/wp-json\/wp\/v2\/categories?post=2931"},{"taxonomy":"post_tag","embeddable":true,"href":"https:\/\/www.value-marktdaten.de\/en\/wp-json\/wp\/v2\/tags?post=2931"}],"curies":[{"name":"wp","href":"https:\/\/api.w.org\/{rel}","templated":true}]}}