{"id":2892,"date":"2016-04-11T12:21:06","date_gmt":"2016-04-11T10:21:06","guid":{"rendered":"https:\/\/www.empirica-systeme.de\/?p=2892"},"modified":"2021-04-20T23:04:44","modified_gmt":"2021-04-20T21:04:44","slug":"wohnen-in-wohngemeinschaften-ist-teuer-geworden","status":"publish","type":"post","link":"https:\/\/www.value-marktdaten.de\/en\/2016\/04\/11\/wohnen-in-wohngemeinschaften-ist-teuer-geworden\/","title":{"rendered":"Wohnen in Wohngemeinschaften ist teuer geworden"},"content":{"rendered":"<p>empirica Sonderauswertung zum Semesterbeginn:\u00a0Auf Basis von mehr als 100 Tsd. Mietinseraten f\u00fcr WG-Zimmer aus der <a href=\"https:\/\/www.value-marktdaten.de\/portfolio\/empirica-systeme-marktdatenbank\/\" target=\"_blank\" rel=\"noopener noreferrer\">empirica-systeme Marktdatenbank<\/a>\u00a0erstellt <a href=\"https:\/\/www.empirica-institut.de\/\" target=\"_blank\" rel=\"noopener noreferrer\">empirica <\/a>eine \u00dcbersicht, die halbj\u00e4hrlich aktualisiert wird und Auskunft \u00fcber die Mietpreise im WG-Segment der Unist\u00e4dte gibt. Sie liefert f\u00fcr alle gr\u00f6\u00dferen Hochschulstandorte Deutschlands (\u00fcber 120 St\u00e4dte) Standardpreise (mittlerer 50% Wert) sowie die Preisspanne der Warmmiete eines unm\u00f6blierten WG-Zimmers, das zwischen 10qm und 30qm gro\u00df ist auf Basis der Angebote aus dem ersten Quartal 2016.<\/p>\n<figure id=\"attachment_2893\" aria-describedby=\"caption-attachment-2893\" style=\"width: 600px\" class=\"wp-caption aligncenter\"><img loading=\"lazy\" decoding=\"async\" class=\"wp-image-2893 size-full\" src=\"https:\/\/www.value-marktdaten.de\/wp-content\/uploads\/2016\/04\/WG_Mieten_Sommer_2016-e1460369583840.png\" alt=\"WG_Mieten_Sommer_2016\" width=\"600\" height=\"226\" \/><figcaption id=\"caption-attachment-2893\" class=\"wp-caption-text\">Mieten in Wohngemeinschaften &#8211; Sommersemester 2012 zu 2016 im Vergleich (Quelle: empirica ag auf Basis empirica-systeme Marktdaten)<\/figcaption><\/figure>\n<p><!--more--><\/p>\n<p>Gegen\u00fcber 2012 nochmal fast 100 EUR teurer:\u00a0Zu Beginn des Sommersemesters 2016 war der Standardpreis f\u00fcr ein unm\u00f6bliertes WG-Zimmer mit 530 EUR in M\u00fcnchen am h\u00f6chsten, gefolgt von Frankfurt a.M. (447 EUR) und Stuttgart (430 EUR). Die g\u00fcnstigsten Angebote gab es in Wilhelmshaven (230 EUR) und in Chemnitz (216 EUR). Im Vergleich zum Sommersemester 2012 sind die WG-Zimmer in den teuersten St\u00e4dten damit nochmal fast 100 EUR teurer geworden: M\u00fcnchen (+95 EUR), Frankfurt (+82 EUR) u.nd Stuttgart (+89 EUR).<\/p>\n<p>Hier finden Sie <a href=\"https:\/\/www.empirica-institut.de\/fileadmin\/Redaktion\/Publikationen_Referenzen\/PDFs\/Preisspiegel_WG_Mieten_Sommer_2016.pdf\" target=\"_blank\" rel=\"noopener noreferrer\">mehr Informationen und das Bestellformular<\/a><\/p>\n<p>Sie sind auf der Suche f\u00fcr Wohnungsmarktdaten f\u00fcr Studentisches Wohnen, tempor\u00e4res Wohnen oder Mietappartements? <a href=\"https:\/\/www.value-marktdaten.de\/en\/portfolio\/immobilienmarktdaten\/wohnungsmarktdaten\/\" target=\"_blank\" rel=\"noopener noreferrer\">Unsere Sondersegmente liefern ad\u00e4quate Marktmieten f\u00fcr Ihre Analyse.<\/a><\/p>\n<p>Einen Bericht zum Thema finden Sie auch auf <a href=\"https:\/\/www.sueddeutsche.de\/bildung\/wohnen-in-uni-staedten-ein-wg-zimmer-fuer-mehr-als-euro-1.2936942\" target=\"_blank\" rel=\"noopener noreferrer\">SZ-Online<\/a>, der <a href=\"https:\/\/www.faz.net\/aktuell\/wirtschaft\/immobilien\/der-kampf-um-die-kleine-wohnung-14169845.html\" target=\"_blank\" rel=\"noopener noreferrer\">FAZ <\/a>und <a href=\"https:\/\/www.welt.de\/wirtschaft\/karriere\/bildung\/article154890679\/Wo-kann-man-sich-das-Studium-ueberhaupt-noch-leisten.html\" target=\"_blank\" rel=\"noopener noreferrer\">WELT.<\/a><\/p>\n","protected":false},"excerpt":{"rendered":"<p>empirica Sonderauswertung zum Semesterbeginn:\u00a0Auf Basis von mehr als 100 Tsd. Mietinseraten f\u00fcr WG-Zimmer aus der empirica-systeme Marktdatenbank\u00a0erstellt empirica eine \u00dcbersicht, die halbj\u00e4hrlich aktualisiert wird und Auskunft \u00fcber die Mietpreise im WG-Segment der Unist\u00e4dte gibt. Sie liefert f\u00fcr alle gr\u00f6\u00dferen Hochschulstandorte Deutschlands (\u00fcber 120 St\u00e4dte) Standardpreise (mittlerer 50% Wert) sowie die Preisspanne der Warmmiete eines unm\u00f6blierten&hellip;<\/p>\n","protected":false},"author":2,"featured_media":0,"comment_status":"closed","ping_status":"open","sticky":false,"template":"","format":"standard","meta":{"footnotes":""},"categories":[85,89,87],"tags":[20,43,162,50,133,41,116,164,44,23],"class_list":["post-2892","post","type-post","status-publish","format-standard","hentry","category-empirica-immobilienpreisindex","category-empirica-systeme-immobilienmarktdaten","category-wohnungsmarkt","tag-angebotsmieten","tag-empirica","tag-faz","tag-immobilienmarkt-muenchen","tag-marktmieten","tag-studentenwohnen","tag-sueddeutsche-zeitung","tag-welt","tag-wohngemeinschaften","tag-wohnungsmarktdaten"],"yoast_head":"<!-- This site is optimized with the Yoast SEO plugin v27.5 - https:\/\/yoast.com\/product\/yoast-seo-wordpress\/ -->\n<title>Wohnen in Wohngemeinschaften ist teuer geworden - Value AG the valuation group<\/title>\n<meta name=\"robots\" content=\"index, follow, max-snippet:-1, max-image-preview:large, max-video-preview:-1\" \/>\n<link rel=\"canonical\" href=\"https:\/\/www.value-marktdaten.de\/en\/2016\/04\/11\/wohnen-in-wohngemeinschaften-ist-teuer-geworden\/\" \/>\n<meta property=\"og:locale\" content=\"en_US\" \/>\n<meta property=\"og:type\" content=\"article\" \/>\n<meta property=\"og:title\" content=\"Wohnen in Wohngemeinschaften ist teuer geworden - Value AG the valuation group\" \/>\n<meta property=\"og:description\" content=\"empirica Sonderauswertung zum Semesterbeginn:\u00a0Auf Basis von mehr als 100 Tsd. Mietinseraten f\u00fcr WG-Zimmer aus der empirica-systeme Marktdatenbank\u00a0erstellt empirica eine \u00dcbersicht, die halbj\u00e4hrlich aktualisiert wird und Auskunft \u00fcber die Mietpreise im WG-Segment der Unist\u00e4dte gibt. Sie liefert f\u00fcr alle gr\u00f6\u00dferen Hochschulstandorte Deutschlands (\u00fcber 120 St\u00e4dte) Standardpreise (mittlerer 50% Wert) sowie die Preisspanne der Warmmiete eines unm\u00f6blierten&hellip;\" \/>\n<meta property=\"og:url\" content=\"https:\/\/www.value-marktdaten.de\/en\/2016\/04\/11\/wohnen-in-wohngemeinschaften-ist-teuer-geworden\/\" \/>\n<meta property=\"og:site_name\" content=\"Value AG the valuation group\" \/>\n<meta property=\"article:published_time\" content=\"2016-04-11T10:21:06+00:00\" \/>\n<meta property=\"article:modified_time\" content=\"2021-04-20T21:04:44+00:00\" \/>\n<meta property=\"og:image\" content=\"https:\/\/www.value-marktdaten.de\/wp-content\/uploads\/2016\/04\/WG_Mieten_Sommer_2016-e1460369583840.png\" \/>\n<meta name=\"author\" content=\"Sebastian Hein\" \/>\n<meta name=\"twitter:card\" content=\"summary_large_image\" \/>\n<meta name=\"twitter:creator\" content=\"@empiricaSysteme\" \/>\n<meta name=\"twitter:site\" content=\"@empiricaSysteme\" \/>\n<meta name=\"twitter:label1\" content=\"Written by\" \/>\n\t<meta name=\"twitter:data1\" content=\"Sebastian Hein\" \/>\n\t<meta name=\"twitter:label2\" content=\"Est. reading time\" \/>\n\t<meta name=\"twitter:data2\" content=\"1 minute\" \/>\n<script type=\"application\/ld+json\" class=\"yoast-schema-graph\">{\"@context\":\"https:\\\/\\\/schema.org\",\"@graph\":[{\"@type\":\"Article\",\"@id\":\"https:\\\/\\\/www.value-marktdaten.de\\\/en\\\/2016\\\/04\\\/11\\\/wohnen-in-wohngemeinschaften-ist-teuer-geworden\\\/#article\",\"isPartOf\":{\"@id\":\"https:\\\/\\\/www.value-marktdaten.de\\\/en\\\/2016\\\/04\\\/11\\\/wohnen-in-wohngemeinschaften-ist-teuer-geworden\\\/\"},\"author\":{\"name\":\"Sebastian Hein\",\"@id\":\"https:\\\/\\\/www.value-marktdaten.de\\\/en\\\/#\\\/schema\\\/person\\\/02906812716f6be89d34952959021b7a\"},\"headline\":\"Wohnen in Wohngemeinschaften ist teuer geworden\",\"datePublished\":\"2016-04-11T10:21:06+00:00\",\"dateModified\":\"2021-04-20T21:04:44+00:00\",\"mainEntityOfPage\":{\"@id\":\"https:\\\/\\\/www.value-marktdaten.de\\\/en\\\/2016\\\/04\\\/11\\\/wohnen-in-wohngemeinschaften-ist-teuer-geworden\\\/\"},\"wordCount\":229,\"publisher\":{\"@id\":\"https:\\\/\\\/www.value-marktdaten.de\\\/en\\\/#organization\"},\"image\":{\"@id\":\"https:\\\/\\\/www.value-marktdaten.de\\\/en\\\/2016\\\/04\\\/11\\\/wohnen-in-wohngemeinschaften-ist-teuer-geworden\\\/#primaryimage\"},\"thumbnailUrl\":\"https:\\\/\\\/www.value-marktdaten.de\\\/wp-content\\\/uploads\\\/2016\\\/04\\\/WG_Mieten_Sommer_2016-e1460369583840.png\",\"keywords\":[\"Angebotsmieten\",\"empirica\",\"FAZ\",\"Immobilienmarkt M\u00fcnchen\",\"Marktmieten\",\"Studentenwohnen\",\"S\u00fcddeutsche Zeitung\",\"Welt\",\"Wohngemeinschaften\",\"Wohnungsmarktdaten\"],\"articleSection\":[\"empirica-Immobilienpreisindex\",\"Immobilienmarktdaten\",\"Wohnungsmarkt\"],\"inLanguage\":\"en-US\"},{\"@type\":\"WebPage\",\"@id\":\"https:\\\/\\\/www.value-marktdaten.de\\\/en\\\/2016\\\/04\\\/11\\\/wohnen-in-wohngemeinschaften-ist-teuer-geworden\\\/\",\"url\":\"https:\\\/\\\/www.value-marktdaten.de\\\/en\\\/2016\\\/04\\\/11\\\/wohnen-in-wohngemeinschaften-ist-teuer-geworden\\\/\",\"name\":\"Wohnen in Wohngemeinschaften ist teuer geworden - Value AG the valuation group\",\"isPartOf\":{\"@id\":\"https:\\\/\\\/www.value-marktdaten.de\\\/en\\\/#website\"},\"primaryImageOfPage\":{\"@id\":\"https:\\\/\\\/www.value-marktdaten.de\\\/en\\\/2016\\\/04\\\/11\\\/wohnen-in-wohngemeinschaften-ist-teuer-geworden\\\/#primaryimage\"},\"image\":{\"@id\":\"https:\\\/\\\/www.value-marktdaten.de\\\/en\\\/2016\\\/04\\\/11\\\/wohnen-in-wohngemeinschaften-ist-teuer-geworden\\\/#primaryimage\"},\"thumbnailUrl\":\"https:\\\/\\\/www.value-marktdaten.de\\\/wp-content\\\/uploads\\\/2016\\\/04\\\/WG_Mieten_Sommer_2016-e1460369583840.png\",\"datePublished\":\"2016-04-11T10:21:06+00:00\",\"dateModified\":\"2021-04-20T21:04:44+00:00\",\"breadcrumb\":{\"@id\":\"https:\\\/\\\/www.value-marktdaten.de\\\/en\\\/2016\\\/04\\\/11\\\/wohnen-in-wohngemeinschaften-ist-teuer-geworden\\\/#breadcrumb\"},\"inLanguage\":\"en-US\",\"potentialAction\":[{\"@type\":\"ReadAction\",\"target\":[\"https:\\\/\\\/www.value-marktdaten.de\\\/en\\\/2016\\\/04\\\/11\\\/wohnen-in-wohngemeinschaften-ist-teuer-geworden\\\/\"]}]},{\"@type\":\"ImageObject\",\"inLanguage\":\"en-US\",\"@id\":\"https:\\\/\\\/www.value-marktdaten.de\\\/en\\\/2016\\\/04\\\/11\\\/wohnen-in-wohngemeinschaften-ist-teuer-geworden\\\/#primaryimage\",\"url\":\"https:\\\/\\\/www.value-marktdaten.de\\\/wp-content\\\/uploads\\\/2016\\\/04\\\/WG_Mieten_Sommer_2016-e1460369583840.png\",\"contentUrl\":\"https:\\\/\\\/www.value-marktdaten.de\\\/wp-content\\\/uploads\\\/2016\\\/04\\\/WG_Mieten_Sommer_2016-e1460369583840.png\"},{\"@type\":\"BreadcrumbList\",\"@id\":\"https:\\\/\\\/www.value-marktdaten.de\\\/en\\\/2016\\\/04\\\/11\\\/wohnen-in-wohngemeinschaften-ist-teuer-geworden\\\/#breadcrumb\",\"itemListElement\":[{\"@type\":\"ListItem\",\"position\":1,\"name\":\"Startseite\",\"item\":\"https:\\\/\\\/www.value-marktdaten.de\\\/en\\\/\"},{\"@type\":\"ListItem\",\"position\":2,\"name\":\"Wohnen in Wohngemeinschaften ist teuer geworden\"}]},{\"@type\":\"WebSite\",\"@id\":\"https:\\\/\\\/www.value-marktdaten.de\\\/en\\\/#website\",\"url\":\"https:\\\/\\\/www.value-marktdaten.de\\\/en\\\/\",\"name\":\"Value AG the valuation group\",\"description\":\"Immobilienmarktdaten f\u00fcr Deutschland\",\"publisher\":{\"@id\":\"https:\\\/\\\/www.value-marktdaten.de\\\/en\\\/#organization\"},\"potentialAction\":[{\"@type\":\"SearchAction\",\"target\":{\"@type\":\"EntryPoint\",\"urlTemplate\":\"https:\\\/\\\/www.value-marktdaten.de\\\/en\\\/?s={search_term_string}\"},\"query-input\":{\"@type\":\"PropertyValueSpecification\",\"valueRequired\":true,\"valueName\":\"search_term_string\"}}],\"inLanguage\":\"en-US\"},{\"@type\":\"Organization\",\"@id\":\"https:\\\/\\\/www.value-marktdaten.de\\\/en\\\/#organization\",\"name\":\"Value AG the valuation group\",\"url\":\"https:\\\/\\\/www.value-marktdaten.de\\\/en\\\/\",\"logo\":{\"@type\":\"ImageObject\",\"inLanguage\":\"en-US\",\"@id\":\"https:\\\/\\\/www.value-marktdaten.de\\\/en\\\/#\\\/schema\\\/logo\\\/image\\\/\",\"url\":\"\",\"contentUrl\":\"\",\"caption\":\"Value AG the valuation group\"},\"image\":{\"@id\":\"https:\\\/\\\/www.value-marktdaten.de\\\/en\\\/#\\\/schema\\\/logo\\\/image\\\/\"},\"sameAs\":[\"https:\\\/\\\/x.com\\\/empiricaSysteme\",\"https:\\\/\\\/www.linkedin.com\\\/company\\\/empirica-systeme-gmbh\"]},{\"@type\":\"Person\",\"@id\":\"https:\\\/\\\/www.value-marktdaten.de\\\/en\\\/#\\\/schema\\\/person\\\/02906812716f6be89d34952959021b7a\",\"name\":\"Sebastian Hein\",\"image\":{\"@type\":\"ImageObject\",\"inLanguage\":\"en-US\",\"@id\":\"https:\\\/\\\/secure.gravatar.com\\\/avatar\\\/190c7e8b36fd4b4580e0d4223074c6f628e7f727dc0c703db0a1ad915ca40898?s=96&d=mm&r=g\",\"url\":\"https:\\\/\\\/secure.gravatar.com\\\/avatar\\\/190c7e8b36fd4b4580e0d4223074c6f628e7f727dc0c703db0a1ad915ca40898?s=96&d=mm&r=g\",\"contentUrl\":\"https:\\\/\\\/secure.gravatar.com\\\/avatar\\\/190c7e8b36fd4b4580e0d4223074c6f628e7f727dc0c703db0a1ad915ca40898?s=96&d=mm&r=g\",\"caption\":\"Sebastian Hein\"},\"sameAs\":[\"http:\\\/\\\/www.value-marktdaten.de\"],\"url\":\"https:\\\/\\\/www.value-marktdaten.de\\\/en\\\/author\\\/sebastian-hein\\\/\"}]}<\/script>\n<!-- \/ Yoast SEO plugin. -->","yoast_head_json":{"title":"Wohnen in Wohngemeinschaften ist teuer geworden - Value AG the valuation group","robots":{"index":"index","follow":"follow","max-snippet":"max-snippet:-1","max-image-preview":"max-image-preview:large","max-video-preview":"max-video-preview:-1"},"canonical":"https:\/\/www.value-marktdaten.de\/en\/2016\/04\/11\/wohnen-in-wohngemeinschaften-ist-teuer-geworden\/","og_locale":"en_US","og_type":"article","og_title":"Wohnen in Wohngemeinschaften ist teuer geworden - Value AG the valuation group","og_description":"empirica Sonderauswertung zum Semesterbeginn:\u00a0Auf Basis von mehr als 100 Tsd. Mietinseraten f\u00fcr WG-Zimmer aus der empirica-systeme Marktdatenbank\u00a0erstellt empirica eine \u00dcbersicht, die halbj\u00e4hrlich aktualisiert wird und Auskunft \u00fcber die Mietpreise im WG-Segment der Unist\u00e4dte gibt. Sie liefert f\u00fcr alle gr\u00f6\u00dferen Hochschulstandorte Deutschlands (\u00fcber 120 St\u00e4dte) Standardpreise (mittlerer 50% Wert) sowie die Preisspanne der Warmmiete eines unm\u00f6blierten&hellip;","og_url":"https:\/\/www.value-marktdaten.de\/en\/2016\/04\/11\/wohnen-in-wohngemeinschaften-ist-teuer-geworden\/","og_site_name":"Value AG the valuation group","article_published_time":"2016-04-11T10:21:06+00:00","article_modified_time":"2021-04-20T21:04:44+00:00","og_image":[{"url":"https:\/\/www.value-marktdaten.de\/wp-content\/uploads\/2016\/04\/WG_Mieten_Sommer_2016-e1460369583840.png","type":"","width":"","height":""}],"author":"Sebastian Hein","twitter_card":"summary_large_image","twitter_creator":"@empiricaSysteme","twitter_site":"@empiricaSysteme","twitter_misc":{"Written by":"Sebastian Hein","Est. reading time":"1 minute"},"schema":{"@context":"https:\/\/schema.org","@graph":[{"@type":"Article","@id":"https:\/\/www.value-marktdaten.de\/en\/2016\/04\/11\/wohnen-in-wohngemeinschaften-ist-teuer-geworden\/#article","isPartOf":{"@id":"https:\/\/www.value-marktdaten.de\/en\/2016\/04\/11\/wohnen-in-wohngemeinschaften-ist-teuer-geworden\/"},"author":{"name":"Sebastian Hein","@id":"https:\/\/www.value-marktdaten.de\/en\/#\/schema\/person\/02906812716f6be89d34952959021b7a"},"headline":"Wohnen in Wohngemeinschaften ist teuer geworden","datePublished":"2016-04-11T10:21:06+00:00","dateModified":"2021-04-20T21:04:44+00:00","mainEntityOfPage":{"@id":"https:\/\/www.value-marktdaten.de\/en\/2016\/04\/11\/wohnen-in-wohngemeinschaften-ist-teuer-geworden\/"},"wordCount":229,"publisher":{"@id":"https:\/\/www.value-marktdaten.de\/en\/#organization"},"image":{"@id":"https:\/\/www.value-marktdaten.de\/en\/2016\/04\/11\/wohnen-in-wohngemeinschaften-ist-teuer-geworden\/#primaryimage"},"thumbnailUrl":"https:\/\/www.value-marktdaten.de\/wp-content\/uploads\/2016\/04\/WG_Mieten_Sommer_2016-e1460369583840.png","keywords":["Angebotsmieten","empirica","FAZ","Immobilienmarkt M\u00fcnchen","Marktmieten","Studentenwohnen","S\u00fcddeutsche Zeitung","Welt","Wohngemeinschaften","Wohnungsmarktdaten"],"articleSection":["empirica-Immobilienpreisindex","Immobilienmarktdaten","Wohnungsmarkt"],"inLanguage":"en-US"},{"@type":"WebPage","@id":"https:\/\/www.value-marktdaten.de\/en\/2016\/04\/11\/wohnen-in-wohngemeinschaften-ist-teuer-geworden\/","url":"https:\/\/www.value-marktdaten.de\/en\/2016\/04\/11\/wohnen-in-wohngemeinschaften-ist-teuer-geworden\/","name":"Wohnen in Wohngemeinschaften ist teuer geworden - Value AG the valuation group","isPartOf":{"@id":"https:\/\/www.value-marktdaten.de\/en\/#website"},"primaryImageOfPage":{"@id":"https:\/\/www.value-marktdaten.de\/en\/2016\/04\/11\/wohnen-in-wohngemeinschaften-ist-teuer-geworden\/#primaryimage"},"image":{"@id":"https:\/\/www.value-marktdaten.de\/en\/2016\/04\/11\/wohnen-in-wohngemeinschaften-ist-teuer-geworden\/#primaryimage"},"thumbnailUrl":"https:\/\/www.value-marktdaten.de\/wp-content\/uploads\/2016\/04\/WG_Mieten_Sommer_2016-e1460369583840.png","datePublished":"2016-04-11T10:21:06+00:00","dateModified":"2021-04-20T21:04:44+00:00","breadcrumb":{"@id":"https:\/\/www.value-marktdaten.de\/en\/2016\/04\/11\/wohnen-in-wohngemeinschaften-ist-teuer-geworden\/#breadcrumb"},"inLanguage":"en-US","potentialAction":[{"@type":"ReadAction","target":["https:\/\/www.value-marktdaten.de\/en\/2016\/04\/11\/wohnen-in-wohngemeinschaften-ist-teuer-geworden\/"]}]},{"@type":"ImageObject","inLanguage":"en-US","@id":"https:\/\/www.value-marktdaten.de\/en\/2016\/04\/11\/wohnen-in-wohngemeinschaften-ist-teuer-geworden\/#primaryimage","url":"https:\/\/www.value-marktdaten.de\/wp-content\/uploads\/2016\/04\/WG_Mieten_Sommer_2016-e1460369583840.png","contentUrl":"https:\/\/www.value-marktdaten.de\/wp-content\/uploads\/2016\/04\/WG_Mieten_Sommer_2016-e1460369583840.png"},{"@type":"BreadcrumbList","@id":"https:\/\/www.value-marktdaten.de\/en\/2016\/04\/11\/wohnen-in-wohngemeinschaften-ist-teuer-geworden\/#breadcrumb","itemListElement":[{"@type":"ListItem","position":1,"name":"Startseite","item":"https:\/\/www.value-marktdaten.de\/en\/"},{"@type":"ListItem","position":2,"name":"Wohnen in Wohngemeinschaften ist teuer geworden"}]},{"@type":"WebSite","@id":"https:\/\/www.value-marktdaten.de\/en\/#website","url":"https:\/\/www.value-marktdaten.de\/en\/","name":"Value AG the valuation group","description":"Immobilienmarktdaten f\u00fcr Deutschland","publisher":{"@id":"https:\/\/www.value-marktdaten.de\/en\/#organization"},"potentialAction":[{"@type":"SearchAction","target":{"@type":"EntryPoint","urlTemplate":"https:\/\/www.value-marktdaten.de\/en\/?s={search_term_string}"},"query-input":{"@type":"PropertyValueSpecification","valueRequired":true,"valueName":"search_term_string"}}],"inLanguage":"en-US"},{"@type":"Organization","@id":"https:\/\/www.value-marktdaten.de\/en\/#organization","name":"Value AG the valuation group","url":"https:\/\/www.value-marktdaten.de\/en\/","logo":{"@type":"ImageObject","inLanguage":"en-US","@id":"https:\/\/www.value-marktdaten.de\/en\/#\/schema\/logo\/image\/","url":"","contentUrl":"","caption":"Value AG the valuation group"},"image":{"@id":"https:\/\/www.value-marktdaten.de\/en\/#\/schema\/logo\/image\/"},"sameAs":["https:\/\/x.com\/empiricaSysteme","https:\/\/www.linkedin.com\/company\/empirica-systeme-gmbh"]},{"@type":"Person","@id":"https:\/\/www.value-marktdaten.de\/en\/#\/schema\/person\/02906812716f6be89d34952959021b7a","name":"Sebastian Hein","image":{"@type":"ImageObject","inLanguage":"en-US","@id":"https:\/\/secure.gravatar.com\/avatar\/190c7e8b36fd4b4580e0d4223074c6f628e7f727dc0c703db0a1ad915ca40898?s=96&d=mm&r=g","url":"https:\/\/secure.gravatar.com\/avatar\/190c7e8b36fd4b4580e0d4223074c6f628e7f727dc0c703db0a1ad915ca40898?s=96&d=mm&r=g","contentUrl":"https:\/\/secure.gravatar.com\/avatar\/190c7e8b36fd4b4580e0d4223074c6f628e7f727dc0c703db0a1ad915ca40898?s=96&d=mm&r=g","caption":"Sebastian Hein"},"sameAs":["http:\/\/www.value-marktdaten.de"],"url":"https:\/\/www.value-marktdaten.de\/en\/author\/sebastian-hein\/"}]}},"_links":{"self":[{"href":"https:\/\/www.value-marktdaten.de\/en\/wp-json\/wp\/v2\/posts\/2892","targetHints":{"allow":["GET"]}}],"collection":[{"href":"https:\/\/www.value-marktdaten.de\/en\/wp-json\/wp\/v2\/posts"}],"about":[{"href":"https:\/\/www.value-marktdaten.de\/en\/wp-json\/wp\/v2\/types\/post"}],"author":[{"embeddable":true,"href":"https:\/\/www.value-marktdaten.de\/en\/wp-json\/wp\/v2\/users\/2"}],"replies":[{"embeddable":true,"href":"https:\/\/www.value-marktdaten.de\/en\/wp-json\/wp\/v2\/comments?post=2892"}],"version-history":[{"count":12,"href":"https:\/\/www.value-marktdaten.de\/en\/wp-json\/wp\/v2\/posts\/2892\/revisions"}],"predecessor-version":[{"id":33513,"href":"https:\/\/www.value-marktdaten.de\/en\/wp-json\/wp\/v2\/posts\/2892\/revisions\/33513"}],"wp:attachment":[{"href":"https:\/\/www.value-marktdaten.de\/en\/wp-json\/wp\/v2\/media?parent=2892"}],"wp:term":[{"taxonomy":"category","embeddable":true,"href":"https:\/\/www.value-marktdaten.de\/en\/wp-json\/wp\/v2\/categories?post=2892"},{"taxonomy":"post_tag","embeddable":true,"href":"https:\/\/www.value-marktdaten.de\/en\/wp-json\/wp\/v2\/tags?post=2892"}],"curies":[{"name":"wp","href":"https:\/\/api.w.org\/{rel}","templated":true}]}}