{"id":2684,"date":"2016-02-24T17:09:50","date_gmt":"2016-02-24T16:09:50","guid":{"rendered":"https:\/\/www.empirica-systeme.de\/?p=2684"},"modified":"2021-04-20T23:03:35","modified_gmt":"2021-04-20T21:03:35","slug":"marktmieten-und-mischmaschmarktmieten","status":"publish","type":"post","link":"https:\/\/www.value-marktdaten.de\/en\/2016\/02\/24\/marktmieten-und-mischmaschmarktmieten\/","title":{"rendered":"Marktmieten und Mischmaschmarktmieten"},"content":{"rendered":"<p>Die Marktstatistiken der verschiedener Marktbeobachtungen weichen teils diametral voneinander ab. Dazu ver\u00f6ffentlichte die Zeitung &#8220;Die Welt&#8221; am 22.09.2015 einen <a href=\"https:\/\/www.welt.de\/finanzen\/immobilien\/article146729532\/So-irrefuehrend-sind-die-Daten-auf-dem-Wohnungsmarkt.html\">Beitrag \u00fcber irref\u00fchrende Daten auf dem Wohnungsmarkt<\/a>. Meist liegen Abweichungen in den Daten an unterschiedlichen Erhebungs\u00admethodiken und Daten\u00adgrundlagen. Dies ist nicht weiter bemerkenswert.<\/p>\n<p>Ist die Erhebungs\u00admethodik jedoch \u00e4hnlich, sollten sich keine diametralen Unterschiede in verschiedenen Preis\u00adstatistiken ergeben, sondern h\u00f6chstens geringf\u00fcgige. Dies gilt nicht nur f\u00fcr Kaufpreise, sondern auch f\u00fcr Marktmieten.<\/p>\n<p>Sind die Unterschiede aber dennoch gro\u00df, dann ist der Grund daf\u00fcr in der Daten\u00adaufbereitung und -bereinigung zu suchen. In Bezug auf die Ableitung von Marktmieten sollten z.B. ausschlie\u00dflich markt\u00fcbliche Mieten herangezogen werden, die Daten\u00adgrundlage ist daher entsprechend zu bereinigen: Wohngemeinschaften und zeitlich befristete Mieten f\u00fcr voll\u00ad ausgestattete Wohnungen haben in dieser Mietstatistik nichts verloren, denn sie sind nicht markt\u00fcblich f\u00fcr den Miet\u00adwohnungs\u00admarkt.<\/p>\n<figure id=\"attachment_2685\" aria-describedby=\"caption-attachment-2685\" style=\"width: 600px\" class=\"wp-caption alignleft\"><img loading=\"lazy\" decoding=\"async\" class=\"wp-image-2685 size-full\" src=\"https:\/\/www.value-marktdaten.de\/wp-content\/uploads\/2016\/02\/marktmieten_muenchen-e1455887115370.png\" alt=\"Marktmieten M\u00fcnchen 2012-2016\" width=\"600\" height=\"337\" \/><figcaption id=\"caption-attachment-2685\" class=\"wp-caption-text\">Medianmarktmieten f\u00fcr M\u00fcnchen 2012-2016. Einmal inklusive &#8220;Markt f\u00fcr Wohngemeinschaften&#8221; und einmal exklusive &#8220;Markt f\u00fcr Wohngemeinschaften (markt\u00fcbliche Nettokaltmieten)&#8221;. Quelle: empirica-systeme<\/figcaption><\/figure>\n<p>Am Beispiel M\u00fcnchner Median\u00admieten soll der Unterschied hier nochmal deutlich gemacht werden. Die Abbildung zeigt die Mietentwicklung f\u00fcr M\u00fcnchen nach Halbjahren von 2012 bis 2016, einmal ohne Einbeziehung von Wohn\u00adgemeinschafts\u00admieten und einmal mit Einbeziehung von Wohn\u00adgemeinschafts\u00admieten. Auf den ersten Blick wird ersichtlich, dass die &#8220;normale Marktmiete&#8221; (ohne WGs) deutlich geringer ausf\u00e4llt als die &#8220;Mischmaschmarktmiete&#8221; (mit WGs). Im 2. Halbjahr 2015 ergibt sich f\u00fcr M\u00fcnchen eine Mischmasch\u00admarktmiete (inkl. WGs) von 16 Euro, auf der bereinigten Datenbasis hingegen eine Medianmiete von 14,67 Euro. Dies entspricht einer \u00dcbersch\u00e4tzung von rd. 8%.<!--more--><\/p>\n<p>Die h\u00f6here Mischmaschmarktmiete l\u00e4sst sich auf eine falsche Wohnfl\u00e4chen\u00adberechnung zur\u00fcckf\u00fchren: Ein 10m\u00b2 Zimmer in einer 4er-WG f\u00fcr 300 Euro ergibt eine Quadrat\u00admetermiete von 30 Euro. Rechnet man aber noch 10m\u00b2 Bad, 10m\u00b2 K\u00fcche, 10m\u00b2 Wohnzimmer und 10m\u00b2 Flur mit 1\/4 zu der Fl\u00e4che hinzu, ergibt sich eine Quadratmetermiete von nur noch 15 Euro. Bel\u00e4sst man diese Angaben in der Miet\u00adauswertung unber\u00fccksichtigt, erh\u00f6ht sich die Durchschnitts\u00admiete entsprechend. Das gilt nat\u00fcrlich nicht nur f\u00fcr M\u00fcnchen sondern auch f\u00fcr Frankfurt oder Berlin.<\/p>\n<p>In der empirica-systeme Marktdatenbank werden Wohn\u00adgemein\u00adschaften und zeitlich befristete und voll \u00adausgestattete Miet\u00adwohnungen daher als Sonder\u00adsegment erfasst und tauchen somit nicht im Segment Miet\u00adwohnungen auf. Der Nutzer kann dadurch ohne Vorbereinigung effizient auf die markt\u00fcblichen Mieten zugreifen. Abrufbar bleiben die Sonder\u00adsegmente dennoch, denn in einzelnen F\u00e4llen (z.B. Studenten\u00adwohnen oder Mikro- \/ Service\u00adapartements) sind diese Segmente f\u00fcr Standort- und Preis- und Cashflow\u00adanalysen relevant.<\/p>\n","protected":false},"excerpt":{"rendered":"<p>Die Marktstatistiken der verschiedener Marktbeobachtungen weichen teils diametral voneinander ab. Dazu ver\u00f6ffentlichte die Zeitung &#8220;Die Welt&#8221; am 22.09.2015 einen Beitrag \u00fcber irref\u00fchrende Daten auf dem Wohnungsmarkt. Meist liegen Abweichungen in den Daten an unterschiedlichen Erhebungs\u00admethodiken und Daten\u00adgrundlagen. Dies ist nicht weiter bemerkenswert. Ist die Erhebungs\u00admethodik jedoch \u00e4hnlich, sollten sich keine diametralen Unterschiede in verschiedenen Preis\u00adstatistiken&hellip;<\/p>\n","protected":false},"author":2,"featured_media":0,"comment_status":"closed","ping_status":"open","sticky":false,"template":"","format":"standard","meta":{"footnotes":""},"categories":[90,89,87],"tags":[50,130,6,5,12,133,44],"class_list":["post-2684","post","type-post","status-publish","format-standard","hentry","category-immobilienmarktanalyse","category-empirica-systeme-immobilienmarktdaten","category-wohnungsmarkt","tag-immobilienmarkt-muenchen","tag-immobilienmarktdaten","tag-immobilienmarktdatenbank","tag-immobilienpreisdaten","tag-immobilienpreisdatenbank","tag-marktmieten","tag-wohngemeinschaften"],"yoast_head":"<!-- This site is optimized with the Yoast SEO plugin v27.5 - https:\/\/yoast.com\/product\/yoast-seo-wordpress\/ -->\n<title>Marktmieten und Mischmaschmarktmieten - Value AG the valuation group<\/title>\n<meta name=\"robots\" content=\"index, follow, max-snippet:-1, max-image-preview:large, max-video-preview:-1\" \/>\n<link rel=\"canonical\" href=\"https:\/\/www.value-marktdaten.de\/en\/2016\/02\/24\/marktmieten-und-mischmaschmarktmieten\/\" \/>\n<meta property=\"og:locale\" content=\"en_US\" \/>\n<meta property=\"og:type\" content=\"article\" \/>\n<meta property=\"og:title\" content=\"Marktmieten und Mischmaschmarktmieten - Value AG the valuation group\" \/>\n<meta property=\"og:description\" content=\"Die Marktstatistiken der verschiedener Marktbeobachtungen weichen teils diametral voneinander ab. Dazu ver\u00f6ffentlichte die Zeitung &#8220;Die Welt&#8221; am 22.09.2015 einen Beitrag \u00fcber irref\u00fchrende Daten auf dem Wohnungsmarkt. Meist liegen Abweichungen in den Daten an unterschiedlichen Erhebungs\u00admethodiken und Daten\u00adgrundlagen. Dies ist nicht weiter bemerkenswert. Ist die Erhebungs\u00admethodik jedoch \u00e4hnlich, sollten sich keine diametralen Unterschiede in verschiedenen Preis\u00adstatistiken&hellip;\" \/>\n<meta property=\"og:url\" content=\"https:\/\/www.value-marktdaten.de\/en\/2016\/02\/24\/marktmieten-und-mischmaschmarktmieten\/\" \/>\n<meta property=\"og:site_name\" content=\"Value AG the valuation group\" \/>\n<meta property=\"article:published_time\" content=\"2016-02-24T16:09:50+00:00\" \/>\n<meta property=\"article:modified_time\" content=\"2021-04-20T21:03:35+00:00\" \/>\n<meta property=\"og:image\" content=\"https:\/\/www.value-marktdaten.de\/wp-content\/uploads\/2016\/02\/marktmieten_muenchen-e1455887115370.png\" \/>\n<meta name=\"author\" content=\"Sebastian Hein\" \/>\n<meta name=\"twitter:card\" content=\"summary_large_image\" \/>\n<meta name=\"twitter:creator\" content=\"@empiricaSysteme\" \/>\n<meta name=\"twitter:site\" content=\"@empiricaSysteme\" \/>\n<meta name=\"twitter:label1\" content=\"Written by\" \/>\n\t<meta name=\"twitter:data1\" content=\"Sebastian Hein\" \/>\n\t<meta name=\"twitter:label2\" content=\"Est. reading time\" \/>\n\t<meta name=\"twitter:data2\" content=\"2 minutes\" \/>\n<script type=\"application\/ld+json\" class=\"yoast-schema-graph\">{\"@context\":\"https:\\\/\\\/schema.org\",\"@graph\":[{\"@type\":\"Article\",\"@id\":\"https:\\\/\\\/www.value-marktdaten.de\\\/en\\\/2016\\\/02\\\/24\\\/marktmieten-und-mischmaschmarktmieten\\\/#article\",\"isPartOf\":{\"@id\":\"https:\\\/\\\/www.value-marktdaten.de\\\/en\\\/2016\\\/02\\\/24\\\/marktmieten-und-mischmaschmarktmieten\\\/\"},\"author\":{\"name\":\"Sebastian Hein\",\"@id\":\"https:\\\/\\\/www.value-marktdaten.de\\\/en\\\/#\\\/schema\\\/person\\\/02906812716f6be89d34952959021b7a\"},\"headline\":\"Marktmieten und Mischmaschmarktmieten\",\"datePublished\":\"2016-02-24T16:09:50+00:00\",\"dateModified\":\"2021-04-20T21:03:35+00:00\",\"mainEntityOfPage\":{\"@id\":\"https:\\\/\\\/www.value-marktdaten.de\\\/en\\\/2016\\\/02\\\/24\\\/marktmieten-und-mischmaschmarktmieten\\\/\"},\"wordCount\":447,\"publisher\":{\"@id\":\"https:\\\/\\\/www.value-marktdaten.de\\\/en\\\/#organization\"},\"image\":{\"@id\":\"https:\\\/\\\/www.value-marktdaten.de\\\/en\\\/2016\\\/02\\\/24\\\/marktmieten-und-mischmaschmarktmieten\\\/#primaryimage\"},\"thumbnailUrl\":\"https:\\\/\\\/www.value-marktdaten.de\\\/wp-content\\\/uploads\\\/2016\\\/02\\\/marktmieten_muenchen-e1455887115370.png\",\"keywords\":[\"Immobilienmarkt M\u00fcnchen\",\"Immobilienmarktdaten\",\"Immobilienmarktdatenbank\",\"Immobilienpreisdaten\",\"Immobilienpreisdatenbank\",\"Marktmieten\",\"Wohngemeinschaften\"],\"articleSection\":[\"Immobilienmarktanalyse\",\"Immobilienmarktdaten\",\"Wohnungsmarkt\"],\"inLanguage\":\"en-US\"},{\"@type\":\"WebPage\",\"@id\":\"https:\\\/\\\/www.value-marktdaten.de\\\/en\\\/2016\\\/02\\\/24\\\/marktmieten-und-mischmaschmarktmieten\\\/\",\"url\":\"https:\\\/\\\/www.value-marktdaten.de\\\/en\\\/2016\\\/02\\\/24\\\/marktmieten-und-mischmaschmarktmieten\\\/\",\"name\":\"Marktmieten und Mischmaschmarktmieten - Value AG the valuation group\",\"isPartOf\":{\"@id\":\"https:\\\/\\\/www.value-marktdaten.de\\\/en\\\/#website\"},\"primaryImageOfPage\":{\"@id\":\"https:\\\/\\\/www.value-marktdaten.de\\\/en\\\/2016\\\/02\\\/24\\\/marktmieten-und-mischmaschmarktmieten\\\/#primaryimage\"},\"image\":{\"@id\":\"https:\\\/\\\/www.value-marktdaten.de\\\/en\\\/2016\\\/02\\\/24\\\/marktmieten-und-mischmaschmarktmieten\\\/#primaryimage\"},\"thumbnailUrl\":\"https:\\\/\\\/www.value-marktdaten.de\\\/wp-content\\\/uploads\\\/2016\\\/02\\\/marktmieten_muenchen-e1455887115370.png\",\"datePublished\":\"2016-02-24T16:09:50+00:00\",\"dateModified\":\"2021-04-20T21:03:35+00:00\",\"breadcrumb\":{\"@id\":\"https:\\\/\\\/www.value-marktdaten.de\\\/en\\\/2016\\\/02\\\/24\\\/marktmieten-und-mischmaschmarktmieten\\\/#breadcrumb\"},\"inLanguage\":\"en-US\",\"potentialAction\":[{\"@type\":\"ReadAction\",\"target\":[\"https:\\\/\\\/www.value-marktdaten.de\\\/en\\\/2016\\\/02\\\/24\\\/marktmieten-und-mischmaschmarktmieten\\\/\"]}]},{\"@type\":\"ImageObject\",\"inLanguage\":\"en-US\",\"@id\":\"https:\\\/\\\/www.value-marktdaten.de\\\/en\\\/2016\\\/02\\\/24\\\/marktmieten-und-mischmaschmarktmieten\\\/#primaryimage\",\"url\":\"https:\\\/\\\/www.value-marktdaten.de\\\/wp-content\\\/uploads\\\/2016\\\/02\\\/marktmieten_muenchen-e1455887115370.png\",\"contentUrl\":\"https:\\\/\\\/www.value-marktdaten.de\\\/wp-content\\\/uploads\\\/2016\\\/02\\\/marktmieten_muenchen-e1455887115370.png\"},{\"@type\":\"BreadcrumbList\",\"@id\":\"https:\\\/\\\/www.value-marktdaten.de\\\/en\\\/2016\\\/02\\\/24\\\/marktmieten-und-mischmaschmarktmieten\\\/#breadcrumb\",\"itemListElement\":[{\"@type\":\"ListItem\",\"position\":1,\"name\":\"Startseite\",\"item\":\"https:\\\/\\\/www.value-marktdaten.de\\\/en\\\/\"},{\"@type\":\"ListItem\",\"position\":2,\"name\":\"Marktmieten und Mischmaschmarktmieten\"}]},{\"@type\":\"WebSite\",\"@id\":\"https:\\\/\\\/www.value-marktdaten.de\\\/en\\\/#website\",\"url\":\"https:\\\/\\\/www.value-marktdaten.de\\\/en\\\/\",\"name\":\"Value AG the valuation group\",\"description\":\"Immobilienmarktdaten f\u00fcr Deutschland\",\"publisher\":{\"@id\":\"https:\\\/\\\/www.value-marktdaten.de\\\/en\\\/#organization\"},\"potentialAction\":[{\"@type\":\"SearchAction\",\"target\":{\"@type\":\"EntryPoint\",\"urlTemplate\":\"https:\\\/\\\/www.value-marktdaten.de\\\/en\\\/?s={search_term_string}\"},\"query-input\":{\"@type\":\"PropertyValueSpecification\",\"valueRequired\":true,\"valueName\":\"search_term_string\"}}],\"inLanguage\":\"en-US\"},{\"@type\":\"Organization\",\"@id\":\"https:\\\/\\\/www.value-marktdaten.de\\\/en\\\/#organization\",\"name\":\"Value AG the valuation group\",\"url\":\"https:\\\/\\\/www.value-marktdaten.de\\\/en\\\/\",\"logo\":{\"@type\":\"ImageObject\",\"inLanguage\":\"en-US\",\"@id\":\"https:\\\/\\\/www.value-marktdaten.de\\\/en\\\/#\\\/schema\\\/logo\\\/image\\\/\",\"url\":\"\",\"contentUrl\":\"\",\"caption\":\"Value AG the valuation group\"},\"image\":{\"@id\":\"https:\\\/\\\/www.value-marktdaten.de\\\/en\\\/#\\\/schema\\\/logo\\\/image\\\/\"},\"sameAs\":[\"https:\\\/\\\/x.com\\\/empiricaSysteme\",\"https:\\\/\\\/www.linkedin.com\\\/company\\\/empirica-systeme-gmbh\"]},{\"@type\":\"Person\",\"@id\":\"https:\\\/\\\/www.value-marktdaten.de\\\/en\\\/#\\\/schema\\\/person\\\/02906812716f6be89d34952959021b7a\",\"name\":\"Sebastian Hein\",\"image\":{\"@type\":\"ImageObject\",\"inLanguage\":\"en-US\",\"@id\":\"https:\\\/\\\/secure.gravatar.com\\\/avatar\\\/190c7e8b36fd4b4580e0d4223074c6f628e7f727dc0c703db0a1ad915ca40898?s=96&d=mm&r=g\",\"url\":\"https:\\\/\\\/secure.gravatar.com\\\/avatar\\\/190c7e8b36fd4b4580e0d4223074c6f628e7f727dc0c703db0a1ad915ca40898?s=96&d=mm&r=g\",\"contentUrl\":\"https:\\\/\\\/secure.gravatar.com\\\/avatar\\\/190c7e8b36fd4b4580e0d4223074c6f628e7f727dc0c703db0a1ad915ca40898?s=96&d=mm&r=g\",\"caption\":\"Sebastian Hein\"},\"sameAs\":[\"http:\\\/\\\/www.value-marktdaten.de\"],\"url\":\"https:\\\/\\\/www.value-marktdaten.de\\\/en\\\/author\\\/sebastian-hein\\\/\"}]}<\/script>\n<!-- \/ Yoast SEO plugin. -->","yoast_head_json":{"title":"Marktmieten und Mischmaschmarktmieten - Value AG the valuation group","robots":{"index":"index","follow":"follow","max-snippet":"max-snippet:-1","max-image-preview":"max-image-preview:large","max-video-preview":"max-video-preview:-1"},"canonical":"https:\/\/www.value-marktdaten.de\/en\/2016\/02\/24\/marktmieten-und-mischmaschmarktmieten\/","og_locale":"en_US","og_type":"article","og_title":"Marktmieten und Mischmaschmarktmieten - Value AG the valuation group","og_description":"Die Marktstatistiken der verschiedener Marktbeobachtungen weichen teils diametral voneinander ab. Dazu ver\u00f6ffentlichte die Zeitung &#8220;Die Welt&#8221; am 22.09.2015 einen Beitrag \u00fcber irref\u00fchrende Daten auf dem Wohnungsmarkt. Meist liegen Abweichungen in den Daten an unterschiedlichen Erhebungs\u00admethodiken und Daten\u00adgrundlagen. Dies ist nicht weiter bemerkenswert. Ist die Erhebungs\u00admethodik jedoch \u00e4hnlich, sollten sich keine diametralen Unterschiede in verschiedenen Preis\u00adstatistiken&hellip;","og_url":"https:\/\/www.value-marktdaten.de\/en\/2016\/02\/24\/marktmieten-und-mischmaschmarktmieten\/","og_site_name":"Value AG the valuation group","article_published_time":"2016-02-24T16:09:50+00:00","article_modified_time":"2021-04-20T21:03:35+00:00","og_image":[{"url":"https:\/\/www.value-marktdaten.de\/wp-content\/uploads\/2016\/02\/marktmieten_muenchen-e1455887115370.png","type":"","width":"","height":""}],"author":"Sebastian Hein","twitter_card":"summary_large_image","twitter_creator":"@empiricaSysteme","twitter_site":"@empiricaSysteme","twitter_misc":{"Written by":"Sebastian Hein","Est. reading time":"2 minutes"},"schema":{"@context":"https:\/\/schema.org","@graph":[{"@type":"Article","@id":"https:\/\/www.value-marktdaten.de\/en\/2016\/02\/24\/marktmieten-und-mischmaschmarktmieten\/#article","isPartOf":{"@id":"https:\/\/www.value-marktdaten.de\/en\/2016\/02\/24\/marktmieten-und-mischmaschmarktmieten\/"},"author":{"name":"Sebastian Hein","@id":"https:\/\/www.value-marktdaten.de\/en\/#\/schema\/person\/02906812716f6be89d34952959021b7a"},"headline":"Marktmieten und Mischmaschmarktmieten","datePublished":"2016-02-24T16:09:50+00:00","dateModified":"2021-04-20T21:03:35+00:00","mainEntityOfPage":{"@id":"https:\/\/www.value-marktdaten.de\/en\/2016\/02\/24\/marktmieten-und-mischmaschmarktmieten\/"},"wordCount":447,"publisher":{"@id":"https:\/\/www.value-marktdaten.de\/en\/#organization"},"image":{"@id":"https:\/\/www.value-marktdaten.de\/en\/2016\/02\/24\/marktmieten-und-mischmaschmarktmieten\/#primaryimage"},"thumbnailUrl":"https:\/\/www.value-marktdaten.de\/wp-content\/uploads\/2016\/02\/marktmieten_muenchen-e1455887115370.png","keywords":["Immobilienmarkt M\u00fcnchen","Immobilienmarktdaten","Immobilienmarktdatenbank","Immobilienpreisdaten","Immobilienpreisdatenbank","Marktmieten","Wohngemeinschaften"],"articleSection":["Immobilienmarktanalyse","Immobilienmarktdaten","Wohnungsmarkt"],"inLanguage":"en-US"},{"@type":"WebPage","@id":"https:\/\/www.value-marktdaten.de\/en\/2016\/02\/24\/marktmieten-und-mischmaschmarktmieten\/","url":"https:\/\/www.value-marktdaten.de\/en\/2016\/02\/24\/marktmieten-und-mischmaschmarktmieten\/","name":"Marktmieten und Mischmaschmarktmieten - Value AG the valuation group","isPartOf":{"@id":"https:\/\/www.value-marktdaten.de\/en\/#website"},"primaryImageOfPage":{"@id":"https:\/\/www.value-marktdaten.de\/en\/2016\/02\/24\/marktmieten-und-mischmaschmarktmieten\/#primaryimage"},"image":{"@id":"https:\/\/www.value-marktdaten.de\/en\/2016\/02\/24\/marktmieten-und-mischmaschmarktmieten\/#primaryimage"},"thumbnailUrl":"https:\/\/www.value-marktdaten.de\/wp-content\/uploads\/2016\/02\/marktmieten_muenchen-e1455887115370.png","datePublished":"2016-02-24T16:09:50+00:00","dateModified":"2021-04-20T21:03:35+00:00","breadcrumb":{"@id":"https:\/\/www.value-marktdaten.de\/en\/2016\/02\/24\/marktmieten-und-mischmaschmarktmieten\/#breadcrumb"},"inLanguage":"en-US","potentialAction":[{"@type":"ReadAction","target":["https:\/\/www.value-marktdaten.de\/en\/2016\/02\/24\/marktmieten-und-mischmaschmarktmieten\/"]}]},{"@type":"ImageObject","inLanguage":"en-US","@id":"https:\/\/www.value-marktdaten.de\/en\/2016\/02\/24\/marktmieten-und-mischmaschmarktmieten\/#primaryimage","url":"https:\/\/www.value-marktdaten.de\/wp-content\/uploads\/2016\/02\/marktmieten_muenchen-e1455887115370.png","contentUrl":"https:\/\/www.value-marktdaten.de\/wp-content\/uploads\/2016\/02\/marktmieten_muenchen-e1455887115370.png"},{"@type":"BreadcrumbList","@id":"https:\/\/www.value-marktdaten.de\/en\/2016\/02\/24\/marktmieten-und-mischmaschmarktmieten\/#breadcrumb","itemListElement":[{"@type":"ListItem","position":1,"name":"Startseite","item":"https:\/\/www.value-marktdaten.de\/en\/"},{"@type":"ListItem","position":2,"name":"Marktmieten und Mischmaschmarktmieten"}]},{"@type":"WebSite","@id":"https:\/\/www.value-marktdaten.de\/en\/#website","url":"https:\/\/www.value-marktdaten.de\/en\/","name":"Value AG the valuation group","description":"Immobilienmarktdaten f\u00fcr Deutschland","publisher":{"@id":"https:\/\/www.value-marktdaten.de\/en\/#organization"},"potentialAction":[{"@type":"SearchAction","target":{"@type":"EntryPoint","urlTemplate":"https:\/\/www.value-marktdaten.de\/en\/?s={search_term_string}"},"query-input":{"@type":"PropertyValueSpecification","valueRequired":true,"valueName":"search_term_string"}}],"inLanguage":"en-US"},{"@type":"Organization","@id":"https:\/\/www.value-marktdaten.de\/en\/#organization","name":"Value AG the valuation group","url":"https:\/\/www.value-marktdaten.de\/en\/","logo":{"@type":"ImageObject","inLanguage":"en-US","@id":"https:\/\/www.value-marktdaten.de\/en\/#\/schema\/logo\/image\/","url":"","contentUrl":"","caption":"Value AG the valuation group"},"image":{"@id":"https:\/\/www.value-marktdaten.de\/en\/#\/schema\/logo\/image\/"},"sameAs":["https:\/\/x.com\/empiricaSysteme","https:\/\/www.linkedin.com\/company\/empirica-systeme-gmbh"]},{"@type":"Person","@id":"https:\/\/www.value-marktdaten.de\/en\/#\/schema\/person\/02906812716f6be89d34952959021b7a","name":"Sebastian Hein","image":{"@type":"ImageObject","inLanguage":"en-US","@id":"https:\/\/secure.gravatar.com\/avatar\/190c7e8b36fd4b4580e0d4223074c6f628e7f727dc0c703db0a1ad915ca40898?s=96&d=mm&r=g","url":"https:\/\/secure.gravatar.com\/avatar\/190c7e8b36fd4b4580e0d4223074c6f628e7f727dc0c703db0a1ad915ca40898?s=96&d=mm&r=g","contentUrl":"https:\/\/secure.gravatar.com\/avatar\/190c7e8b36fd4b4580e0d4223074c6f628e7f727dc0c703db0a1ad915ca40898?s=96&d=mm&r=g","caption":"Sebastian Hein"},"sameAs":["http:\/\/www.value-marktdaten.de"],"url":"https:\/\/www.value-marktdaten.de\/en\/author\/sebastian-hein\/"}]}},"_links":{"self":[{"href":"https:\/\/www.value-marktdaten.de\/en\/wp-json\/wp\/v2\/posts\/2684","targetHints":{"allow":["GET"]}}],"collection":[{"href":"https:\/\/www.value-marktdaten.de\/en\/wp-json\/wp\/v2\/posts"}],"about":[{"href":"https:\/\/www.value-marktdaten.de\/en\/wp-json\/wp\/v2\/types\/post"}],"author":[{"embeddable":true,"href":"https:\/\/www.value-marktdaten.de\/en\/wp-json\/wp\/v2\/users\/2"}],"replies":[{"embeddable":true,"href":"https:\/\/www.value-marktdaten.de\/en\/wp-json\/wp\/v2\/comments?post=2684"}],"version-history":[{"count":34,"href":"https:\/\/www.value-marktdaten.de\/en\/wp-json\/wp\/v2\/posts\/2684\/revisions"}],"predecessor-version":[{"id":33497,"href":"https:\/\/www.value-marktdaten.de\/en\/wp-json\/wp\/v2\/posts\/2684\/revisions\/33497"}],"wp:attachment":[{"href":"https:\/\/www.value-marktdaten.de\/en\/wp-json\/wp\/v2\/media?parent=2684"}],"wp:term":[{"taxonomy":"category","embeddable":true,"href":"https:\/\/www.value-marktdaten.de\/en\/wp-json\/wp\/v2\/categories?post=2684"},{"taxonomy":"post_tag","embeddable":true,"href":"https:\/\/www.value-marktdaten.de\/en\/wp-json\/wp\/v2\/tags?post=2684"}],"curies":[{"name":"wp","href":"https:\/\/api.w.org\/{rel}","templated":true}]}}