{"id":2613,"date":"2016-01-27T13:25:59","date_gmt":"2016-01-27T12:25:59","guid":{"rendered":"https:\/\/www.empirica-systeme.de\/?p=2613"},"modified":"2022-03-08T21:54:12","modified_gmt":"2022-03-08T20:54:12","slug":"empirica-blasenindex-2015q4","status":"publish","type":"post","link":"https:\/\/www.value-marktdaten.de\/en\/2016\/01\/27\/empirica-blasenindex-2015q4\/","title":{"rendered":"empirica-Blasenindex 2015q4"},"content":{"rendered":"<p>Der aktuelle empirica-Blasenindex f\u00fcr das vierte Quartal 2015 liegt vor: &#8220;In den Top-7 St\u00e4dten haben die Vervielf\u00e4ltiger und Preis-Einkommens-Relationen bereits betr\u00e4chtlich zugelegt, dennoch signalisiert der Indikator &#8216;Fertigstellungen&#8217; hier Entwarnung. Der Preisanstieg ist ungef\u00e4hrlich, weil diese St\u00e4dte f\u00fcr Auszubildende wie auch f\u00fcr Berufsanf\u00e4nger attraktiv sind und der Zuzug \u00fcberregional aus ganz Deutschland erfolgt.\u00a0Anders sieht es in Regensburg, Bayreuth, Landshut, Trier, Weiden\/OPf. und Coburg aus: dort stehen alle drei Indikatoren auf \u201erot\u201c: Auch diese St\u00e4dte gewinnen durch studentischen Zuzug, Absolventen aber verlassen die Stadt. Weiden und Coburg profitieren zudem nur vom Zuzug aus dem Umland, dieses Potential ist begrenzt.&#8221; hei\u00dft es von Seiten der empirica ag.<\/p>\n<figure id=\"attachment_2614\" aria-describedby=\"caption-attachment-2614\" style=\"width: 600px\" class=\"wp-caption aligncenter\"><img loading=\"lazy\" decoding=\"async\" class=\"wp-image-2614 size-full\" src=\"https:\/\/www.value-marktdaten.de\/wp-content\/uploads\/2016\/01\/empirica-Blasenindex-Q4-2015-e1453892800422.png\" alt=\"empirica-Blasenindex-Q4-2015\" width=\"600\" height=\"268\" \/><figcaption id=\"caption-attachment-2614\" class=\"wp-caption-text\">empirica-Blasenindex Quartal 4-2015, Einzelindizes (Quelle: empirica ag)<\/figcaption><\/figure>\n<p><!--more--><\/p>\n<p>&#8220;Insgesamt wachsen Mieten und Kaufpreise in 199 von 402 Landkreisen\/kreisfreien St\u00e4dten nicht mehr im Gleichklang (Vorquartal 189, vor drei Jahren 99). Allerdings kann bislang nur in 14 Kreisen ein \u00fcberm\u00e4\u00dfiges Neubauvolumen gemessen werden (Vorq. 9, vor drei Jahren 6). Dennoch indiziert der empirica-Blasenindex f\u00fcr 124 Kreise eine hohe Blasengefahr (Vorq. 110, vor drei Jahren 33), hei\u00dft es weiter.<\/p>\n<p>Der Index gibt Hinweise auf drohende Blasenbildung auf den Immobilienm\u00e4rkten und basiert auf Daten der empirica-Preisdatenbank (seit 2012 auf Basis der empirica-systeme Marktdatenbank) von <a href=\"https:\/\/www.destatis.de\/DE\/Startseite.html\" target=\"_blank\" rel=\"noopener noreferrer\">Destatis<\/a>, <a href=\"https:\/\/web.archive.org\/web\/20190814132540\/https:\/\/www.vdpresearch.de\/\" target=\"_blank\" rel=\"noopener noreferrer\">vdp<\/a> und <a href=\"https:\/\/www.bundesbank.de\" target=\"_blank\" rel=\"noopener noreferrer\">Bundesbank<\/a>. Untersucht werden Vervielf\u00e4ltiger (Kaufpreisfaktoren), Preis-Einkommen (Affordability), Wohnungsbaukredite (Kreditvolumen) sowie Fertigstellungen (Angebotsausweitung).<\/p>\n<p>Die Wanderungsbeziehungen nach Quell- und Zielgebieten unterschiedlicher Haushaltstypen werden bei empirica unter dem Begriff <em>Schwarmst\u00e4dte<\/em> untersucht. <a href=\"https:\/\/web.archive.org\/web\/20201127225157\/https:\/\/www.patrizia.ag\/de\/research-presse\/research\/research-publikationen\/\" target=\"_blank\" rel=\"noopener noreferrer\">Eine aktuelle umfassende Studie zu Schwarmst\u00e4dten finden Sie auf den Seiten des GDW.<\/a><\/p>\n<p>Mehr Informationen zum Thema erhalten Sie <a href=\"https:\/\/www.empirica-institut.de\/news\/\" target=\"_blank\" rel=\"noopener noreferrer\">unter den aktuellen Meldungen der empirica ag.<\/a><\/p>\n<p>&nbsp;<\/p>\n","protected":false},"excerpt":{"rendered":"<p>Der aktuelle empirica-Blasenindex f\u00fcr das vierte Quartal 2015 liegt vor: &#8220;In den Top-7 St\u00e4dten haben die Vervielf\u00e4ltiger und Preis-Einkommens-Relationen bereits betr\u00e4chtlich zugelegt, dennoch signalisiert der Indikator &#8216;Fertigstellungen&#8217; hier Entwarnung. Der Preisanstieg ist ungef\u00e4hrlich, weil diese St\u00e4dte f\u00fcr Auszubildende wie auch f\u00fcr Berufsanf\u00e4nger attraktiv sind und der Zuzug \u00fcberregional aus ganz Deutschland erfolgt.\u00a0Anders sieht es in&hellip;<\/p>\n","protected":false},"author":2,"featured_media":0,"comment_status":"closed","ping_status":"open","sticky":false,"template":"","format":"standard","meta":{"footnotes":""},"categories":[90,89,87],"tags":[43,40,130,129,5,126],"class_list":["post-2613","post","type-post","status-publish","format-standard","hentry","category-immobilienmarktanalyse","category-empirica-systeme-immobilienmarktdaten","category-wohnungsmarkt","tag-empirica","tag-immobilienblase","tag-immobilienmarktdaten","tag-immobilienmarktinformation","tag-immobilienpreisdaten","tag-schwarmstaedte"],"yoast_head":"<!-- This site is optimized with the Yoast SEO plugin v27.5 - https:\/\/yoast.com\/product\/yoast-seo-wordpress\/ -->\n<title>empirica-Blasenindex 2015q4 - Value AG the valuation group<\/title>\n<meta name=\"robots\" content=\"index, follow, max-snippet:-1, max-image-preview:large, max-video-preview:-1\" \/>\n<link rel=\"canonical\" href=\"https:\/\/www.value-marktdaten.de\/en\/2016\/01\/27\/empirica-blasenindex-2015q4\/\" \/>\n<meta property=\"og:locale\" content=\"en_US\" \/>\n<meta property=\"og:type\" content=\"article\" \/>\n<meta property=\"og:title\" content=\"empirica-Blasenindex 2015q4 - Value AG the valuation group\" \/>\n<meta property=\"og:description\" content=\"Der aktuelle empirica-Blasenindex f\u00fcr das vierte Quartal 2015 liegt vor: &#8220;In den Top-7 St\u00e4dten haben die Vervielf\u00e4ltiger und Preis-Einkommens-Relationen bereits betr\u00e4chtlich zugelegt, dennoch signalisiert der Indikator &#8216;Fertigstellungen&#8217; hier Entwarnung. Der Preisanstieg ist ungef\u00e4hrlich, weil diese St\u00e4dte f\u00fcr Auszubildende wie auch f\u00fcr Berufsanf\u00e4nger attraktiv sind und der Zuzug \u00fcberregional aus ganz Deutschland erfolgt.\u00a0Anders sieht es in&hellip;\" \/>\n<meta property=\"og:url\" content=\"https:\/\/www.value-marktdaten.de\/en\/2016\/01\/27\/empirica-blasenindex-2015q4\/\" \/>\n<meta property=\"og:site_name\" content=\"Value AG the valuation group\" \/>\n<meta property=\"article:published_time\" content=\"2016-01-27T12:25:59+00:00\" \/>\n<meta property=\"article:modified_time\" content=\"2022-03-08T20:54:12+00:00\" \/>\n<meta property=\"og:image\" content=\"https:\/\/www.value-marktdaten.de\/wp-content\/uploads\/2016\/01\/empirica-Blasenindex-Q4-2015-e1453892800422.png\" \/>\n<meta name=\"author\" content=\"Sebastian Hein\" \/>\n<meta name=\"twitter:card\" content=\"summary_large_image\" \/>\n<meta name=\"twitter:creator\" content=\"@empiricaSysteme\" \/>\n<meta name=\"twitter:site\" content=\"@empiricaSysteme\" \/>\n<meta name=\"twitter:label1\" content=\"Written by\" \/>\n\t<meta name=\"twitter:data1\" content=\"Sebastian Hein\" \/>\n\t<meta name=\"twitter:label2\" content=\"Est. reading time\" \/>\n\t<meta name=\"twitter:data2\" content=\"1 minute\" \/>\n<script type=\"application\/ld+json\" class=\"yoast-schema-graph\">{\"@context\":\"https:\\\/\\\/schema.org\",\"@graph\":[{\"@type\":\"Article\",\"@id\":\"https:\\\/\\\/www.value-marktdaten.de\\\/en\\\/2016\\\/01\\\/27\\\/empirica-blasenindex-2015q4\\\/#article\",\"isPartOf\":{\"@id\":\"https:\\\/\\\/www.value-marktdaten.de\\\/en\\\/2016\\\/01\\\/27\\\/empirica-blasenindex-2015q4\\\/\"},\"author\":{\"name\":\"Sebastian Hein\",\"@id\":\"https:\\\/\\\/www.value-marktdaten.de\\\/en\\\/#\\\/schema\\\/person\\\/02906812716f6be89d34952959021b7a\"},\"headline\":\"empirica-Blasenindex 2015q4\",\"datePublished\":\"2016-01-27T12:25:59+00:00\",\"dateModified\":\"2022-03-08T20:54:12+00:00\",\"mainEntityOfPage\":{\"@id\":\"https:\\\/\\\/www.value-marktdaten.de\\\/en\\\/2016\\\/01\\\/27\\\/empirica-blasenindex-2015q4\\\/\"},\"wordCount\":270,\"publisher\":{\"@id\":\"https:\\\/\\\/www.value-marktdaten.de\\\/en\\\/#organization\"},\"image\":{\"@id\":\"https:\\\/\\\/www.value-marktdaten.de\\\/en\\\/2016\\\/01\\\/27\\\/empirica-blasenindex-2015q4\\\/#primaryimage\"},\"thumbnailUrl\":\"https:\\\/\\\/www.value-marktdaten.de\\\/wp-content\\\/uploads\\\/2016\\\/01\\\/empirica-Blasenindex-Q4-2015-e1453892800422.png\",\"keywords\":[\"empirica\",\"Immobilienblase\",\"Immobilienmarktdaten\",\"Immobilienmarktinformation\",\"Immobilienpreisdaten\",\"Schwarmst\u00e4dte\"],\"articleSection\":[\"Immobilienmarktanalyse\",\"Immobilienmarktdaten\",\"Wohnungsmarkt\"],\"inLanguage\":\"en-US\"},{\"@type\":\"WebPage\",\"@id\":\"https:\\\/\\\/www.value-marktdaten.de\\\/en\\\/2016\\\/01\\\/27\\\/empirica-blasenindex-2015q4\\\/\",\"url\":\"https:\\\/\\\/www.value-marktdaten.de\\\/en\\\/2016\\\/01\\\/27\\\/empirica-blasenindex-2015q4\\\/\",\"name\":\"empirica-Blasenindex 2015q4 - Value AG the valuation group\",\"isPartOf\":{\"@id\":\"https:\\\/\\\/www.value-marktdaten.de\\\/en\\\/#website\"},\"primaryImageOfPage\":{\"@id\":\"https:\\\/\\\/www.value-marktdaten.de\\\/en\\\/2016\\\/01\\\/27\\\/empirica-blasenindex-2015q4\\\/#primaryimage\"},\"image\":{\"@id\":\"https:\\\/\\\/www.value-marktdaten.de\\\/en\\\/2016\\\/01\\\/27\\\/empirica-blasenindex-2015q4\\\/#primaryimage\"},\"thumbnailUrl\":\"https:\\\/\\\/www.value-marktdaten.de\\\/wp-content\\\/uploads\\\/2016\\\/01\\\/empirica-Blasenindex-Q4-2015-e1453892800422.png\",\"datePublished\":\"2016-01-27T12:25:59+00:00\",\"dateModified\":\"2022-03-08T20:54:12+00:00\",\"breadcrumb\":{\"@id\":\"https:\\\/\\\/www.value-marktdaten.de\\\/en\\\/2016\\\/01\\\/27\\\/empirica-blasenindex-2015q4\\\/#breadcrumb\"},\"inLanguage\":\"en-US\",\"potentialAction\":[{\"@type\":\"ReadAction\",\"target\":[\"https:\\\/\\\/www.value-marktdaten.de\\\/en\\\/2016\\\/01\\\/27\\\/empirica-blasenindex-2015q4\\\/\"]}]},{\"@type\":\"ImageObject\",\"inLanguage\":\"en-US\",\"@id\":\"https:\\\/\\\/www.value-marktdaten.de\\\/en\\\/2016\\\/01\\\/27\\\/empirica-blasenindex-2015q4\\\/#primaryimage\",\"url\":\"https:\\\/\\\/www.value-marktdaten.de\\\/wp-content\\\/uploads\\\/2016\\\/01\\\/empirica-Blasenindex-Q4-2015-e1453892800422.png\",\"contentUrl\":\"https:\\\/\\\/www.value-marktdaten.de\\\/wp-content\\\/uploads\\\/2016\\\/01\\\/empirica-Blasenindex-Q4-2015-e1453892800422.png\"},{\"@type\":\"BreadcrumbList\",\"@id\":\"https:\\\/\\\/www.value-marktdaten.de\\\/en\\\/2016\\\/01\\\/27\\\/empirica-blasenindex-2015q4\\\/#breadcrumb\",\"itemListElement\":[{\"@type\":\"ListItem\",\"position\":1,\"name\":\"Startseite\",\"item\":\"https:\\\/\\\/www.value-marktdaten.de\\\/en\\\/\"},{\"@type\":\"ListItem\",\"position\":2,\"name\":\"empirica-Blasenindex 2015q4\"}]},{\"@type\":\"WebSite\",\"@id\":\"https:\\\/\\\/www.value-marktdaten.de\\\/en\\\/#website\",\"url\":\"https:\\\/\\\/www.value-marktdaten.de\\\/en\\\/\",\"name\":\"Value AG the valuation group\",\"description\":\"Immobilienmarktdaten f\u00fcr Deutschland\",\"publisher\":{\"@id\":\"https:\\\/\\\/www.value-marktdaten.de\\\/en\\\/#organization\"},\"potentialAction\":[{\"@type\":\"SearchAction\",\"target\":{\"@type\":\"EntryPoint\",\"urlTemplate\":\"https:\\\/\\\/www.value-marktdaten.de\\\/en\\\/?s={search_term_string}\"},\"query-input\":{\"@type\":\"PropertyValueSpecification\",\"valueRequired\":true,\"valueName\":\"search_term_string\"}}],\"inLanguage\":\"en-US\"},{\"@type\":\"Organization\",\"@id\":\"https:\\\/\\\/www.value-marktdaten.de\\\/en\\\/#organization\",\"name\":\"Value AG the valuation group\",\"url\":\"https:\\\/\\\/www.value-marktdaten.de\\\/en\\\/\",\"logo\":{\"@type\":\"ImageObject\",\"inLanguage\":\"en-US\",\"@id\":\"https:\\\/\\\/www.value-marktdaten.de\\\/en\\\/#\\\/schema\\\/logo\\\/image\\\/\",\"url\":\"\",\"contentUrl\":\"\",\"caption\":\"Value AG the valuation group\"},\"image\":{\"@id\":\"https:\\\/\\\/www.value-marktdaten.de\\\/en\\\/#\\\/schema\\\/logo\\\/image\\\/\"},\"sameAs\":[\"https:\\\/\\\/x.com\\\/empiricaSysteme\",\"https:\\\/\\\/www.linkedin.com\\\/company\\\/empirica-systeme-gmbh\"]},{\"@type\":\"Person\",\"@id\":\"https:\\\/\\\/www.value-marktdaten.de\\\/en\\\/#\\\/schema\\\/person\\\/02906812716f6be89d34952959021b7a\",\"name\":\"Sebastian Hein\",\"image\":{\"@type\":\"ImageObject\",\"inLanguage\":\"en-US\",\"@id\":\"https:\\\/\\\/secure.gravatar.com\\\/avatar\\\/190c7e8b36fd4b4580e0d4223074c6f628e7f727dc0c703db0a1ad915ca40898?s=96&d=mm&r=g\",\"url\":\"https:\\\/\\\/secure.gravatar.com\\\/avatar\\\/190c7e8b36fd4b4580e0d4223074c6f628e7f727dc0c703db0a1ad915ca40898?s=96&d=mm&r=g\",\"contentUrl\":\"https:\\\/\\\/secure.gravatar.com\\\/avatar\\\/190c7e8b36fd4b4580e0d4223074c6f628e7f727dc0c703db0a1ad915ca40898?s=96&d=mm&r=g\",\"caption\":\"Sebastian Hein\"},\"sameAs\":[\"http:\\\/\\\/www.value-marktdaten.de\"],\"url\":\"https:\\\/\\\/www.value-marktdaten.de\\\/en\\\/author\\\/sebastian-hein\\\/\"}]}<\/script>\n<!-- \/ Yoast SEO plugin. -->","yoast_head_json":{"title":"empirica-Blasenindex 2015q4 - Value AG the valuation group","robots":{"index":"index","follow":"follow","max-snippet":"max-snippet:-1","max-image-preview":"max-image-preview:large","max-video-preview":"max-video-preview:-1"},"canonical":"https:\/\/www.value-marktdaten.de\/en\/2016\/01\/27\/empirica-blasenindex-2015q4\/","og_locale":"en_US","og_type":"article","og_title":"empirica-Blasenindex 2015q4 - Value AG the valuation group","og_description":"Der aktuelle empirica-Blasenindex f\u00fcr das vierte Quartal 2015 liegt vor: &#8220;In den Top-7 St\u00e4dten haben die Vervielf\u00e4ltiger und Preis-Einkommens-Relationen bereits betr\u00e4chtlich zugelegt, dennoch signalisiert der Indikator &#8216;Fertigstellungen&#8217; hier Entwarnung. Der Preisanstieg ist ungef\u00e4hrlich, weil diese St\u00e4dte f\u00fcr Auszubildende wie auch f\u00fcr Berufsanf\u00e4nger attraktiv sind und der Zuzug \u00fcberregional aus ganz Deutschland erfolgt.\u00a0Anders sieht es in&hellip;","og_url":"https:\/\/www.value-marktdaten.de\/en\/2016\/01\/27\/empirica-blasenindex-2015q4\/","og_site_name":"Value AG the valuation group","article_published_time":"2016-01-27T12:25:59+00:00","article_modified_time":"2022-03-08T20:54:12+00:00","og_image":[{"url":"https:\/\/www.value-marktdaten.de\/wp-content\/uploads\/2016\/01\/empirica-Blasenindex-Q4-2015-e1453892800422.png","type":"","width":"","height":""}],"author":"Sebastian Hein","twitter_card":"summary_large_image","twitter_creator":"@empiricaSysteme","twitter_site":"@empiricaSysteme","twitter_misc":{"Written by":"Sebastian Hein","Est. reading time":"1 minute"},"schema":{"@context":"https:\/\/schema.org","@graph":[{"@type":"Article","@id":"https:\/\/www.value-marktdaten.de\/en\/2016\/01\/27\/empirica-blasenindex-2015q4\/#article","isPartOf":{"@id":"https:\/\/www.value-marktdaten.de\/en\/2016\/01\/27\/empirica-blasenindex-2015q4\/"},"author":{"name":"Sebastian Hein","@id":"https:\/\/www.value-marktdaten.de\/en\/#\/schema\/person\/02906812716f6be89d34952959021b7a"},"headline":"empirica-Blasenindex 2015q4","datePublished":"2016-01-27T12:25:59+00:00","dateModified":"2022-03-08T20:54:12+00:00","mainEntityOfPage":{"@id":"https:\/\/www.value-marktdaten.de\/en\/2016\/01\/27\/empirica-blasenindex-2015q4\/"},"wordCount":270,"publisher":{"@id":"https:\/\/www.value-marktdaten.de\/en\/#organization"},"image":{"@id":"https:\/\/www.value-marktdaten.de\/en\/2016\/01\/27\/empirica-blasenindex-2015q4\/#primaryimage"},"thumbnailUrl":"https:\/\/www.value-marktdaten.de\/wp-content\/uploads\/2016\/01\/empirica-Blasenindex-Q4-2015-e1453892800422.png","keywords":["empirica","Immobilienblase","Immobilienmarktdaten","Immobilienmarktinformation","Immobilienpreisdaten","Schwarmst\u00e4dte"],"articleSection":["Immobilienmarktanalyse","Immobilienmarktdaten","Wohnungsmarkt"],"inLanguage":"en-US"},{"@type":"WebPage","@id":"https:\/\/www.value-marktdaten.de\/en\/2016\/01\/27\/empirica-blasenindex-2015q4\/","url":"https:\/\/www.value-marktdaten.de\/en\/2016\/01\/27\/empirica-blasenindex-2015q4\/","name":"empirica-Blasenindex 2015q4 - Value AG the valuation group","isPartOf":{"@id":"https:\/\/www.value-marktdaten.de\/en\/#website"},"primaryImageOfPage":{"@id":"https:\/\/www.value-marktdaten.de\/en\/2016\/01\/27\/empirica-blasenindex-2015q4\/#primaryimage"},"image":{"@id":"https:\/\/www.value-marktdaten.de\/en\/2016\/01\/27\/empirica-blasenindex-2015q4\/#primaryimage"},"thumbnailUrl":"https:\/\/www.value-marktdaten.de\/wp-content\/uploads\/2016\/01\/empirica-Blasenindex-Q4-2015-e1453892800422.png","datePublished":"2016-01-27T12:25:59+00:00","dateModified":"2022-03-08T20:54:12+00:00","breadcrumb":{"@id":"https:\/\/www.value-marktdaten.de\/en\/2016\/01\/27\/empirica-blasenindex-2015q4\/#breadcrumb"},"inLanguage":"en-US","potentialAction":[{"@type":"ReadAction","target":["https:\/\/www.value-marktdaten.de\/en\/2016\/01\/27\/empirica-blasenindex-2015q4\/"]}]},{"@type":"ImageObject","inLanguage":"en-US","@id":"https:\/\/www.value-marktdaten.de\/en\/2016\/01\/27\/empirica-blasenindex-2015q4\/#primaryimage","url":"https:\/\/www.value-marktdaten.de\/wp-content\/uploads\/2016\/01\/empirica-Blasenindex-Q4-2015-e1453892800422.png","contentUrl":"https:\/\/www.value-marktdaten.de\/wp-content\/uploads\/2016\/01\/empirica-Blasenindex-Q4-2015-e1453892800422.png"},{"@type":"BreadcrumbList","@id":"https:\/\/www.value-marktdaten.de\/en\/2016\/01\/27\/empirica-blasenindex-2015q4\/#breadcrumb","itemListElement":[{"@type":"ListItem","position":1,"name":"Startseite","item":"https:\/\/www.value-marktdaten.de\/en\/"},{"@type":"ListItem","position":2,"name":"empirica-Blasenindex 2015q4"}]},{"@type":"WebSite","@id":"https:\/\/www.value-marktdaten.de\/en\/#website","url":"https:\/\/www.value-marktdaten.de\/en\/","name":"Value AG the valuation group","description":"Immobilienmarktdaten f\u00fcr Deutschland","publisher":{"@id":"https:\/\/www.value-marktdaten.de\/en\/#organization"},"potentialAction":[{"@type":"SearchAction","target":{"@type":"EntryPoint","urlTemplate":"https:\/\/www.value-marktdaten.de\/en\/?s={search_term_string}"},"query-input":{"@type":"PropertyValueSpecification","valueRequired":true,"valueName":"search_term_string"}}],"inLanguage":"en-US"},{"@type":"Organization","@id":"https:\/\/www.value-marktdaten.de\/en\/#organization","name":"Value AG the valuation group","url":"https:\/\/www.value-marktdaten.de\/en\/","logo":{"@type":"ImageObject","inLanguage":"en-US","@id":"https:\/\/www.value-marktdaten.de\/en\/#\/schema\/logo\/image\/","url":"","contentUrl":"","caption":"Value AG the valuation group"},"image":{"@id":"https:\/\/www.value-marktdaten.de\/en\/#\/schema\/logo\/image\/"},"sameAs":["https:\/\/x.com\/empiricaSysteme","https:\/\/www.linkedin.com\/company\/empirica-systeme-gmbh"]},{"@type":"Person","@id":"https:\/\/www.value-marktdaten.de\/en\/#\/schema\/person\/02906812716f6be89d34952959021b7a","name":"Sebastian Hein","image":{"@type":"ImageObject","inLanguage":"en-US","@id":"https:\/\/secure.gravatar.com\/avatar\/190c7e8b36fd4b4580e0d4223074c6f628e7f727dc0c703db0a1ad915ca40898?s=96&d=mm&r=g","url":"https:\/\/secure.gravatar.com\/avatar\/190c7e8b36fd4b4580e0d4223074c6f628e7f727dc0c703db0a1ad915ca40898?s=96&d=mm&r=g","contentUrl":"https:\/\/secure.gravatar.com\/avatar\/190c7e8b36fd4b4580e0d4223074c6f628e7f727dc0c703db0a1ad915ca40898?s=96&d=mm&r=g","caption":"Sebastian Hein"},"sameAs":["http:\/\/www.value-marktdaten.de"],"url":"https:\/\/www.value-marktdaten.de\/en\/author\/sebastian-hein\/"}]}},"_links":{"self":[{"href":"https:\/\/www.value-marktdaten.de\/en\/wp-json\/wp\/v2\/posts\/2613","targetHints":{"allow":["GET"]}}],"collection":[{"href":"https:\/\/www.value-marktdaten.de\/en\/wp-json\/wp\/v2\/posts"}],"about":[{"href":"https:\/\/www.value-marktdaten.de\/en\/wp-json\/wp\/v2\/types\/post"}],"author":[{"embeddable":true,"href":"https:\/\/www.value-marktdaten.de\/en\/wp-json\/wp\/v2\/users\/2"}],"replies":[{"embeddable":true,"href":"https:\/\/www.value-marktdaten.de\/en\/wp-json\/wp\/v2\/comments?post=2613"}],"version-history":[{"count":9,"href":"https:\/\/www.value-marktdaten.de\/en\/wp-json\/wp\/v2\/posts\/2613\/revisions"}],"predecessor-version":[{"id":42106,"href":"https:\/\/www.value-marktdaten.de\/en\/wp-json\/wp\/v2\/posts\/2613\/revisions\/42106"}],"wp:attachment":[{"href":"https:\/\/www.value-marktdaten.de\/en\/wp-json\/wp\/v2\/media?parent=2613"}],"wp:term":[{"taxonomy":"category","embeddable":true,"href":"https:\/\/www.value-marktdaten.de\/en\/wp-json\/wp\/v2\/categories?post=2613"},{"taxonomy":"post_tag","embeddable":true,"href":"https:\/\/www.value-marktdaten.de\/en\/wp-json\/wp\/v2\/tags?post=2613"}],"curies":[{"name":"wp","href":"https:\/\/api.w.org\/{rel}","templated":true}]}}