{"id":2594,"date":"2016-01-20T11:59:31","date_gmt":"2016-01-20T10:59:31","guid":{"rendered":"https:\/\/www.empirica-systeme.de\/?p=2594"},"modified":"2021-04-20T23:06:36","modified_gmt":"2021-04-20T21:06:36","slug":"mietpreisbremse-fahrkarte-geschossen","status":"publish","type":"post","link":"https:\/\/www.value-marktdaten.de\/en\/2016\/01\/20\/mietpreisbremse-fahrkarte-geschossen\/","title":{"rendered":"Mietpreisbremse: Fahrkarte geschossen?"},"content":{"rendered":"<p>empirica-systeme hat in Kooperation mit empirica ag eine aktuelle Auswertung zur Mietentwicklung in Berlin, Hamburg, M\u00fcnchen, K\u00f6ln und D\u00fcsseldorf durchgef\u00fchrt. Fazit der Kurzanalyse:<strong> Mieten lassen sich (noch) nicht ausbremsen.<\/strong><\/p>\n<figure id=\"attachment_2595\" aria-describedby=\"caption-attachment-2595\" style=\"width: 600px\" class=\"wp-caption aligncenter\"><img loading=\"lazy\" decoding=\"async\" class=\"wp-image-2595 size-full\" src=\"https:\/\/www.value-marktdaten.de\/wp-content\/uploads\/2016\/01\/entwicklung_mietpreise_nach_einf\u00fchrung_der_mietpreisbremse-e1453287161500.png\" alt=\"Entwicklung Mietpreise nach Einf\u00fchrung der Mietpreisbremse\" width=\"600\" height=\"353\" \/><figcaption id=\"caption-attachment-2595\" class=\"wp-caption-text\">Entwicklung Mietpreise in ausgew\u00e4hlten St\u00e4dten im Jahr 2015<\/figcaption><\/figure>\n<p>&#8220;Tats\u00e4chlich sind die Neuvertragsmieten unmittelbar nach Einf\u00fchrung der Mietpreisbremse zun\u00e4chst gesunken (Abbildung). Die anf\u00e4nglich leichten R\u00fcckg\u00e4nge der neuinserierten Mietpreise sind inzwischen aber gr\u00f6\u00dftenteils wieder verpufft, in fast allen deutschen Metropolen haben sich die Mietpreise wieder auf den Weg nach oben gemacht.<!--more--> W\u00e4hrend die Mieten in K\u00f6ln, Hamburg und M\u00fcnchen fast wieder auf dem Niveau des Vormonats ihrer Einf\u00fchrung angekommen sind, liegen sie in D\u00fcsseldorf (+3,5%) und Berlin (+2%) inzwischen sogar dar\u00fcber. Auch wenn gesamtst\u00e4dtische, rein deskriptive Preisauswertungen nicht zwangsl\u00e4ufig Schl\u00fcsse auf die Wirksamkeit der Regulation zulassen, deuten die aktuellen Mietentwicklungen in den betroffenen Segmenten (nur unsanierte Bestandswohnungen) der Met-ropolen eher auf ein \u201eBremsversagen\u201c hin.&#8221; hei\u00dft es in dem Papier.<\/p>\n<p>Weitere Effekte der Mietpreisbremse k\u00f6nnten eine Verknappung des Mietangebotes sein, wie folgende Abbildung vermuten l\u00e4sst.<\/p>\n<figure id=\"attachment_2596\" aria-describedby=\"caption-attachment-2596\" style=\"width: 600px\" class=\"wp-caption aligncenter\"><img loading=\"lazy\" decoding=\"async\" class=\"wp-image-2596 size-full\" src=\"https:\/\/www.value-marktdaten.de\/wp-content\/uploads\/2016\/01\/Entwicklung-der-Mietangebote-nach-Einf\u00fchrung-der-Mietpreisbremse-e1453287397891.png\" alt=\"Entwicklung der Mietangebote nach Einf\u00fchrung der Mietpreisbremse\" width=\"600\" height=\"320\" \/><figcaption id=\"caption-attachment-2596\" class=\"wp-caption-text\">Entwicklung der Kauf- und Mietinserate in Berlin<\/figcaption><\/figure>\n<p><a href=\"https:\/\/web.archive.org\/web\/20161019155635\/https:\/\/www.empirica-institut.de\/fileadmin\/Redaktion\/Publikationen_Referenzen\/PDFs\/empi232ltsh.pdf\" target=\"_blank\" rel=\"noopener noreferrer\">Hier geht es zum empirica-Paper &#8220;Mietpreisbremse: Fahrkarte geschossen? Effekte der Mietpreisbremse in ausgew\u00e4hlten St\u00e4dten&#8221;<\/a><\/p>\n<p><a href=\"https:\/\/www.empirica-institut.de\/news\/\" target=\"_blank\" rel=\"noopener noreferrer\">Hier geht es zur Pressemeldung von empirica.<\/a><\/p>\n<p>Pressemeldungen \u00fcber die Kurzstudie Studie finden Sie u.a. auf <a href=\"https:\/\/www.wiwo.de\/finanzen\/immobilien\/immobilien-studie-die-mietpreisbremse-wird-zum-rohrkrepierer\/12855610.html\" target=\"_blank\" rel=\"noopener noreferrer\">Wirtschaftswoche<\/a> und <a href=\"https:\/\/www.immobilien-zeitung.de\/1000030210\/empirica-mietpreisbremse-greift-nicht\" target=\"_blank\" rel=\"noopener noreferrer\">Immobilienzeitung<\/a><\/p>\n<p>&nbsp;<\/p>\n","protected":false},"excerpt":{"rendered":"<p>empirica-systeme hat in Kooperation mit empirica ag eine aktuelle Auswertung zur Mietentwicklung in Berlin, Hamburg, M\u00fcnchen, K\u00f6ln und D\u00fcsseldorf durchgef\u00fchrt. Fazit der Kurzanalyse: Mieten lassen sich (noch) nicht ausbremsen. &#8220;Tats\u00e4chlich sind die Neuvertragsmieten unmittelbar nach Einf\u00fchrung der Mietpreisbremse zun\u00e4chst gesunken (Abbildung). Die anf\u00e4nglich leichten R\u00fcckg\u00e4nge der neuinserierten Mietpreise sind inzwischen aber gr\u00f6\u00dftenteils wieder verpufft, in&hellip;<\/p>\n","protected":false},"author":2,"featured_media":0,"comment_status":"closed","ping_status":"open","sticky":false,"template":"","format":"standard","meta":{"footnotes":""},"categories":[90,87],"tags":[43,38,36,49,35,50,124,66,109],"class_list":["post-2594","post","type-post","status-publish","format-standard","hentry","category-immobilienmarktanalyse","category-wohnungsmarkt","tag-empirica","tag-immobilienmarkt-berlin","tag-immobilienmarkt-duesseldorf","tag-immobilienmarkt-hamburg","tag-immobilienmarkt-koeln","tag-immobilienmarkt-muenchen","tag-immobilienzeitung","tag-mietpreisbremse","tag-wirtschaftswoche"],"yoast_head":"<!-- This site is optimized with the Yoast SEO plugin v27.5 - https:\/\/yoast.com\/product\/yoast-seo-wordpress\/ -->\n<title>Mietpreisbremse: Fahrkarte geschossen? - Value AG the valuation group<\/title>\n<meta name=\"robots\" content=\"index, follow, max-snippet:-1, max-image-preview:large, max-video-preview:-1\" \/>\n<link rel=\"canonical\" href=\"https:\/\/www.value-marktdaten.de\/en\/2016\/01\/20\/mietpreisbremse-fahrkarte-geschossen\/\" \/>\n<meta property=\"og:locale\" content=\"en_US\" \/>\n<meta property=\"og:type\" content=\"article\" \/>\n<meta property=\"og:title\" content=\"Mietpreisbremse: Fahrkarte geschossen? - Value AG the valuation group\" \/>\n<meta property=\"og:description\" content=\"empirica-systeme hat in Kooperation mit empirica ag eine aktuelle Auswertung zur Mietentwicklung in Berlin, Hamburg, M\u00fcnchen, K\u00f6ln und D\u00fcsseldorf durchgef\u00fchrt. Fazit der Kurzanalyse: Mieten lassen sich (noch) nicht ausbremsen. &#8220;Tats\u00e4chlich sind die Neuvertragsmieten unmittelbar nach Einf\u00fchrung der Mietpreisbremse zun\u00e4chst gesunken (Abbildung). Die anf\u00e4nglich leichten R\u00fcckg\u00e4nge der neuinserierten Mietpreise sind inzwischen aber gr\u00f6\u00dftenteils wieder verpufft, in&hellip;\" \/>\n<meta property=\"og:url\" content=\"https:\/\/www.value-marktdaten.de\/en\/2016\/01\/20\/mietpreisbremse-fahrkarte-geschossen\/\" \/>\n<meta property=\"og:site_name\" content=\"Value AG the valuation group\" \/>\n<meta property=\"article:published_time\" content=\"2016-01-20T10:59:31+00:00\" \/>\n<meta property=\"article:modified_time\" content=\"2021-04-20T21:06:36+00:00\" \/>\n<meta property=\"og:image\" content=\"https:\/\/www.value-marktdaten.de\/wp-content\/uploads\/2016\/01\/entwicklung_mietpreise_nach_einf\u00fchrung_der_mietpreisbremse-e1453287161500.png\" \/>\n<meta name=\"author\" content=\"Sebastian Hein\" \/>\n<meta name=\"twitter:card\" content=\"summary_large_image\" \/>\n<meta name=\"twitter:creator\" content=\"@empiricaSysteme\" \/>\n<meta name=\"twitter:site\" content=\"@empiricaSysteme\" \/>\n<meta name=\"twitter:label1\" content=\"Written by\" \/>\n\t<meta name=\"twitter:data1\" content=\"Sebastian Hein\" \/>\n\t<meta name=\"twitter:label2\" content=\"Est. reading time\" \/>\n\t<meta name=\"twitter:data2\" content=\"1 minute\" \/>\n<script type=\"application\/ld+json\" class=\"yoast-schema-graph\">{\"@context\":\"https:\\\/\\\/schema.org\",\"@graph\":[{\"@type\":\"Article\",\"@id\":\"https:\\\/\\\/www.value-marktdaten.de\\\/en\\\/2016\\\/01\\\/20\\\/mietpreisbremse-fahrkarte-geschossen\\\/#article\",\"isPartOf\":{\"@id\":\"https:\\\/\\\/www.value-marktdaten.de\\\/en\\\/2016\\\/01\\\/20\\\/mietpreisbremse-fahrkarte-geschossen\\\/\"},\"author\":{\"name\":\"Sebastian Hein\",\"@id\":\"https:\\\/\\\/www.value-marktdaten.de\\\/en\\\/#\\\/schema\\\/person\\\/02906812716f6be89d34952959021b7a\"},\"headline\":\"Mietpreisbremse: Fahrkarte geschossen?\",\"datePublished\":\"2016-01-20T10:59:31+00:00\",\"dateModified\":\"2021-04-20T21:06:36+00:00\",\"mainEntityOfPage\":{\"@id\":\"https:\\\/\\\/www.value-marktdaten.de\\\/en\\\/2016\\\/01\\\/20\\\/mietpreisbremse-fahrkarte-geschossen\\\/\"},\"wordCount\":244,\"publisher\":{\"@id\":\"https:\\\/\\\/www.value-marktdaten.de\\\/en\\\/#organization\"},\"keywords\":[\"empirica\",\"Immobilienmarkt Berlin\",\"Immobilienmarkt D\u00fcsseldorf\",\"Immobilienmarkt Hamburg\",\"Immobilienmarkt K\u00f6ln\",\"Immobilienmarkt M\u00fcnchen\",\"Immobilienzeitung\",\"Mietpreisbremse\",\"Wirtschaftswoche\"],\"articleSection\":[\"Immobilienmarktanalyse\",\"Wohnungsmarkt\"],\"inLanguage\":\"en-US\"},{\"@type\":\"WebPage\",\"@id\":\"https:\\\/\\\/www.value-marktdaten.de\\\/en\\\/2016\\\/01\\\/20\\\/mietpreisbremse-fahrkarte-geschossen\\\/\",\"url\":\"https:\\\/\\\/www.value-marktdaten.de\\\/en\\\/2016\\\/01\\\/20\\\/mietpreisbremse-fahrkarte-geschossen\\\/\",\"name\":\"Mietpreisbremse: Fahrkarte geschossen? - Value AG the valuation group\",\"isPartOf\":{\"@id\":\"https:\\\/\\\/www.value-marktdaten.de\\\/en\\\/#website\"},\"datePublished\":\"2016-01-20T10:59:31+00:00\",\"dateModified\":\"2021-04-20T21:06:36+00:00\",\"breadcrumb\":{\"@id\":\"https:\\\/\\\/www.value-marktdaten.de\\\/en\\\/2016\\\/01\\\/20\\\/mietpreisbremse-fahrkarte-geschossen\\\/#breadcrumb\"},\"inLanguage\":\"en-US\",\"potentialAction\":[{\"@type\":\"ReadAction\",\"target\":[\"https:\\\/\\\/www.value-marktdaten.de\\\/en\\\/2016\\\/01\\\/20\\\/mietpreisbremse-fahrkarte-geschossen\\\/\"]}]},{\"@type\":\"BreadcrumbList\",\"@id\":\"https:\\\/\\\/www.value-marktdaten.de\\\/en\\\/2016\\\/01\\\/20\\\/mietpreisbremse-fahrkarte-geschossen\\\/#breadcrumb\",\"itemListElement\":[{\"@type\":\"ListItem\",\"position\":1,\"name\":\"Startseite\",\"item\":\"https:\\\/\\\/www.value-marktdaten.de\\\/en\\\/\"},{\"@type\":\"ListItem\",\"position\":2,\"name\":\"Mietpreisbremse: Fahrkarte geschossen?\"}]},{\"@type\":\"WebSite\",\"@id\":\"https:\\\/\\\/www.value-marktdaten.de\\\/en\\\/#website\",\"url\":\"https:\\\/\\\/www.value-marktdaten.de\\\/en\\\/\",\"name\":\"Value AG the valuation group\",\"description\":\"Immobilienmarktdaten f\u00fcr Deutschland\",\"publisher\":{\"@id\":\"https:\\\/\\\/www.value-marktdaten.de\\\/en\\\/#organization\"},\"potentialAction\":[{\"@type\":\"SearchAction\",\"target\":{\"@type\":\"EntryPoint\",\"urlTemplate\":\"https:\\\/\\\/www.value-marktdaten.de\\\/en\\\/?s={search_term_string}\"},\"query-input\":{\"@type\":\"PropertyValueSpecification\",\"valueRequired\":true,\"valueName\":\"search_term_string\"}}],\"inLanguage\":\"en-US\"},{\"@type\":\"Organization\",\"@id\":\"https:\\\/\\\/www.value-marktdaten.de\\\/en\\\/#organization\",\"name\":\"Value AG the valuation group\",\"url\":\"https:\\\/\\\/www.value-marktdaten.de\\\/en\\\/\",\"logo\":{\"@type\":\"ImageObject\",\"inLanguage\":\"en-US\",\"@id\":\"https:\\\/\\\/www.value-marktdaten.de\\\/en\\\/#\\\/schema\\\/logo\\\/image\\\/\",\"url\":\"\",\"contentUrl\":\"\",\"caption\":\"Value AG the valuation group\"},\"image\":{\"@id\":\"https:\\\/\\\/www.value-marktdaten.de\\\/en\\\/#\\\/schema\\\/logo\\\/image\\\/\"},\"sameAs\":[\"https:\\\/\\\/x.com\\\/empiricaSysteme\",\"https:\\\/\\\/www.linkedin.com\\\/company\\\/empirica-systeme-gmbh\"]},{\"@type\":\"Person\",\"@id\":\"https:\\\/\\\/www.value-marktdaten.de\\\/en\\\/#\\\/schema\\\/person\\\/02906812716f6be89d34952959021b7a\",\"name\":\"Sebastian Hein\",\"image\":{\"@type\":\"ImageObject\",\"inLanguage\":\"en-US\",\"@id\":\"https:\\\/\\\/secure.gravatar.com\\\/avatar\\\/190c7e8b36fd4b4580e0d4223074c6f628e7f727dc0c703db0a1ad915ca40898?s=96&d=mm&r=g\",\"url\":\"https:\\\/\\\/secure.gravatar.com\\\/avatar\\\/190c7e8b36fd4b4580e0d4223074c6f628e7f727dc0c703db0a1ad915ca40898?s=96&d=mm&r=g\",\"contentUrl\":\"https:\\\/\\\/secure.gravatar.com\\\/avatar\\\/190c7e8b36fd4b4580e0d4223074c6f628e7f727dc0c703db0a1ad915ca40898?s=96&d=mm&r=g\",\"caption\":\"Sebastian Hein\"},\"sameAs\":[\"http:\\\/\\\/www.value-marktdaten.de\"],\"url\":\"https:\\\/\\\/www.value-marktdaten.de\\\/en\\\/author\\\/sebastian-hein\\\/\"}]}<\/script>\n<!-- \/ Yoast SEO plugin. -->","yoast_head_json":{"title":"Mietpreisbremse: Fahrkarte geschossen? - Value AG the valuation group","robots":{"index":"index","follow":"follow","max-snippet":"max-snippet:-1","max-image-preview":"max-image-preview:large","max-video-preview":"max-video-preview:-1"},"canonical":"https:\/\/www.value-marktdaten.de\/en\/2016\/01\/20\/mietpreisbremse-fahrkarte-geschossen\/","og_locale":"en_US","og_type":"article","og_title":"Mietpreisbremse: Fahrkarte geschossen? - Value AG the valuation group","og_description":"empirica-systeme hat in Kooperation mit empirica ag eine aktuelle Auswertung zur Mietentwicklung in Berlin, Hamburg, M\u00fcnchen, K\u00f6ln und D\u00fcsseldorf durchgef\u00fchrt. Fazit der Kurzanalyse: Mieten lassen sich (noch) nicht ausbremsen. &#8220;Tats\u00e4chlich sind die Neuvertragsmieten unmittelbar nach Einf\u00fchrung der Mietpreisbremse zun\u00e4chst gesunken (Abbildung). Die anf\u00e4nglich leichten R\u00fcckg\u00e4nge der neuinserierten Mietpreise sind inzwischen aber gr\u00f6\u00dftenteils wieder verpufft, in&hellip;","og_url":"https:\/\/www.value-marktdaten.de\/en\/2016\/01\/20\/mietpreisbremse-fahrkarte-geschossen\/","og_site_name":"Value AG the valuation group","article_published_time":"2016-01-20T10:59:31+00:00","article_modified_time":"2021-04-20T21:06:36+00:00","og_image":[{"url":"https:\/\/www.value-marktdaten.de\/wp-content\/uploads\/2016\/01\/entwicklung_mietpreise_nach_einf\u00fchrung_der_mietpreisbremse-e1453287161500.png","type":"","width":"","height":""}],"author":"Sebastian Hein","twitter_card":"summary_large_image","twitter_creator":"@empiricaSysteme","twitter_site":"@empiricaSysteme","twitter_misc":{"Written by":"Sebastian Hein","Est. reading time":"1 minute"},"schema":{"@context":"https:\/\/schema.org","@graph":[{"@type":"Article","@id":"https:\/\/www.value-marktdaten.de\/en\/2016\/01\/20\/mietpreisbremse-fahrkarte-geschossen\/#article","isPartOf":{"@id":"https:\/\/www.value-marktdaten.de\/en\/2016\/01\/20\/mietpreisbremse-fahrkarte-geschossen\/"},"author":{"name":"Sebastian Hein","@id":"https:\/\/www.value-marktdaten.de\/en\/#\/schema\/person\/02906812716f6be89d34952959021b7a"},"headline":"Mietpreisbremse: Fahrkarte geschossen?","datePublished":"2016-01-20T10:59:31+00:00","dateModified":"2021-04-20T21:06:36+00:00","mainEntityOfPage":{"@id":"https:\/\/www.value-marktdaten.de\/en\/2016\/01\/20\/mietpreisbremse-fahrkarte-geschossen\/"},"wordCount":244,"publisher":{"@id":"https:\/\/www.value-marktdaten.de\/en\/#organization"},"keywords":["empirica","Immobilienmarkt Berlin","Immobilienmarkt D\u00fcsseldorf","Immobilienmarkt Hamburg","Immobilienmarkt K\u00f6ln","Immobilienmarkt M\u00fcnchen","Immobilienzeitung","Mietpreisbremse","Wirtschaftswoche"],"articleSection":["Immobilienmarktanalyse","Wohnungsmarkt"],"inLanguage":"en-US"},{"@type":"WebPage","@id":"https:\/\/www.value-marktdaten.de\/en\/2016\/01\/20\/mietpreisbremse-fahrkarte-geschossen\/","url":"https:\/\/www.value-marktdaten.de\/en\/2016\/01\/20\/mietpreisbremse-fahrkarte-geschossen\/","name":"Mietpreisbremse: Fahrkarte geschossen? - Value AG the valuation group","isPartOf":{"@id":"https:\/\/www.value-marktdaten.de\/en\/#website"},"datePublished":"2016-01-20T10:59:31+00:00","dateModified":"2021-04-20T21:06:36+00:00","breadcrumb":{"@id":"https:\/\/www.value-marktdaten.de\/en\/2016\/01\/20\/mietpreisbremse-fahrkarte-geschossen\/#breadcrumb"},"inLanguage":"en-US","potentialAction":[{"@type":"ReadAction","target":["https:\/\/www.value-marktdaten.de\/en\/2016\/01\/20\/mietpreisbremse-fahrkarte-geschossen\/"]}]},{"@type":"BreadcrumbList","@id":"https:\/\/www.value-marktdaten.de\/en\/2016\/01\/20\/mietpreisbremse-fahrkarte-geschossen\/#breadcrumb","itemListElement":[{"@type":"ListItem","position":1,"name":"Startseite","item":"https:\/\/www.value-marktdaten.de\/en\/"},{"@type":"ListItem","position":2,"name":"Mietpreisbremse: Fahrkarte geschossen?"}]},{"@type":"WebSite","@id":"https:\/\/www.value-marktdaten.de\/en\/#website","url":"https:\/\/www.value-marktdaten.de\/en\/","name":"Value AG the valuation group","description":"Immobilienmarktdaten f\u00fcr Deutschland","publisher":{"@id":"https:\/\/www.value-marktdaten.de\/en\/#organization"},"potentialAction":[{"@type":"SearchAction","target":{"@type":"EntryPoint","urlTemplate":"https:\/\/www.value-marktdaten.de\/en\/?s={search_term_string}"},"query-input":{"@type":"PropertyValueSpecification","valueRequired":true,"valueName":"search_term_string"}}],"inLanguage":"en-US"},{"@type":"Organization","@id":"https:\/\/www.value-marktdaten.de\/en\/#organization","name":"Value AG the valuation group","url":"https:\/\/www.value-marktdaten.de\/en\/","logo":{"@type":"ImageObject","inLanguage":"en-US","@id":"https:\/\/www.value-marktdaten.de\/en\/#\/schema\/logo\/image\/","url":"","contentUrl":"","caption":"Value AG the valuation group"},"image":{"@id":"https:\/\/www.value-marktdaten.de\/en\/#\/schema\/logo\/image\/"},"sameAs":["https:\/\/x.com\/empiricaSysteme","https:\/\/www.linkedin.com\/company\/empirica-systeme-gmbh"]},{"@type":"Person","@id":"https:\/\/www.value-marktdaten.de\/en\/#\/schema\/person\/02906812716f6be89d34952959021b7a","name":"Sebastian Hein","image":{"@type":"ImageObject","inLanguage":"en-US","@id":"https:\/\/secure.gravatar.com\/avatar\/190c7e8b36fd4b4580e0d4223074c6f628e7f727dc0c703db0a1ad915ca40898?s=96&d=mm&r=g","url":"https:\/\/secure.gravatar.com\/avatar\/190c7e8b36fd4b4580e0d4223074c6f628e7f727dc0c703db0a1ad915ca40898?s=96&d=mm&r=g","contentUrl":"https:\/\/secure.gravatar.com\/avatar\/190c7e8b36fd4b4580e0d4223074c6f628e7f727dc0c703db0a1ad915ca40898?s=96&d=mm&r=g","caption":"Sebastian Hein"},"sameAs":["http:\/\/www.value-marktdaten.de"],"url":"https:\/\/www.value-marktdaten.de\/en\/author\/sebastian-hein\/"}]}},"_links":{"self":[{"href":"https:\/\/www.value-marktdaten.de\/en\/wp-json\/wp\/v2\/posts\/2594","targetHints":{"allow":["GET"]}}],"collection":[{"href":"https:\/\/www.value-marktdaten.de\/en\/wp-json\/wp\/v2\/posts"}],"about":[{"href":"https:\/\/www.value-marktdaten.de\/en\/wp-json\/wp\/v2\/types\/post"}],"author":[{"embeddable":true,"href":"https:\/\/www.value-marktdaten.de\/en\/wp-json\/wp\/v2\/users\/2"}],"replies":[{"embeddable":true,"href":"https:\/\/www.value-marktdaten.de\/en\/wp-json\/wp\/v2\/comments?post=2594"}],"version-history":[{"count":11,"href":"https:\/\/www.value-marktdaten.de\/en\/wp-json\/wp\/v2\/posts\/2594\/revisions"}],"predecessor-version":[{"id":33572,"href":"https:\/\/www.value-marktdaten.de\/en\/wp-json\/wp\/v2\/posts\/2594\/revisions\/33572"}],"wp:attachment":[{"href":"https:\/\/www.value-marktdaten.de\/en\/wp-json\/wp\/v2\/media?parent=2594"}],"wp:term":[{"taxonomy":"category","embeddable":true,"href":"https:\/\/www.value-marktdaten.de\/en\/wp-json\/wp\/v2\/categories?post=2594"},{"taxonomy":"post_tag","embeddable":true,"href":"https:\/\/www.value-marktdaten.de\/en\/wp-json\/wp\/v2\/tags?post=2594"}],"curies":[{"name":"wp","href":"https:\/\/api.w.org\/{rel}","templated":true}]}}