{"id":2585,"date":"2016-01-12T11:18:43","date_gmt":"2016-01-12T10:18:43","guid":{"rendered":"https:\/\/www.empirica-systeme.de\/?p=2585"},"modified":"2022-12-23T09:21:22","modified_gmt":"2022-12-23T08:21:22","slug":"empirica-immobilienpreisindex-iv2015","status":"publish","type":"post","link":"https:\/\/www.value-marktdaten.de\/en\/2016\/01\/12\/empirica-immobilienpreisindex-iv2015\/","title":{"rendered":"empirica-Immobilien\u00adpreisindex IV\/2015"},"content":{"rendered":"<p>Der aktuelle empirica-Preisindex f\u00fcr das vierte Quartal 2016 liegt vor.<\/p>\n<p>&#8220;Die inserierten Preise f\u00fcr Eigentumswohnungen (ETW) haben im Jahr 2015 kontinuierlich zugelegt, insgesamt um 14,5% \u2013 so viel wie noch nie innerhalb eines einzigen Jahres seit der Jahrhundertwende&#8221;, hei\u00dft es von Seiten der empirica ag.<\/p>\n<figure id=\"attachment_2586\" aria-describedby=\"caption-attachment-2586\" style=\"width: 600px\" class=\"wp-caption aligncenter\"><img loading=\"lazy\" decoding=\"async\" class=\"wp-image-2586 size-full\" src=\"https:\/\/www.value-marktdaten.de\/wp-content\/uploads\/2016\/01\/top_7_preis_und_mietentwicklung_q4_2014-e1452529615412.png\" alt=\"top_7_preis_und_mietentwicklung_q4_2014\" width=\"600\" height=\"210\" \/><figcaption id=\"caption-attachment-2586\" class=\"wp-caption-text\">Miet- und Preisentwicklung (Jahresvergleich) in den Top-7 (HH, D, K, F, S, M, B) seit 2004. Quelle: empirica ag<\/figcaption><\/figure>\n<p>Die Kumulation aus deutscher Landflucht und ausl\u00e4ndischer Zuwanderung auf der Nachfrageseite sowie Renditenotstand und Billigzinsen auf der Angebotsseite verz\u00f6gern den \u201enormalen\u201c Ablauf des Wohnungsmarktzyklus. \u00dcberzogene Neubauprognosen f\u00fcr Fl\u00fcchtlinge und Nachfrageverlagerung auf selbstgenutzte Wohnungen infolge der Mietpreisbremse k\u00f6nnten zus\u00e4tzlich \u00d6l ins Feuer gie\u00dfen. Der Kaufrausch scheint erst mal weiter zu gehen. Doch je l\u00e4nger er dauert, umso dubioser die Spieler und verh\u00e4ngnisvoller die Angebote. F\u00fcr Zocker ist das kein Problem.<!--more--><\/p>\n<p>Inserierte Angebotsmieten neugebauter Wohnungen folgen weiterhin einem Aufw\u00e4rtstrend, der Anstieg f\u00e4llt aber erneut nur gering aus. Gegen\u00fcber dem 3. Quartal 2015 sind die Mietpreise deutschlandweit um 0,8% gestiegen, in kreisfreien St\u00e4dten um 0,5% und mit 1,0% am st\u00e4rksten in Landkreisen. Im Jahresvergleich (gg\u00fc. 4. Quartal 2014) betr\u00e4gt der deutschlandweite Anstieg 3,9%, auch in diesem Zeitraum fiel der Zuwachs in Landkreisen (+4,1%) etwas st\u00e4rker aus als in kreisfreien St\u00e4dten (+3,6%).\u00a0 Seit Beginn der Zeitreihe im 1. Quartal 2004 haben die Neubaumieten deutschlandweit um 19,9% zugelegt, in den kreisfreien St\u00e4dten um 27,6% und um 15,7% in den Landkreisen. Der Verbraucherpreisindex ist im selben Zeitraum um 18,2% gestiegen.<\/p>\n<p>Seit dem Jahr 2012 basiert der empirica-Immobilienpreisindex auf Daten der empirica-systeme GmbH,<\/p>\n<p><a href=\"https:\/\/web.archive.org\/web\/20161224080842\/http:\/\/www.empirica-institut.de:80\/thema\/regionaldatenbank\/index-immobilien-preise\/\" target=\"_blank\" rel=\"noopener\">Hier erhalten Sie weitere Informationen zum aktuellen Immobilienpreisindex f\u00fcr Deutschland.<\/a><\/p>\n<p>&nbsp;<\/p>\n<p>&nbsp;<\/p>\n","protected":false},"excerpt":{"rendered":"<p>Der aktuelle empirica-Preisindex f\u00fcr das vierte Quartal 2016 liegt vor. &#8220;Die inserierten Preise f\u00fcr Eigentumswohnungen (ETW) haben im Jahr 2015 kontinuierlich zugelegt, insgesamt um 14,5% \u2013 so viel wie noch nie innerhalb eines einzigen Jahres seit der Jahrhundertwende&#8221;, hei\u00dft es von Seiten der empirica ag. Die Kumulation aus deutscher Landflucht und ausl\u00e4ndischer Zuwanderung auf der&hellip;<\/p>\n","protected":false},"author":2,"featured_media":0,"comment_status":"closed","ping_status":"open","sticky":false,"template":"","format":"standard","meta":{"footnotes":""},"categories":[85,87],"tags":[20,14,129,9,21,91],"class_list":["post-2585","post","type-post","status-publish","format-standard","hentry","category-empirica-immobilienpreisindex","category-wohnungsmarkt","tag-angebotsmieten","tag-angebotspreisdaten","tag-immobilienmarktinformation","tag-mietpreisentwicklung","tag-preise-fuer-eigentumswohnungen","tag-top-standorte"],"yoast_head":"<!-- This site is optimized with the Yoast SEO plugin v27.5 - https:\/\/yoast.com\/product\/yoast-seo-wordpress\/ -->\n<title>empirica-Immobilien\u00adpreisindex IV\/2015 - Value AG the valuation group<\/title>\n<meta name=\"robots\" content=\"index, follow, max-snippet:-1, max-image-preview:large, max-video-preview:-1\" \/>\n<link rel=\"canonical\" href=\"https:\/\/www.value-marktdaten.de\/en\/2016\/01\/12\/empirica-immobilienpreisindex-iv2015\/\" \/>\n<meta property=\"og:locale\" content=\"en_US\" \/>\n<meta property=\"og:type\" content=\"article\" \/>\n<meta property=\"og:title\" content=\"empirica-Immobilien\u00adpreisindex IV\/2015 - Value AG the valuation group\" \/>\n<meta property=\"og:description\" content=\"Der aktuelle empirica-Preisindex f\u00fcr das vierte Quartal 2016 liegt vor. &#8220;Die inserierten Preise f\u00fcr Eigentumswohnungen (ETW) haben im Jahr 2015 kontinuierlich zugelegt, insgesamt um 14,5% \u2013 so viel wie noch nie innerhalb eines einzigen Jahres seit der Jahrhundertwende&#8221;, hei\u00dft es von Seiten der empirica ag. Die Kumulation aus deutscher Landflucht und ausl\u00e4ndischer Zuwanderung auf der&hellip;\" \/>\n<meta property=\"og:url\" content=\"https:\/\/www.value-marktdaten.de\/en\/2016\/01\/12\/empirica-immobilienpreisindex-iv2015\/\" \/>\n<meta property=\"og:site_name\" content=\"Value AG the valuation group\" \/>\n<meta property=\"article:published_time\" content=\"2016-01-12T10:18:43+00:00\" \/>\n<meta property=\"article:modified_time\" content=\"2022-12-23T08:21:22+00:00\" \/>\n<meta property=\"og:image\" content=\"https:\/\/www.value-marktdaten.de\/wp-content\/uploads\/2016\/01\/top_7_preis_und_mietentwicklung_q4_2014-e1452529615412.png\" \/>\n<meta name=\"author\" content=\"Sebastian Hein\" \/>\n<meta name=\"twitter:card\" content=\"summary_large_image\" \/>\n<meta name=\"twitter:creator\" content=\"@empiricaSysteme\" \/>\n<meta name=\"twitter:site\" content=\"@empiricaSysteme\" \/>\n<meta name=\"twitter:label1\" content=\"Written by\" \/>\n\t<meta name=\"twitter:data1\" content=\"Sebastian Hein\" \/>\n\t<meta name=\"twitter:label2\" content=\"Est. reading time\" \/>\n\t<meta name=\"twitter:data2\" content=\"1 minute\" \/>\n<script type=\"application\/ld+json\" class=\"yoast-schema-graph\">{\"@context\":\"https:\\\/\\\/schema.org\",\"@graph\":[{\"@type\":\"Article\",\"@id\":\"https:\\\/\\\/www.value-marktdaten.de\\\/en\\\/2016\\\/01\\\/12\\\/empirica-immobilienpreisindex-iv2015\\\/#article\",\"isPartOf\":{\"@id\":\"https:\\\/\\\/www.value-marktdaten.de\\\/en\\\/2016\\\/01\\\/12\\\/empirica-immobilienpreisindex-iv2015\\\/\"},\"author\":{\"name\":\"Sebastian Hein\",\"@id\":\"https:\\\/\\\/www.value-marktdaten.de\\\/en\\\/#\\\/schema\\\/person\\\/02906812716f6be89d34952959021b7a\"},\"headline\":\"empirica-Immobilien\u00adpreisindex IV\\\/2015\",\"datePublished\":\"2016-01-12T10:18:43+00:00\",\"dateModified\":\"2022-12-23T08:21:22+00:00\",\"mainEntityOfPage\":{\"@id\":\"https:\\\/\\\/www.value-marktdaten.de\\\/en\\\/2016\\\/01\\\/12\\\/empirica-immobilienpreisindex-iv2015\\\/\"},\"wordCount\":273,\"publisher\":{\"@id\":\"https:\\\/\\\/www.value-marktdaten.de\\\/en\\\/#organization\"},\"image\":{\"@id\":\"https:\\\/\\\/www.value-marktdaten.de\\\/en\\\/2016\\\/01\\\/12\\\/empirica-immobilienpreisindex-iv2015\\\/#primaryimage\"},\"thumbnailUrl\":\"https:\\\/\\\/www.value-marktdaten.de\\\/wp-content\\\/uploads\\\/2016\\\/01\\\/top_7_preis_und_mietentwicklung_q4_2014-e1452529615412.png\",\"keywords\":[\"Angebotsmieten\",\"Angebotspreisdaten\",\"Immobilienmarktinformation\",\"Mietpreisentwicklung\",\"Preise f\u00fcr Eigentumswohnungen\",\"Top-Standorte\"],\"articleSection\":[\"empirica-Immobilienpreisindex\",\"Wohnungsmarkt\"],\"inLanguage\":\"en-US\"},{\"@type\":\"WebPage\",\"@id\":\"https:\\\/\\\/www.value-marktdaten.de\\\/en\\\/2016\\\/01\\\/12\\\/empirica-immobilienpreisindex-iv2015\\\/\",\"url\":\"https:\\\/\\\/www.value-marktdaten.de\\\/en\\\/2016\\\/01\\\/12\\\/empirica-immobilienpreisindex-iv2015\\\/\",\"name\":\"empirica-Immobilien\u00adpreisindex IV\\\/2015 - Value AG the valuation group\",\"isPartOf\":{\"@id\":\"https:\\\/\\\/www.value-marktdaten.de\\\/en\\\/#website\"},\"primaryImageOfPage\":{\"@id\":\"https:\\\/\\\/www.value-marktdaten.de\\\/en\\\/2016\\\/01\\\/12\\\/empirica-immobilienpreisindex-iv2015\\\/#primaryimage\"},\"image\":{\"@id\":\"https:\\\/\\\/www.value-marktdaten.de\\\/en\\\/2016\\\/01\\\/12\\\/empirica-immobilienpreisindex-iv2015\\\/#primaryimage\"},\"thumbnailUrl\":\"https:\\\/\\\/www.value-marktdaten.de\\\/wp-content\\\/uploads\\\/2016\\\/01\\\/top_7_preis_und_mietentwicklung_q4_2014-e1452529615412.png\",\"datePublished\":\"2016-01-12T10:18:43+00:00\",\"dateModified\":\"2022-12-23T08:21:22+00:00\",\"breadcrumb\":{\"@id\":\"https:\\\/\\\/www.value-marktdaten.de\\\/en\\\/2016\\\/01\\\/12\\\/empirica-immobilienpreisindex-iv2015\\\/#breadcrumb\"},\"inLanguage\":\"en-US\",\"potentialAction\":[{\"@type\":\"ReadAction\",\"target\":[\"https:\\\/\\\/www.value-marktdaten.de\\\/en\\\/2016\\\/01\\\/12\\\/empirica-immobilienpreisindex-iv2015\\\/\"]}]},{\"@type\":\"ImageObject\",\"inLanguage\":\"en-US\",\"@id\":\"https:\\\/\\\/www.value-marktdaten.de\\\/en\\\/2016\\\/01\\\/12\\\/empirica-immobilienpreisindex-iv2015\\\/#primaryimage\",\"url\":\"https:\\\/\\\/www.value-marktdaten.de\\\/wp-content\\\/uploads\\\/2016\\\/01\\\/top_7_preis_und_mietentwicklung_q4_2014-e1452529615412.png\",\"contentUrl\":\"https:\\\/\\\/www.value-marktdaten.de\\\/wp-content\\\/uploads\\\/2016\\\/01\\\/top_7_preis_und_mietentwicklung_q4_2014-e1452529615412.png\"},{\"@type\":\"BreadcrumbList\",\"@id\":\"https:\\\/\\\/www.value-marktdaten.de\\\/en\\\/2016\\\/01\\\/12\\\/empirica-immobilienpreisindex-iv2015\\\/#breadcrumb\",\"itemListElement\":[{\"@type\":\"ListItem\",\"position\":1,\"name\":\"Startseite\",\"item\":\"https:\\\/\\\/www.value-marktdaten.de\\\/en\\\/\"},{\"@type\":\"ListItem\",\"position\":2,\"name\":\"empirica-Immobilien\u00adpreisindex IV\\\/2015\"}]},{\"@type\":\"WebSite\",\"@id\":\"https:\\\/\\\/www.value-marktdaten.de\\\/en\\\/#website\",\"url\":\"https:\\\/\\\/www.value-marktdaten.de\\\/en\\\/\",\"name\":\"Value AG the valuation group\",\"description\":\"Immobilienmarktdaten f\u00fcr Deutschland\",\"publisher\":{\"@id\":\"https:\\\/\\\/www.value-marktdaten.de\\\/en\\\/#organization\"},\"potentialAction\":[{\"@type\":\"SearchAction\",\"target\":{\"@type\":\"EntryPoint\",\"urlTemplate\":\"https:\\\/\\\/www.value-marktdaten.de\\\/en\\\/?s={search_term_string}\"},\"query-input\":{\"@type\":\"PropertyValueSpecification\",\"valueRequired\":true,\"valueName\":\"search_term_string\"}}],\"inLanguage\":\"en-US\"},{\"@type\":\"Organization\",\"@id\":\"https:\\\/\\\/www.value-marktdaten.de\\\/en\\\/#organization\",\"name\":\"Value AG the valuation group\",\"url\":\"https:\\\/\\\/www.value-marktdaten.de\\\/en\\\/\",\"logo\":{\"@type\":\"ImageObject\",\"inLanguage\":\"en-US\",\"@id\":\"https:\\\/\\\/www.value-marktdaten.de\\\/en\\\/#\\\/schema\\\/logo\\\/image\\\/\",\"url\":\"\",\"contentUrl\":\"\",\"caption\":\"Value AG the valuation group\"},\"image\":{\"@id\":\"https:\\\/\\\/www.value-marktdaten.de\\\/en\\\/#\\\/schema\\\/logo\\\/image\\\/\"},\"sameAs\":[\"https:\\\/\\\/x.com\\\/empiricaSysteme\",\"https:\\\/\\\/www.linkedin.com\\\/company\\\/empirica-systeme-gmbh\"]},{\"@type\":\"Person\",\"@id\":\"https:\\\/\\\/www.value-marktdaten.de\\\/en\\\/#\\\/schema\\\/person\\\/02906812716f6be89d34952959021b7a\",\"name\":\"Sebastian Hein\",\"image\":{\"@type\":\"ImageObject\",\"inLanguage\":\"en-US\",\"@id\":\"https:\\\/\\\/secure.gravatar.com\\\/avatar\\\/190c7e8b36fd4b4580e0d4223074c6f628e7f727dc0c703db0a1ad915ca40898?s=96&d=mm&r=g\",\"url\":\"https:\\\/\\\/secure.gravatar.com\\\/avatar\\\/190c7e8b36fd4b4580e0d4223074c6f628e7f727dc0c703db0a1ad915ca40898?s=96&d=mm&r=g\",\"contentUrl\":\"https:\\\/\\\/secure.gravatar.com\\\/avatar\\\/190c7e8b36fd4b4580e0d4223074c6f628e7f727dc0c703db0a1ad915ca40898?s=96&d=mm&r=g\",\"caption\":\"Sebastian Hein\"},\"sameAs\":[\"http:\\\/\\\/www.value-marktdaten.de\"],\"url\":\"https:\\\/\\\/www.value-marktdaten.de\\\/en\\\/author\\\/sebastian-hein\\\/\"}]}<\/script>\n<!-- \/ Yoast SEO plugin. -->","yoast_head_json":{"title":"empirica-Immobilien\u00adpreisindex IV\/2015 - Value AG the valuation group","robots":{"index":"index","follow":"follow","max-snippet":"max-snippet:-1","max-image-preview":"max-image-preview:large","max-video-preview":"max-video-preview:-1"},"canonical":"https:\/\/www.value-marktdaten.de\/en\/2016\/01\/12\/empirica-immobilienpreisindex-iv2015\/","og_locale":"en_US","og_type":"article","og_title":"empirica-Immobilien\u00adpreisindex IV\/2015 - Value AG the valuation group","og_description":"Der aktuelle empirica-Preisindex f\u00fcr das vierte Quartal 2016 liegt vor. &#8220;Die inserierten Preise f\u00fcr Eigentumswohnungen (ETW) haben im Jahr 2015 kontinuierlich zugelegt, insgesamt um 14,5% \u2013 so viel wie noch nie innerhalb eines einzigen Jahres seit der Jahrhundertwende&#8221;, hei\u00dft es von Seiten der empirica ag. Die Kumulation aus deutscher Landflucht und ausl\u00e4ndischer Zuwanderung auf der&hellip;","og_url":"https:\/\/www.value-marktdaten.de\/en\/2016\/01\/12\/empirica-immobilienpreisindex-iv2015\/","og_site_name":"Value AG the valuation group","article_published_time":"2016-01-12T10:18:43+00:00","article_modified_time":"2022-12-23T08:21:22+00:00","og_image":[{"url":"https:\/\/www.value-marktdaten.de\/wp-content\/uploads\/2016\/01\/top_7_preis_und_mietentwicklung_q4_2014-e1452529615412.png","type":"","width":"","height":""}],"author":"Sebastian Hein","twitter_card":"summary_large_image","twitter_creator":"@empiricaSysteme","twitter_site":"@empiricaSysteme","twitter_misc":{"Written by":"Sebastian Hein","Est. reading time":"1 minute"},"schema":{"@context":"https:\/\/schema.org","@graph":[{"@type":"Article","@id":"https:\/\/www.value-marktdaten.de\/en\/2016\/01\/12\/empirica-immobilienpreisindex-iv2015\/#article","isPartOf":{"@id":"https:\/\/www.value-marktdaten.de\/en\/2016\/01\/12\/empirica-immobilienpreisindex-iv2015\/"},"author":{"name":"Sebastian Hein","@id":"https:\/\/www.value-marktdaten.de\/en\/#\/schema\/person\/02906812716f6be89d34952959021b7a"},"headline":"empirica-Immobilien\u00adpreisindex IV\/2015","datePublished":"2016-01-12T10:18:43+00:00","dateModified":"2022-12-23T08:21:22+00:00","mainEntityOfPage":{"@id":"https:\/\/www.value-marktdaten.de\/en\/2016\/01\/12\/empirica-immobilienpreisindex-iv2015\/"},"wordCount":273,"publisher":{"@id":"https:\/\/www.value-marktdaten.de\/en\/#organization"},"image":{"@id":"https:\/\/www.value-marktdaten.de\/en\/2016\/01\/12\/empirica-immobilienpreisindex-iv2015\/#primaryimage"},"thumbnailUrl":"https:\/\/www.value-marktdaten.de\/wp-content\/uploads\/2016\/01\/top_7_preis_und_mietentwicklung_q4_2014-e1452529615412.png","keywords":["Angebotsmieten","Angebotspreisdaten","Immobilienmarktinformation","Mietpreisentwicklung","Preise f\u00fcr Eigentumswohnungen","Top-Standorte"],"articleSection":["empirica-Immobilienpreisindex","Wohnungsmarkt"],"inLanguage":"en-US"},{"@type":"WebPage","@id":"https:\/\/www.value-marktdaten.de\/en\/2016\/01\/12\/empirica-immobilienpreisindex-iv2015\/","url":"https:\/\/www.value-marktdaten.de\/en\/2016\/01\/12\/empirica-immobilienpreisindex-iv2015\/","name":"empirica-Immobilien\u00adpreisindex IV\/2015 - Value AG the valuation group","isPartOf":{"@id":"https:\/\/www.value-marktdaten.de\/en\/#website"},"primaryImageOfPage":{"@id":"https:\/\/www.value-marktdaten.de\/en\/2016\/01\/12\/empirica-immobilienpreisindex-iv2015\/#primaryimage"},"image":{"@id":"https:\/\/www.value-marktdaten.de\/en\/2016\/01\/12\/empirica-immobilienpreisindex-iv2015\/#primaryimage"},"thumbnailUrl":"https:\/\/www.value-marktdaten.de\/wp-content\/uploads\/2016\/01\/top_7_preis_und_mietentwicklung_q4_2014-e1452529615412.png","datePublished":"2016-01-12T10:18:43+00:00","dateModified":"2022-12-23T08:21:22+00:00","breadcrumb":{"@id":"https:\/\/www.value-marktdaten.de\/en\/2016\/01\/12\/empirica-immobilienpreisindex-iv2015\/#breadcrumb"},"inLanguage":"en-US","potentialAction":[{"@type":"ReadAction","target":["https:\/\/www.value-marktdaten.de\/en\/2016\/01\/12\/empirica-immobilienpreisindex-iv2015\/"]}]},{"@type":"ImageObject","inLanguage":"en-US","@id":"https:\/\/www.value-marktdaten.de\/en\/2016\/01\/12\/empirica-immobilienpreisindex-iv2015\/#primaryimage","url":"https:\/\/www.value-marktdaten.de\/wp-content\/uploads\/2016\/01\/top_7_preis_und_mietentwicklung_q4_2014-e1452529615412.png","contentUrl":"https:\/\/www.value-marktdaten.de\/wp-content\/uploads\/2016\/01\/top_7_preis_und_mietentwicklung_q4_2014-e1452529615412.png"},{"@type":"BreadcrumbList","@id":"https:\/\/www.value-marktdaten.de\/en\/2016\/01\/12\/empirica-immobilienpreisindex-iv2015\/#breadcrumb","itemListElement":[{"@type":"ListItem","position":1,"name":"Startseite","item":"https:\/\/www.value-marktdaten.de\/en\/"},{"@type":"ListItem","position":2,"name":"empirica-Immobilien\u00adpreisindex IV\/2015"}]},{"@type":"WebSite","@id":"https:\/\/www.value-marktdaten.de\/en\/#website","url":"https:\/\/www.value-marktdaten.de\/en\/","name":"Value AG the valuation group","description":"Immobilienmarktdaten f\u00fcr Deutschland","publisher":{"@id":"https:\/\/www.value-marktdaten.de\/en\/#organization"},"potentialAction":[{"@type":"SearchAction","target":{"@type":"EntryPoint","urlTemplate":"https:\/\/www.value-marktdaten.de\/en\/?s={search_term_string}"},"query-input":{"@type":"PropertyValueSpecification","valueRequired":true,"valueName":"search_term_string"}}],"inLanguage":"en-US"},{"@type":"Organization","@id":"https:\/\/www.value-marktdaten.de\/en\/#organization","name":"Value AG the valuation group","url":"https:\/\/www.value-marktdaten.de\/en\/","logo":{"@type":"ImageObject","inLanguage":"en-US","@id":"https:\/\/www.value-marktdaten.de\/en\/#\/schema\/logo\/image\/","url":"","contentUrl":"","caption":"Value AG the valuation group"},"image":{"@id":"https:\/\/www.value-marktdaten.de\/en\/#\/schema\/logo\/image\/"},"sameAs":["https:\/\/x.com\/empiricaSysteme","https:\/\/www.linkedin.com\/company\/empirica-systeme-gmbh"]},{"@type":"Person","@id":"https:\/\/www.value-marktdaten.de\/en\/#\/schema\/person\/02906812716f6be89d34952959021b7a","name":"Sebastian Hein","image":{"@type":"ImageObject","inLanguage":"en-US","@id":"https:\/\/secure.gravatar.com\/avatar\/190c7e8b36fd4b4580e0d4223074c6f628e7f727dc0c703db0a1ad915ca40898?s=96&d=mm&r=g","url":"https:\/\/secure.gravatar.com\/avatar\/190c7e8b36fd4b4580e0d4223074c6f628e7f727dc0c703db0a1ad915ca40898?s=96&d=mm&r=g","contentUrl":"https:\/\/secure.gravatar.com\/avatar\/190c7e8b36fd4b4580e0d4223074c6f628e7f727dc0c703db0a1ad915ca40898?s=96&d=mm&r=g","caption":"Sebastian Hein"},"sameAs":["http:\/\/www.value-marktdaten.de"],"url":"https:\/\/www.value-marktdaten.de\/en\/author\/sebastian-hein\/"}]}},"_links":{"self":[{"href":"https:\/\/www.value-marktdaten.de\/en\/wp-json\/wp\/v2\/posts\/2585","targetHints":{"allow":["GET"]}}],"collection":[{"href":"https:\/\/www.value-marktdaten.de\/en\/wp-json\/wp\/v2\/posts"}],"about":[{"href":"https:\/\/www.value-marktdaten.de\/en\/wp-json\/wp\/v2\/types\/post"}],"author":[{"embeddable":true,"href":"https:\/\/www.value-marktdaten.de\/en\/wp-json\/wp\/v2\/users\/2"}],"replies":[{"embeddable":true,"href":"https:\/\/www.value-marktdaten.de\/en\/wp-json\/wp\/v2\/comments?post=2585"}],"version-history":[{"count":8,"href":"https:\/\/www.value-marktdaten.de\/en\/wp-json\/wp\/v2\/posts\/2585\/revisions"}],"predecessor-version":[{"id":61106,"href":"https:\/\/www.value-marktdaten.de\/en\/wp-json\/wp\/v2\/posts\/2585\/revisions\/61106"}],"wp:attachment":[{"href":"https:\/\/www.value-marktdaten.de\/en\/wp-json\/wp\/v2\/media?parent=2585"}],"wp:term":[{"taxonomy":"category","embeddable":true,"href":"https:\/\/www.value-marktdaten.de\/en\/wp-json\/wp\/v2\/categories?post=2585"},{"taxonomy":"post_tag","embeddable":true,"href":"https:\/\/www.value-marktdaten.de\/en\/wp-json\/wp\/v2\/tags?post=2585"}],"curies":[{"name":"wp","href":"https:\/\/api.w.org\/{rel}","templated":true}]}}